{"id":58658,"date":"2023-07-04T09:30:13","date_gmt":"2023-07-04T14:30:13","guid":{"rendered":"https:\/\/l21.mx\/?p=58658"},"modified":"2023-08-17T09:31:15","modified_gmt":"2023-08-17T14:31:15","slug":"deportistas-quintanarroenses-del-cedar-chetumal-concluyen-ciclo-escolar-2022-23-2","status":"publish","type":"post","link":"https:\/\/l21.mx\/?p=58658","title":{"rendered":"Deportistas quintanarroenses del CEDAR Chetumal concluyen Ciclo Escolar 2022-23"},"content":{"rendered":"<p>&nbsp;<\/p>\n<p>&#8211; Adem\u00e1s de destacar en los deportes tambi\u00e9n mantienen un fuerte compromiso con su educaci\u00f3n<\/p>\n<p><a href=\"https:\/\/l21.mx\/wp-content\/uploads\/2023\/07\/1b.jpg\" data-rel=\"penci-gallery-image-content\" ><img fetchpriority=\"high\" decoding=\"async\" class=\"alignnone size-medium wp-image-60504\" src=\"https:\/\/l21.mx\/wp-content\/uploads\/2023\/07\/1b-300x225.jpg\" alt=\"\" width=\"300\" height=\"225\" srcset=\"https:\/\/l21.mx\/wp-content\/uploads\/2023\/07\/1b-300x225.jpg 300w, https:\/\/l21.mx\/wp-content\/uploads\/2023\/07\/1b-1024x768.jpg 1024w, https:\/\/l21.mx\/wp-content\/uploads\/2023\/07\/1b-768x576.jpg 768w, https:\/\/l21.mx\/wp-content\/uploads\/2023\/07\/1b-1200x900.jpg 1200w, https:\/\/l21.mx\/wp-content\/uploads\/2023\/07\/1b-1170x878.jpg 1170w, https:\/\/l21.mx\/wp-content\/uploads\/2023\/07\/1b-585x439.jpg 585w, https:\/\/l21.mx\/wp-content\/uploads\/2023\/07\/1b.jpg 1280w\" sizes=\"(max-width: 300px) 100vw, 300px\" \/><\/a><\/p>\n<p>En una emotiva ceremonia realizada en el Sal\u00f3n \u201cYuri Knorosov\u201d de la Universidad Aut\u00f3noma de Quintana Roo (UAQRoo), se realiz\u00f3 la clausura del Ciclo Escolar 2022-2023, donde las y los deportistas pertenecientes al Centro Estatal Deportivo de Alto Rendimiento (CEDAR) de Chetumal recibieron sus documentos, al graduarse de la escuela secundaria.<\/p>\n<p>\u201cPara esta administraci\u00f3n que encabeza nuestra gobernadora Mara Lezama Espinosa, la educaci\u00f3n es muy importante para la ni\u00f1ez y la juventud quintanarroense, por eso, es gratificante decir que nuestras y nuestros atletas cumplieron con \u00e9xito un ciclo escolar m\u00e1s\u201d, coment\u00f3 Erik Rojas Serrano, director de Promoci\u00f3n y Desarrollo del Deporte de la Comisi\u00f3n para la Juventud y el Deporte de Quintana Roo (COJUDEQ), quien asisti\u00f3 en representaci\u00f3n del presidente Eric Arcila Arjona.<\/p>\n<p>Fueron un total de ocho alumnos los que concluyeron con \u00e9xito la educaci\u00f3n secundaria: Romeo Flores Nicol\u00e1s, originario del municipio de Tulum e integrante de la disciplina de atletismo; Elder Flores Espinoza, de canotaje y oriundo de Oth\u00f3n P. Blanco; adem\u00e1s de Darly Marely Canto Coll\u00ed y Valeria Pool Ram\u00edrez, ambas de levantamiento de pesas y originarias de Jos\u00e9 Mar\u00eda Morelos.<\/p>\n<p><a href=\"https:\/\/l21.mx\/wp-content\/uploads\/2023\/07\/1d.jpg\" data-rel=\"penci-gallery-image-content\" ><img decoding=\"async\" class=\"alignnone size-medium wp-image-60502\" src=\"https:\/\/l21.mx\/wp-content\/uploads\/2023\/07\/1d-225x300.jpg\" alt=\"\" width=\"225\" height=\"300\" srcset=\"https:\/\/l21.mx\/wp-content\/uploads\/2023\/07\/1d-225x300.jpg 225w, https:\/\/l21.mx\/wp-content\/uploads\/2023\/07\/1d-768x1024.jpg 768w, https:\/\/l21.mx\/wp-content\/uploads\/2023\/07\/1d-675x900.jpg 675w, https:\/\/l21.mx\/wp-content\/uploads\/2023\/07\/1d-585x780.jpg 585w, https:\/\/l21.mx\/wp-content\/uploads\/2023\/07\/1d.jpg 960w\" sizes=\"(max-width: 225px) 100vw, 225px\" \/><\/a><\/p>\n<p>Tambi\u00e9n se graduaron Jos\u00e9 Armando de la Cruz P\u00e9rez, de Cozumel y que practica halterofilia; as\u00ed como Jos\u00e9 Adri\u00e1n Chan Canul, atleta de Felipe Carrillo Puerto en luchas asociadas; Miguel \u00c1ngel Aceves Sesna, de Oth\u00f3n P. Blanco de remo; y Soledad Silvan Montejo, tambi\u00e9n de la disciplina de remo y originaria de la comunidad de Pioneros del R\u00edo, en la zona lim\u00edtrofe con el estado de Campeche.<\/p>\n<p>En esta misma ceremonia se hizo entrega de los reconocimientos a los mejores promedios, tanto de educaci\u00f3n primaria como secundaria y fueron: Yetzirah Ara Salas, con promedio de 8.6 en quinto a\u00f1o de primaria; Daniel Hern\u00e1ndez Escobar, 9.8 en primer grado de secundaria; Vyolet Castro Alonzo con 9.7, tambi\u00e9n en primer grado de secundaria.<\/p>\n<p>Otros reconocimientos fueron para Darwin Arias Torres, promedio de 9.9 en segundo de secundaria; Sol Cob\u00e1 May, 9.8 en segundo de secundaria tambi\u00e9n; adem\u00e1s de Valeria Pool Ram\u00edrez con 9.8 y Soledad Silv\u00e1n con promedio de 9.5, ambas de tercer grado de secundaria.<\/p>\n<p><a href=\"https:\/\/l21.mx\/wp-content\/uploads\/2023\/07\/1c.jpg\" data-rel=\"penci-gallery-image-content\" ><img decoding=\"async\" class=\"alignnone size-medium wp-image-60501\" src=\"https:\/\/l21.mx\/wp-content\/uploads\/2023\/07\/1c-300x225.jpg\" alt=\"\" width=\"300\" height=\"225\" srcset=\"https:\/\/l21.mx\/wp-content\/uploads\/2023\/07\/1c-300x225.jpg 300w, https:\/\/l21.mx\/wp-content\/uploads\/2023\/07\/1c-1024x768.jpg 1024w, https:\/\/l21.mx\/wp-content\/uploads\/2023\/07\/1c-768x576.jpg 768w, https:\/\/l21.mx\/wp-content\/uploads\/2023\/07\/1c-1200x900.jpg 1200w, https:\/\/l21.mx\/wp-content\/uploads\/2023\/07\/1c-1170x878.jpg 1170w, https:\/\/l21.mx\/wp-content\/uploads\/2023\/07\/1c-585x439.jpg 585w, https:\/\/l21.mx\/wp-content\/uploads\/2023\/07\/1c.jpg 1280w\" sizes=\"(max-width: 300px) 100vw, 300px\" \/><\/a><\/p>\n<p>\u201cA nombre de nuestro presidente Eric Arcila Arjona, quiero felicitarles por este importante logro que ustedes han conseguido con todo su esfuerzo y dedicaci\u00f3n. Adem\u00e1s de ser unos extraordinarios atletas que le han dado grandes satisfacciones a nuestro estado, han sabido cumplir tambi\u00e9n su deber en las aulas y lo han hecho de gran manera, son un orgullo para todos nosotros\u201d, coment\u00f3 Rojas Serrano.<\/p>\n<p>Tambi\u00e9n estuvieron presentes Jos\u00e9 Luis Mart\u00edn Lavadores Montero, subsecretario de Educaci\u00f3n B\u00e1sica, en representaci\u00f3n de Carlos Manuel Gorocica Moreno, secretario de Educaci\u00f3n en el Estado; as\u00ed como Teresita Caba\u00f1as Orteg\u00f3n, supervisora escolar de la Zona 001, Escuelas Secundarias Generales, y Jorge Rodr\u00edguez M\u00e9ndez, jefe del departamento del CEDAR Chetumal.<\/p>\n","protected":false},"excerpt":{"rendered":"<p>&nbsp; &#8211; Adem\u00e1s de destacar en los deportes tambi\u00e9n mantienen un fuerte compromiso con su educaci\u00f3n&hellip;<\/p>\n","protected":false},"author":100,"featured_media":60503,"comment_status":"closed","ping_status":"closed","sticky":false,"template":"","format":"standard","meta":{"_acf_changed":false,"_lmt_disableupdate":"","_lmt_disable":"","_mbp_gutenberg_autopost":false,"footnotes":""},"categories":[1689],"tags":[],"class_list":["post-58658","post","type-post","status-publish","format-standard","has-post-thumbnail","hentry","category-deporte-y-salud"],"acf":[],"_links":{"self":[{"href":"https:\/\/l21.mx\/index.php?rest_route=\/wp\/v2\/posts\/58658","targetHints":{"allow":["GET"]}}],"collection":[{"href":"https:\/\/l21.mx\/index.php?rest_route=\/wp\/v2\/posts"}],"about":[{"href":"https:\/\/l21.mx\/index.php?rest_route=\/wp\/v2\/types\/post"}],"author":[{"embeddable":true,"href":"https:\/\/l21.mx\/index.php?rest_route=\/wp\/v2\/users\/100"}],"replies":[{"embeddable":true,"href":"https:\/\/l21.mx\/index.php?rest_route=%2Fwp%2Fv2%2Fcomments&post=58658"}],"version-history":[{"count":0,"href":"https:\/\/l21.mx\/index.php?rest_route=\/wp\/v2\/posts\/58658\/revisions"}],"wp:featuredmedia":[{"embeddable":true,"href":"https:\/\/l21.mx\/index.php?rest_route=\/wp\/v2\/media\/60503"}],"wp:attachment":[{"href":"https:\/\/l21.mx\/index.php?rest_route=%2Fwp%2Fv2%2Fmedia&parent=58658"}],"wp:term":[{"taxonomy":"category","embeddable":true,"href":"https:\/\/l21.mx\/index.php?rest_route=%2Fwp%2Fv2%2Fcategories&post=58658"},{"taxonomy":"post_tag","embeddable":true,"href":"https:\/\/l21.mx\/index.php?rest_route=%2Fwp%2Fv2%2Ftags&post=58658"}],"curies":[{"name":"wp","href":"https:\/\/api.w.org\/{rel}","templated":true}]}}