{"id":58695,"date":"2023-07-05T21:41:34","date_gmt":"2023-07-06T02:41:34","guid":{"rendered":"https:\/\/l21.mx\/?p=58695"},"modified":"2023-07-05T21:41:34","modified_gmt":"2023-07-06T02:41:34","slug":"primera-guarderia-para-hijos-de-policias-de-quintana-roo-se-construye-en-solidaridad","status":"publish","type":"post","link":"https:\/\/l21.mx\/?p=58695","title":{"rendered":"Primera guarder\u00eda para hijos de polic\u00edas de Quintana Roo se construye en Solidaridad"},"content":{"rendered":"<p>&nbsp;<\/p>\n<p>\u2022 La presidenta Lili Campos atiende una demanda sentida de los elementos de la corporaci\u00f3n, que les brinda confianza y seguridad en el cuidado de sus hijos<\/p>\n<p><a href=\"https:\/\/l21.mx\/wp-content\/uploads\/2023\/07\/WhatsApp-Image-2023-07-05-at-15.34.02.jpeg\" data-rel=\"penci-gallery-image-content\" ><img fetchpriority=\"high\" decoding=\"async\" class=\"alignnone size-medium wp-image-58697\" src=\"https:\/\/l21.mx\/wp-content\/uploads\/2023\/07\/WhatsApp-Image-2023-07-05-at-15.34.02-300x200.jpeg\" alt=\"\" width=\"300\" height=\"200\" srcset=\"https:\/\/l21.mx\/wp-content\/uploads\/2023\/07\/WhatsApp-Image-2023-07-05-at-15.34.02-300x200.jpeg 300w, https:\/\/l21.mx\/wp-content\/uploads\/2023\/07\/WhatsApp-Image-2023-07-05-at-15.34.02-1024x683.jpeg 1024w, https:\/\/l21.mx\/wp-content\/uploads\/2023\/07\/WhatsApp-Image-2023-07-05-at-15.34.02-768x512.jpeg 768w, https:\/\/l21.mx\/wp-content\/uploads\/2023\/07\/WhatsApp-Image-2023-07-05-at-15.34.02-585x390.jpeg 585w, https:\/\/l21.mx\/wp-content\/uploads\/2023\/07\/WhatsApp-Image-2023-07-05-at-15.34.02-263x175.jpeg 263w, https:\/\/l21.mx\/wp-content\/uploads\/2023\/07\/WhatsApp-Image-2023-07-05-at-15.34.02.jpeg 1086w\" sizes=\"(max-width: 300px) 100vw, 300px\" \/><\/a><\/p>\n<p>Playa del Carmen, Solidaridad, 5 de julio de 2023.- \u201cSoy madre de una ni\u00f1a a quien ahora tendr\u00e9 cerca y ver\u00e9 crecer en el mismo lugar donde yo crezco profesionalmente. Gracias porque voy a seguir siendo polic\u00eda sin tener que preocuparme por d\u00f3nde dejar a mi beb\u00e9\u201d, expres\u00f3 emotivamente Regina Guadalupe Sol\u00eds elemento de la Secretar\u00eda de Seguridad P\u00fablica y Tr\u00e1nsito Municipal quien atestiguo el inicio de obra la estancia infantil.<\/p>\n<p>La presidenta Lili Campos enfatiz\u00f3 que hay hombres y mujeres polic\u00edas comprometidos con su gente, \u201ces por eso que hoy estamos escribiendo una parte muy importante en la historia de Solidaridad con la construcci\u00f3n de esta guarder\u00eda municipal, porque mam\u00e1s y pap\u00e1s tienen esa necesidad de saber en d\u00f3nde dejar a sus hijos, as\u00ed que parte de la dignificaci\u00f3n de nuestra corporaci\u00f3n es que tengan su guarder\u00eda propia\u201d.<\/p>\n<p>En su mensaje, Ra\u00fal Alberto Tassinari Gonz\u00e1lez, secretario de Seguridad P\u00fablica y Tr\u00e1nsito Municipal, dijo que desde que la presidenta dio a conocer esta obra, los elementos han hablado de ello, porque significa la soluci\u00f3n a un a\u00f1ejo problema del cual no ve\u00edan salida, y la \u00fanica respuesta era dejar su trabajo para cuidar a sus hijos.<\/p>\n<p><a href=\"https:\/\/l21.mx\/wp-content\/uploads\/2023\/07\/WhatsApp-Image-2023-07-05-at-15.34.06.jpeg\" data-rel=\"penci-gallery-image-content\" ><img decoding=\"async\" class=\"alignnone size-medium wp-image-58699\" src=\"https:\/\/l21.mx\/wp-content\/uploads\/2023\/07\/WhatsApp-Image-2023-07-05-at-15.34.06-300x200.jpeg\" alt=\"\" width=\"300\" height=\"200\" srcset=\"https:\/\/l21.mx\/wp-content\/uploads\/2023\/07\/WhatsApp-Image-2023-07-05-at-15.34.06-300x200.jpeg 300w, https:\/\/l21.mx\/wp-content\/uploads\/2023\/07\/WhatsApp-Image-2023-07-05-at-15.34.06-1024x682.jpeg 1024w, https:\/\/l21.mx\/wp-content\/uploads\/2023\/07\/WhatsApp-Image-2023-07-05-at-15.34.06-768x512.jpeg 768w, https:\/\/l21.mx\/wp-content\/uploads\/2023\/07\/WhatsApp-Image-2023-07-05-at-15.34.06-1200x800.jpeg 1200w, https:\/\/l21.mx\/wp-content\/uploads\/2023\/07\/WhatsApp-Image-2023-07-05-at-15.34.06-1170x780.jpeg 1170w, https:\/\/l21.mx\/wp-content\/uploads\/2023\/07\/WhatsApp-Image-2023-07-05-at-15.34.06-585x390.jpeg 585w, https:\/\/l21.mx\/wp-content\/uploads\/2023\/07\/WhatsApp-Image-2023-07-05-at-15.34.06-263x175.jpeg 263w, https:\/\/l21.mx\/wp-content\/uploads\/2023\/07\/WhatsApp-Image-2023-07-05-at-15.34.06.jpeg 1280w\" sizes=\"(max-width: 300px) 100vw, 300px\" \/><\/a><\/p>\n<p>\u201cEs un privilegio ser parte de la creaci\u00f3n de la primera guarder\u00eda de la Secretar\u00eda de Seguridad P\u00fablica y Tr\u00e1nsito Municipal y del Estado de Quintana Roo. Esta primera piedra tiene un sentido muy especial porque es para cuidar y proteger lo que es m\u00e1s valioso para nosotros, que son nuestras hijas e hijos\u201d.<\/p>\n<p>Fabi\u00e1n Herrera Quiam, subsecretario de Infraestructura y Obras P\u00fablicas, detall\u00f3 que esta estancia, \u201cva a contar con salones para los menores, as\u00ed como todos los espacios necesarios, un patio central con juegos infantiles para que ellos puedan disfrutar; adem\u00e1s, para su operatividad contar\u00e1 con bardas perimetrales y la estancia infantil pueda tener todas las garant\u00edas de seguridad para las y los ni\u00f1os\u201d.<\/p>\n<p><a href=\"https:\/\/l21.mx\/wp-content\/uploads\/2023\/07\/WhatsApp-Image-2023-07-05-at-15.34.04.jpeg\" data-rel=\"penci-gallery-image-content\" ><img decoding=\"async\" class=\"alignnone size-medium wp-image-58698\" src=\"https:\/\/l21.mx\/wp-content\/uploads\/2023\/07\/WhatsApp-Image-2023-07-05-at-15.34.04-300x200.jpeg\" alt=\"\" width=\"300\" height=\"200\" srcset=\"https:\/\/l21.mx\/wp-content\/uploads\/2023\/07\/WhatsApp-Image-2023-07-05-at-15.34.04-300x200.jpeg 300w, https:\/\/l21.mx\/wp-content\/uploads\/2023\/07\/WhatsApp-Image-2023-07-05-at-15.34.04-1024x683.jpeg 1024w, https:\/\/l21.mx\/wp-content\/uploads\/2023\/07\/WhatsApp-Image-2023-07-05-at-15.34.04-768x512.jpeg 768w, https:\/\/l21.mx\/wp-content\/uploads\/2023\/07\/WhatsApp-Image-2023-07-05-at-15.34.04-585x390.jpeg 585w, https:\/\/l21.mx\/wp-content\/uploads\/2023\/07\/WhatsApp-Image-2023-07-05-at-15.34.04-263x175.jpeg 263w, https:\/\/l21.mx\/wp-content\/uploads\/2023\/07\/WhatsApp-Image-2023-07-05-at-15.34.04.jpeg 1086w\" sizes=\"(max-width: 300px) 100vw, 300px\" \/><\/a><\/p>\n","protected":false},"excerpt":{"rendered":"<p>&nbsp; \u2022 La presidenta Lili Campos atiende una demanda sentida de los elementos de la corporaci\u00f3n,&hellip;<\/p>\n","protected":false},"author":100,"featured_media":58696,"comment_status":"closed","ping_status":"closed","sticky":false,"template":"","format":"standard","meta":{"_acf_changed":false,"_lmt_disableupdate":"","_lmt_disable":"","_mbp_gutenberg_autopost":false,"footnotes":""},"categories":[1654],"tags":[],"class_list":["post-58695","post","type-post","status-publish","format-standard","has-post-thumbnail","hentry","category-solidaridad"],"acf":[],"yoast_head":"<!-- This site is optimized with the Yoast SEO plugin v27.3 - https:\/\/yoast.com\/product\/yoast-seo-wordpress\/ -->\n<title>Primera guarder\u00eda para hijos de polic\u00edas de Quintana Roo se construye en Solidaridad | Revista Latitud 21<\/title>\n<meta name=\"description\" content=\"L21, Emprendedores y Negocios en el Caribe Mexicano, es la revista l\u00edder entre el Sector Empresarial y Tur\u00edstico del Caribe Mexicano.\" \/>\n<meta name=\"robots\" content=\"index, follow, max-snippet:-1, max-image-preview:large, max-video-preview:-1\" \/>\n<link rel=\"canonical\" href=\"https:\/\/l21.mx\/?p=58695\" \/>\n<meta name=\"twitter:card\" content=\"summary_large_image\" \/>\n<meta name=\"twitter:title\" content=\"Primera guarder\u00eda para hijos de polic\u00edas de Quintana Roo se construye en Solidaridad | Revista Latitud 21\" \/>\n<meta name=\"twitter:description\" content=\"L21, Emprendedores y Negocios en el Caribe Mexicano, es la revista l\u00edder entre el Sector Empresarial y Tur\u00edstico del Caribe Mexicano.\" \/>\n<meta name=\"twitter:image\" content=\"https:\/\/l21.mx\/wp-content\/uploads\/2023\/07\/WhatsApp-Image-2023-07-05-at-15.34.02-1.jpeg\" \/>\n<meta name=\"twitter:creator\" content=\"@Latitud21mx\" \/>\n<meta name=\"twitter:site\" content=\"@Latitud21mx\" \/>\n<meta name=\"twitter:label1\" content=\"Escrito por\" \/>\n\t<meta name=\"twitter:data1\" content=\"NellyG\" \/>\n\t<meta name=\"twitter:label2\" content=\"Tiempo de lectura\" \/>\n\t<meta name=\"twitter:data2\" content=\"3 minutos\" \/>\n<script type=\"application\/ld+json\" class=\"yoast-schema-graph\">{\"@context\":\"https:\\\/\\\/schema.org\",\"@graph\":[{\"@type\":\"Article\",\"@id\":\"https:\\\/\\\/l21.mx\\\/?p=58695#article\",\"isPartOf\":{\"@id\":\"https:\\\/\\\/l21.mx\\\/?p=58695\"},\"author\":{\"name\":\"NellyG\",\"@id\":\"https:\\\/\\\/l21.mx\\\/#\\\/schema\\\/person\\\/cca68595b80b2f6c4c55a8b254bfbb2a\"},\"headline\":\"Primera guarder\u00eda para hijos de polic\u00edas de Quintana Roo se construye en Solidaridad\",\"datePublished\":\"2023-07-06T02:41:34+00:00\",\"mainEntityOfPage\":{\"@id\":\"https:\\\/\\\/l21.mx\\\/?p=58695\"},\"wordCount\":388,\"publisher\":{\"@id\":\"https:\\\/\\\/l21.mx\\\/#organization\"},\"image\":{\"@id\":\"https:\\\/\\\/l21.mx\\\/?p=58695#primaryimage\"},\"thumbnailUrl\":\"https:\\\/\\\/l21.mx\\\/wp-content\\\/uploads\\\/2023\\\/07\\\/WhatsApp-Image-2023-07-05-at-15.34.02-1.jpeg\",\"articleSection\":[\"solidaridad\"],\"inLanguage\":\"es\"},{\"@type\":\"WebPage\",\"@id\":\"https:\\\/\\\/l21.mx\\\/?p=58695\",\"url\":\"https:\\\/\\\/l21.mx\\\/?p=58695\",\"name\":\"Primera guarder\u00eda para hijos de polic\u00edas de Quintana Roo se construye en Solidaridad | Revista Latitud 21\",\"isPartOf\":{\"@id\":\"https:\\\/\\\/l21.mx\\\/#website\"},\"primaryImageOfPage\":{\"@id\":\"https:\\\/\\\/l21.mx\\\/?p=58695#primaryimage\"},\"image\":{\"@id\":\"https:\\\/\\\/l21.mx\\\/?p=58695#primaryimage\"},\"thumbnailUrl\":\"https:\\\/\\\/l21.mx\\\/wp-content\\\/uploads\\\/2023\\\/07\\\/WhatsApp-Image-2023-07-05-at-15.34.02-1.jpeg\",\"datePublished\":\"2023-07-06T02:41:34+00:00\",\"description\":\"L21, Emprendedores y Negocios en el Caribe Mexicano, es la revista l\u00edder entre el Sector Empresarial y Tur\u00edstico del Caribe Mexicano.\",\"breadcrumb\":{\"@id\":\"https:\\\/\\\/l21.mx\\\/?p=58695#breadcrumb\"},\"inLanguage\":\"es\",\"potentialAction\":[{\"@type\":\"ReadAction\",\"target\":[\"https:\\\/\\\/l21.mx\\\/?p=58695\"]}]},{\"@type\":\"ImageObject\",\"inLanguage\":\"es\",\"@id\":\"https:\\\/\\\/l21.mx\\\/?p=58695#primaryimage\",\"url\":\"https:\\\/\\\/l21.mx\\\/wp-content\\\/uploads\\\/2023\\\/07\\\/WhatsApp-Image-2023-07-05-at-15.34.02-1.jpeg\",\"contentUrl\":\"https:\\\/\\\/l21.mx\\\/wp-content\\\/uploads\\\/2023\\\/07\\\/WhatsApp-Image-2023-07-05-at-15.34.02-1.jpeg\",\"width\":1086,\"height\":724},{\"@type\":\"BreadcrumbList\",\"@id\":\"https:\\\/\\\/l21.mx\\\/?p=58695#breadcrumb\",\"itemListElement\":[{\"@type\":\"ListItem\",\"position\":1,\"name\":\"Portada\",\"item\":\"https:\\\/\\\/l21.mx\\\/\"},{\"@type\":\"ListItem\",\"position\":2,\"name\":\"Primera guarder\u00eda para hijos de polic\u00edas de Quintana Roo se construye en Solidaridad\"}]},{\"@type\":\"WebSite\",\"@id\":\"https:\\\/\\\/l21.mx\\\/#website\",\"url\":\"https:\\\/\\\/l21.mx\\\/\",\"name\":\"Revista Latitud 21\",\"description\":\"Emprendedores  y negocios en el Caribe Mexicano\",\"publisher\":{\"@id\":\"https:\\\/\\\/l21.mx\\\/#organization\"},\"potentialAction\":[{\"@type\":\"SearchAction\",\"target\":{\"@type\":\"EntryPoint\",\"urlTemplate\":\"https:\\\/\\\/l21.mx\\\/?s={search_term_string}\"},\"query-input\":{\"@type\":\"PropertyValueSpecification\",\"valueRequired\":true,\"valueName\":\"search_term_string\"}}],\"inLanguage\":\"es\"},{\"@type\":\"Organization\",\"@id\":\"https:\\\/\\\/l21.mx\\\/#organization\",\"name\":\"Grupo Editorial Latitud 21 SA de CV\",\"url\":\"https:\\\/\\\/l21.mx\\\/\",\"logo\":{\"@type\":\"ImageObject\",\"inLanguage\":\"es\",\"@id\":\"https:\\\/\\\/l21.mx\\\/#\\\/schema\\\/logo\\\/image\\\/\",\"url\":\"https:\\\/\\\/l21.mx\\\/wp-content\\\/uploads\\\/2020\\\/10\\\/logo-l21-baja.jpg\",\"contentUrl\":\"https:\\\/\\\/l21.mx\\\/wp-content\\\/uploads\\\/2020\\\/10\\\/logo-l21-baja.jpg\",\"width\":250,\"height\":250,\"caption\":\"Grupo Editorial Latitud 21 SA de CV\"},\"image\":{\"@id\":\"https:\\\/\\\/l21.mx\\\/#\\\/schema\\\/logo\\\/image\\\/\"},\"sameAs\":[\"https:\\\/\\\/www.facebook.com\\\/RevistaLatitud21\\\/\",\"https:\\\/\\\/x.com\\\/Latitud21mx\"]},{\"@type\":\"Person\",\"@id\":\"https:\\\/\\\/l21.mx\\\/#\\\/schema\\\/person\\\/cca68595b80b2f6c4c55a8b254bfbb2a\",\"name\":\"NellyG\",\"url\":\"https:\\\/\\\/l21.mx\\\/?author=100\"}]}<\/script>\n<!-- \/ Yoast SEO plugin. -->","yoast_head_json":{"title":"Primera guarder\u00eda para hijos de polic\u00edas de Quintana Roo se construye en Solidaridad | Revista Latitud 21","description":"L21, Emprendedores y Negocios en el Caribe Mexicano, es la revista l\u00edder entre el Sector Empresarial y Tur\u00edstico del Caribe Mexicano.","robots":{"index":"index","follow":"follow","max-snippet":"max-snippet:-1","max-image-preview":"max-image-preview:large","max-video-preview":"max-video-preview:-1"},"canonical":"https:\/\/l21.mx\/?p=58695","twitter_card":"summary_large_image","twitter_title":"Primera guarder\u00eda para hijos de polic\u00edas de Quintana Roo se construye en Solidaridad | Revista Latitud 21","twitter_description":"L21, Emprendedores y Negocios en el Caribe Mexicano, es la revista l\u00edder entre el Sector Empresarial y Tur\u00edstico del Caribe Mexicano.","twitter_image":"https:\/\/l21.mx\/wp-content\/uploads\/2023\/07\/WhatsApp-Image-2023-07-05-at-15.34.02-1.jpeg","twitter_creator":"@Latitud21mx","twitter_site":"@Latitud21mx","twitter_misc":{"Escrito por":"NellyG","Tiempo de lectura":"3 minutos"},"schema":{"@context":"https:\/\/schema.org","@graph":[{"@type":"Article","@id":"https:\/\/l21.mx\/?p=58695#article","isPartOf":{"@id":"https:\/\/l21.mx\/?p=58695"},"author":{"name":"NellyG","@id":"https:\/\/l21.mx\/#\/schema\/person\/cca68595b80b2f6c4c55a8b254bfbb2a"},"headline":"Primera guarder\u00eda para hijos de polic\u00edas de Quintana Roo se construye en Solidaridad","datePublished":"2023-07-06T02:41:34+00:00","mainEntityOfPage":{"@id":"https:\/\/l21.mx\/?p=58695"},"wordCount":388,"publisher":{"@id":"https:\/\/l21.mx\/#organization"},"image":{"@id":"https:\/\/l21.mx\/?p=58695#primaryimage"},"thumbnailUrl":"https:\/\/l21.mx\/wp-content\/uploads\/2023\/07\/WhatsApp-Image-2023-07-05-at-15.34.02-1.jpeg","articleSection":["solidaridad"],"inLanguage":"es"},{"@type":"WebPage","@id":"https:\/\/l21.mx\/?p=58695","url":"https:\/\/l21.mx\/?p=58695","name":"Primera guarder\u00eda para hijos de polic\u00edas de Quintana Roo se construye en Solidaridad | Revista Latitud 21","isPartOf":{"@id":"https:\/\/l21.mx\/#website"},"primaryImageOfPage":{"@id":"https:\/\/l21.mx\/?p=58695#primaryimage"},"image":{"@id":"https:\/\/l21.mx\/?p=58695#primaryimage"},"thumbnailUrl":"https:\/\/l21.mx\/wp-content\/uploads\/2023\/07\/WhatsApp-Image-2023-07-05-at-15.34.02-1.jpeg","datePublished":"2023-07-06T02:41:34+00:00","description":"L21, Emprendedores y Negocios en el Caribe Mexicano, es la revista l\u00edder entre el Sector Empresarial y Tur\u00edstico del Caribe Mexicano.","breadcrumb":{"@id":"https:\/\/l21.mx\/?p=58695#breadcrumb"},"inLanguage":"es","potentialAction":[{"@type":"ReadAction","target":["https:\/\/l21.mx\/?p=58695"]}]},{"@type":"ImageObject","inLanguage":"es","@id":"https:\/\/l21.mx\/?p=58695#primaryimage","url":"https:\/\/l21.mx\/wp-content\/uploads\/2023\/07\/WhatsApp-Image-2023-07-05-at-15.34.02-1.jpeg","contentUrl":"https:\/\/l21.mx\/wp-content\/uploads\/2023\/07\/WhatsApp-Image-2023-07-05-at-15.34.02-1.jpeg","width":1086,"height":724},{"@type":"BreadcrumbList","@id":"https:\/\/l21.mx\/?p=58695#breadcrumb","itemListElement":[{"@type":"ListItem","position":1,"name":"Portada","item":"https:\/\/l21.mx\/"},{"@type":"ListItem","position":2,"name":"Primera guarder\u00eda para hijos de polic\u00edas de Quintana Roo se construye en Solidaridad"}]},{"@type":"WebSite","@id":"https:\/\/l21.mx\/#website","url":"https:\/\/l21.mx\/","name":"Revista Latitud 21","description":"Emprendedores  y negocios en el Caribe Mexicano","publisher":{"@id":"https:\/\/l21.mx\/#organization"},"potentialAction":[{"@type":"SearchAction","target":{"@type":"EntryPoint","urlTemplate":"https:\/\/l21.mx\/?s={search_term_string}"},"query-input":{"@type":"PropertyValueSpecification","valueRequired":true,"valueName":"search_term_string"}}],"inLanguage":"es"},{"@type":"Organization","@id":"https:\/\/l21.mx\/#organization","name":"Grupo Editorial Latitud 21 SA de CV","url":"https:\/\/l21.mx\/","logo":{"@type":"ImageObject","inLanguage":"es","@id":"https:\/\/l21.mx\/#\/schema\/logo\/image\/","url":"https:\/\/l21.mx\/wp-content\/uploads\/2020\/10\/logo-l21-baja.jpg","contentUrl":"https:\/\/l21.mx\/wp-content\/uploads\/2020\/10\/logo-l21-baja.jpg","width":250,"height":250,"caption":"Grupo Editorial Latitud 21 SA de CV"},"image":{"@id":"https:\/\/l21.mx\/#\/schema\/logo\/image\/"},"sameAs":["https:\/\/www.facebook.com\/RevistaLatitud21\/","https:\/\/x.com\/Latitud21mx"]},{"@type":"Person","@id":"https:\/\/l21.mx\/#\/schema\/person\/cca68595b80b2f6c4c55a8b254bfbb2a","name":"NellyG","url":"https:\/\/l21.mx\/?author=100"}]}},"amp_enabled":true,"_links":{"self":[{"href":"https:\/\/l21.mx\/index.php?rest_route=\/wp\/v2\/posts\/58695","targetHints":{"allow":["GET"]}}],"collection":[{"href":"https:\/\/l21.mx\/index.php?rest_route=\/wp\/v2\/posts"}],"about":[{"href":"https:\/\/l21.mx\/index.php?rest_route=\/wp\/v2\/types\/post"}],"author":[{"embeddable":true,"href":"https:\/\/l21.mx\/index.php?rest_route=\/wp\/v2\/users\/100"}],"replies":[{"embeddable":true,"href":"https:\/\/l21.mx\/index.php?rest_route=%2Fwp%2Fv2%2Fcomments&post=58695"}],"version-history":[{"count":1,"href":"https:\/\/l21.mx\/index.php?rest_route=\/wp\/v2\/posts\/58695\/revisions"}],"predecessor-version":[{"id":58700,"href":"https:\/\/l21.mx\/index.php?rest_route=\/wp\/v2\/posts\/58695\/revisions\/58700"}],"wp:featuredmedia":[{"embeddable":true,"href":"https:\/\/l21.mx\/index.php?rest_route=\/wp\/v2\/media\/58696"}],"wp:attachment":[{"href":"https:\/\/l21.mx\/index.php?rest_route=%2Fwp%2Fv2%2Fmedia&parent=58695"}],"wp:term":[{"taxonomy":"category","embeddable":true,"href":"https:\/\/l21.mx\/index.php?rest_route=%2Fwp%2Fv2%2Fcategories&post=58695"},{"taxonomy":"post_tag","embeddable":true,"href":"https:\/\/l21.mx\/index.php?rest_route=%2Fwp%2Fv2%2Ftags&post=58695"}],"curies":[{"name":"wp","href":"https:\/\/api.w.org\/{rel}","templated":true}]}}