{"id":58814,"date":"2023-07-07T21:18:51","date_gmt":"2023-07-08T02:18:51","guid":{"rendered":"https:\/\/l21.mx\/?p=58814"},"modified":"2023-07-07T21:18:51","modified_gmt":"2023-07-08T02:18:51","slug":"invita-dif-solidaridad-al-verano-baxal-paal-2023","status":"publish","type":"post","link":"https:\/\/l21.mx\/?p=58814","title":{"rendered":"Invita DIF Solidaridad al Verano Baxal Paal 2023"},"content":{"rendered":"<p>&nbsp;<\/p>\n<p>\u2022 Como parte de las actividades promovidas por el Gobierno de Solidaridad encabezado por la presidenta Lili Campos para la integraci\u00f3n de la ni\u00f1ez y las familias<\/p>\n<p>&nbsp;<\/p>\n<p><a href=\"https:\/\/l21.mx\/wp-content\/uploads\/2023\/07\/WhatsApp-Image-2023-07-07-at-15.36.01-1.jpeg\" data-rel=\"penci-gallery-image-content\" ><img fetchpriority=\"high\" decoding=\"async\" class=\"alignnone size-medium wp-image-58816\" src=\"https:\/\/l21.mx\/wp-content\/uploads\/2023\/07\/WhatsApp-Image-2023-07-07-at-15.36.01-1-300x200.jpeg\" alt=\"\" width=\"300\" height=\"200\" srcset=\"https:\/\/l21.mx\/wp-content\/uploads\/2023\/07\/WhatsApp-Image-2023-07-07-at-15.36.01-1-300x200.jpeg 300w, https:\/\/l21.mx\/wp-content\/uploads\/2023\/07\/WhatsApp-Image-2023-07-07-at-15.36.01-1-1024x682.jpeg 1024w, https:\/\/l21.mx\/wp-content\/uploads\/2023\/07\/WhatsApp-Image-2023-07-07-at-15.36.01-1-768x512.jpeg 768w, https:\/\/l21.mx\/wp-content\/uploads\/2023\/07\/WhatsApp-Image-2023-07-07-at-15.36.01-1-1200x800.jpeg 1200w, https:\/\/l21.mx\/wp-content\/uploads\/2023\/07\/WhatsApp-Image-2023-07-07-at-15.36.01-1-1170x780.jpeg 1170w, https:\/\/l21.mx\/wp-content\/uploads\/2023\/07\/WhatsApp-Image-2023-07-07-at-15.36.01-1-585x390.jpeg 585w, https:\/\/l21.mx\/wp-content\/uploads\/2023\/07\/WhatsApp-Image-2023-07-07-at-15.36.01-1-263x175.jpeg 263w, https:\/\/l21.mx\/wp-content\/uploads\/2023\/07\/WhatsApp-Image-2023-07-07-at-15.36.01-1.jpeg 1280w\" sizes=\"(max-width: 300px) 100vw, 300px\" \/><\/a><\/p>\n<p>Playa del Carmen, Quintana Roo, a 07 de julio del 2023.- El Gobierno de Solidaridad, a trav\u00e9s del Sistema para el Desarrollo Integral de la Familia (DIF), del 31 de julio al 18 de agosto, llevar\u00e1 a cabo el curso vacacional \u201cVerano Baxal Paal 2023\u201d, con actividades deportivas, culturales y recreativas para ni\u00f1as, ni\u00f1os y adolescentes de 6 a 14 a\u00f1os de edad.<\/p>\n<p>Para tal efecto, el organismo descentralizado, cuyo presidente honorario es el Dr. Cuauht\u00e9moc Escobedo Campos, abrir\u00e1 inscripciones a partir del lunes 10 de julio, en horario de 09:00 a 15:0o horas, en la oficina de la Coordinaci\u00f3n de Recreaci\u00f3n, Cultura y Deporte (Recude), ubicada en la Villa Amarilla, en la calle 8 Norte entre avenidas 30 y 40, colonia Centro.<\/p>\n<p>La directora general del DIF Municipal, Adriana Cazales Dur\u00e1n agradeci\u00f3 a las madres y padres de familia por la confianza y el gran inter\u00e9s el programa de verano, uno de los m\u00e1s esperados del a\u00f1o, en el cual las y los participantes pueden jugar, divertirse y aprender nuevas habilidades con la gu\u00eda de personal altamente capacitado.<\/p>\n<p>Para la inscripci\u00f3n es necesario presentarse, a partir de la fecha ya mencionada, con la siguiente documentaci\u00f3n: copia de acta de nacimiento, copia del INE de la madre, padre o tutor, 3 fotos tama\u00f1o infantil del menor, 3 fotos tama\u00f1o infantil de la madre, padre o tutor, certificado m\u00e9dico reciente y llenar la ficha de inscripci\u00f3n (se entrega en la Coordinaci\u00f3n de Recude).<\/p>\n","protected":false},"excerpt":{"rendered":"<p>&nbsp; \u2022 Como parte de las actividades promovidas por el Gobierno de Solidaridad encabezado por la&hellip;<\/p>\n","protected":false},"author":100,"featured_media":58815,"comment_status":"closed","ping_status":"closed","sticky":false,"template":"","format":"standard","meta":{"_acf_changed":false,"_lmt_disableupdate":"","_lmt_disable":"","_mbp_gutenberg_autopost":false,"footnotes":""},"categories":[1654],"tags":[],"class_list":["post-58814","post","type-post","status-publish","format-standard","has-post-thumbnail","hentry","category-solidaridad"],"acf":[],"_links":{"self":[{"href":"https:\/\/l21.mx\/index.php?rest_route=\/wp\/v2\/posts\/58814","targetHints":{"allow":["GET"]}}],"collection":[{"href":"https:\/\/l21.mx\/index.php?rest_route=\/wp\/v2\/posts"}],"about":[{"href":"https:\/\/l21.mx\/index.php?rest_route=\/wp\/v2\/types\/post"}],"author":[{"embeddable":true,"href":"https:\/\/l21.mx\/index.php?rest_route=\/wp\/v2\/users\/100"}],"replies":[{"embeddable":true,"href":"https:\/\/l21.mx\/index.php?rest_route=%2Fwp%2Fv2%2Fcomments&post=58814"}],"version-history":[{"count":0,"href":"https:\/\/l21.mx\/index.php?rest_route=\/wp\/v2\/posts\/58814\/revisions"}],"wp:featuredmedia":[{"embeddable":true,"href":"https:\/\/l21.mx\/index.php?rest_route=\/wp\/v2\/media\/58815"}],"wp:attachment":[{"href":"https:\/\/l21.mx\/index.php?rest_route=%2Fwp%2Fv2%2Fmedia&parent=58814"}],"wp:term":[{"taxonomy":"category","embeddable":true,"href":"https:\/\/l21.mx\/index.php?rest_route=%2Fwp%2Fv2%2Fcategories&post=58814"},{"taxonomy":"post_tag","embeddable":true,"href":"https:\/\/l21.mx\/index.php?rest_route=%2Fwp%2Fv2%2Ftags&post=58814"}],"curies":[{"name":"wp","href":"https:\/\/api.w.org\/{rel}","templated":true}]}}