{"id":58832,"date":"2023-07-07T22:01:10","date_gmt":"2023-07-08T03:01:10","guid":{"rendered":"https:\/\/l21.mx\/?p=58832"},"modified":"2023-07-07T22:01:10","modified_gmt":"2023-07-08T03:01:10","slug":"lili-campos-inaugura-la-feria-del-carmen-2023","status":"publish","type":"post","link":"https:\/\/l21.mx\/?p=58832","title":{"rendered":"Lili Campos inaugura la Feria del Carmen 2023"},"content":{"rendered":"<p>&nbsp;<\/p>\n<p>*Con la coronaci\u00f3n de la reina y la presentaci\u00f3n de Blue Demon da inicio la tradicional fiesta<\/p>\n<p><a href=\"https:\/\/l21.mx\/wp-content\/uploads\/2023\/07\/feria-del-carmen-playa-solidaridad-3.jpeg\" data-rel=\"penci-gallery-image-content\" ><img fetchpriority=\"high\" decoding=\"async\" class=\"alignnone size-medium wp-image-58835\" src=\"https:\/\/l21.mx\/wp-content\/uploads\/2023\/07\/feria-del-carmen-playa-solidaridad-3-300x262.jpeg\" alt=\"\" width=\"300\" height=\"262\" srcset=\"https:\/\/l21.mx\/wp-content\/uploads\/2023\/07\/feria-del-carmen-playa-solidaridad-3-300x262.jpeg 300w, https:\/\/l21.mx\/wp-content\/uploads\/2023\/07\/feria-del-carmen-playa-solidaridad-3-1024x894.jpeg 1024w, https:\/\/l21.mx\/wp-content\/uploads\/2023\/07\/feria-del-carmen-playa-solidaridad-3-768x671.jpeg 768w, https:\/\/l21.mx\/wp-content\/uploads\/2023\/07\/feria-del-carmen-playa-solidaridad-3-1030x900.jpeg 1030w, https:\/\/l21.mx\/wp-content\/uploads\/2023\/07\/feria-del-carmen-playa-solidaridad-3-1170x1022.jpeg 1170w, https:\/\/l21.mx\/wp-content\/uploads\/2023\/07\/feria-del-carmen-playa-solidaridad-3-585x511.jpeg 585w, https:\/\/l21.mx\/wp-content\/uploads\/2023\/07\/feria-del-carmen-playa-solidaridad-3.jpeg 1280w\" sizes=\"(max-width: 300px) 100vw, 300px\" \/><\/a><\/p>\n<p>Playa del Carmen, Solidaridad a 7 de julio del 2023.- La presidenta municipal Lili Campos, acompa\u00f1ada del representante de la gobernadora Mara Lezama, Arturo Castro Duarte, cort\u00f3 el list\u00f3n inaugural de la Feria del Carmen 2023, una feria llena de \u00abtradici\u00f3n, legado, identidad y cultura\u00bb en este multi destino conocido internacionalmente.<\/p>\n<p>La edil coron\u00f3 y puso la banda de honor como reina de las festividades a Abigail L\u00f3pez Quiam, descendiente de fundadores. \u00abEstas fiestas, en la v\u00edspera del 30 aniversario del municipio de Solidaridad, nos recuerdan las costumbres, tradiciones y cultura, pero tambi\u00e9n brinda identidad a los playenses, a los solidarenses\u00bb.<\/p>\n<p><a href=\"https:\/\/l21.mx\/wp-content\/uploads\/2023\/07\/feria-del-carmen-playa-solidaridad-1.jpeg\" data-rel=\"penci-gallery-image-content\" ><img decoding=\"async\" class=\"alignnone size-medium wp-image-58833\" src=\"https:\/\/l21.mx\/wp-content\/uploads\/2023\/07\/feria-del-carmen-playa-solidaridad-1-293x300.jpeg\" alt=\"\" width=\"293\" height=\"300\" srcset=\"https:\/\/l21.mx\/wp-content\/uploads\/2023\/07\/feria-del-carmen-playa-solidaridad-1-293x300.jpeg 293w, https:\/\/l21.mx\/wp-content\/uploads\/2023\/07\/feria-del-carmen-playa-solidaridad-1-1002x1024.jpeg 1002w, https:\/\/l21.mx\/wp-content\/uploads\/2023\/07\/feria-del-carmen-playa-solidaridad-1-768x785.jpeg 768w, https:\/\/l21.mx\/wp-content\/uploads\/2023\/07\/feria-del-carmen-playa-solidaridad-1-880x900.jpeg 880w, https:\/\/l21.mx\/wp-content\/uploads\/2023\/07\/feria-del-carmen-playa-solidaridad-1-1170x1196.jpeg 1170w, https:\/\/l21.mx\/wp-content\/uploads\/2023\/07\/feria-del-carmen-playa-solidaridad-1-585x598.jpeg 585w, https:\/\/l21.mx\/wp-content\/uploads\/2023\/07\/feria-del-carmen-playa-solidaridad-1.jpeg 1252w\" sizes=\"(max-width: 293px) 100vw, 293px\" \/><\/a><\/p>\n<p>Trascendiendo y fomentando la sana convivencia, la presidenta municipal record\u00f3 que esta feria se realiza desde hace d\u00e9cadas en Playa del Carmen, antes como campamento chiclero y villa de pescadores, hasta convertirse hoy en d\u00eda en uno de los destinos tur\u00edsticos m\u00e1s importantes de M\u00e9xico y del mundo.<\/p>\n<p>\u00abEsta es la feria del pueblo. Una feria para todos las y los solidarenses y visitantes, es una feria familiar, de amigos, sin venta de alcohol, con juegos mec\u00e1nicos gratuitos para ni\u00f1os, j\u00f3venes y adultos, con actividades culturales y musicales desde este d\u00eda al 16 de julio\u00bb, dijo la edil.<\/p>\n<p>Tambi\u00e9n se llev\u00f3 a cabo la exhibici\u00f3n de lucha libre por parejas, rudos y t\u00e9cnicos participando en la lucha estelar Blue Demon Jr.<\/p>\n<p><a href=\"https:\/\/l21.mx\/wp-content\/uploads\/2023\/07\/feria-del-carmen-playa-solidaridad-4.jpeg\" data-rel=\"penci-gallery-image-content\" ><img decoding=\"async\" class=\"alignnone size-medium wp-image-58836\" src=\"https:\/\/l21.mx\/wp-content\/uploads\/2023\/07\/feria-del-carmen-playa-solidaridad-4-215x300.jpeg\" alt=\"\" width=\"215\" height=\"300\" srcset=\"https:\/\/l21.mx\/wp-content\/uploads\/2023\/07\/feria-del-carmen-playa-solidaridad-4-215x300.jpeg 215w, https:\/\/l21.mx\/wp-content\/uploads\/2023\/07\/feria-del-carmen-playa-solidaridad-4-733x1024.jpeg 733w, https:\/\/l21.mx\/wp-content\/uploads\/2023\/07\/feria-del-carmen-playa-solidaridad-4-768x1073.jpeg 768w, https:\/\/l21.mx\/wp-content\/uploads\/2023\/07\/feria-del-carmen-playa-solidaridad-4-644x900.jpeg 644w, https:\/\/l21.mx\/wp-content\/uploads\/2023\/07\/feria-del-carmen-playa-solidaridad-4-585x817.jpeg 585w, https:\/\/l21.mx\/wp-content\/uploads\/2023\/07\/feria-del-carmen-playa-solidaridad-4.jpeg 916w\" sizes=\"(max-width: 215px) 100vw, 215px\" \/><\/a><\/p>\n<p>Para este s\u00e1bado, la presentaci\u00f3n musical estelar ser\u00e1 la de REIK.<\/p>\n","protected":false},"excerpt":{"rendered":"<p>&nbsp; *Con la coronaci\u00f3n de la reina y la presentaci\u00f3n de Blue Demon da inicio la&hellip;<\/p>\n","protected":false},"author":100,"featured_media":58837,"comment_status":"closed","ping_status":"closed","sticky":false,"template":"","format":"standard","meta":{"_acf_changed":false,"_lmt_disableupdate":"","_lmt_disable":"","_mbp_gutenberg_autopost":false,"footnotes":""},"categories":[23,1654],"tags":[],"class_list":["post-58832","post","type-post","status-publish","format-standard","has-post-thumbnail","hentry","category-noticias","category-solidaridad"],"acf":[],"_links":{"self":[{"href":"https:\/\/l21.mx\/index.php?rest_route=\/wp\/v2\/posts\/58832","targetHints":{"allow":["GET"]}}],"collection":[{"href":"https:\/\/l21.mx\/index.php?rest_route=\/wp\/v2\/posts"}],"about":[{"href":"https:\/\/l21.mx\/index.php?rest_route=\/wp\/v2\/types\/post"}],"author":[{"embeddable":true,"href":"https:\/\/l21.mx\/index.php?rest_route=\/wp\/v2\/users\/100"}],"replies":[{"embeddable":true,"href":"https:\/\/l21.mx\/index.php?rest_route=%2Fwp%2Fv2%2Fcomments&post=58832"}],"version-history":[{"count":0,"href":"https:\/\/l21.mx\/index.php?rest_route=\/wp\/v2\/posts\/58832\/revisions"}],"wp:featuredmedia":[{"embeddable":true,"href":"https:\/\/l21.mx\/index.php?rest_route=\/wp\/v2\/media\/58837"}],"wp:attachment":[{"href":"https:\/\/l21.mx\/index.php?rest_route=%2Fwp%2Fv2%2Fmedia&parent=58832"}],"wp:term":[{"taxonomy":"category","embeddable":true,"href":"https:\/\/l21.mx\/index.php?rest_route=%2Fwp%2Fv2%2Fcategories&post=58832"},{"taxonomy":"post_tag","embeddable":true,"href":"https:\/\/l21.mx\/index.php?rest_route=%2Fwp%2Fv2%2Ftags&post=58832"}],"curies":[{"name":"wp","href":"https:\/\/api.w.org\/{rel}","templated":true}]}}