{"id":58860,"date":"2023-07-09T14:13:27","date_gmt":"2023-07-09T19:13:27","guid":{"rendered":"https:\/\/l21.mx\/?p=58860"},"modified":"2023-07-09T14:13:27","modified_gmt":"2023-07-09T19:13:27","slug":"brigada-de-limpieza-en-isla-blanca-y-la-laguna-chacmuchuc-en-la-zona-continental-de-isla-mujeres","status":"publish","type":"post","link":"https:\/\/l21.mx\/?p=58860","title":{"rendered":"Brigada de Limpieza en Isla Blanca y la Laguna Chacmuchuc en la Zona Continental de Isla Mujeres"},"content":{"rendered":"<p>&nbsp;<\/p>\n<p>Isla Mujeres, Quintana Roo, 9 de julio de 2023.- Cuidar el medio ambiente y los recursos naturales de Isla Mujeres para promover la construcci\u00f3n de un municipio que genere bienestar y una mejor calidad de vida a las familias isle\u00f1as es prioridad de la alcaldesa, Atenea G\u00f3mez Ricalde, por ello, este fin de semana se llev\u00f3 a cabo con \u00e9xito la Brigada de Limpieza en Isla Blanca y Laguna Chacmuchuc (Zona Continental).<\/p>\n<p>Al respecto, la jefa de la Zona Federal Mar\u00edtimo Terrestre (Zofemat) en la Zona Continental del municipio, Dayana Alejandra P\u00e9rez Medina, explic\u00f3 que fue una jornada en la que se cont\u00f3 con una gran participaci\u00f3n de los hoteleros, asociaciones y voluntarios, quienes sumaron esfuerzos para mantener limpia Isla Blanca y Chacmuchuc recolectando residuos reciclables y no reciclables.<\/p>\n<p><a href=\"https:\/\/l21.mx\/wp-content\/uploads\/2023\/07\/WhatsApp-Image-2023-07-09-at-11.25.18-1.jpeg\" data-rel=\"penci-gallery-image-content\" ><img fetchpriority=\"high\" decoding=\"async\" class=\"alignnone size-medium wp-image-58863\" src=\"https:\/\/l21.mx\/wp-content\/uploads\/2023\/07\/WhatsApp-Image-2023-07-09-at-11.25.18-1-300x184.jpeg\" alt=\"\" width=\"300\" height=\"184\" srcset=\"https:\/\/l21.mx\/wp-content\/uploads\/2023\/07\/WhatsApp-Image-2023-07-09-at-11.25.18-1-300x184.jpeg 300w, https:\/\/l21.mx\/wp-content\/uploads\/2023\/07\/WhatsApp-Image-2023-07-09-at-11.25.18-1-1024x629.jpeg 1024w, https:\/\/l21.mx\/wp-content\/uploads\/2023\/07\/WhatsApp-Image-2023-07-09-at-11.25.18-1-768x472.jpeg 768w, https:\/\/l21.mx\/wp-content\/uploads\/2023\/07\/WhatsApp-Image-2023-07-09-at-11.25.18-1-1536x944.jpeg 1536w, https:\/\/l21.mx\/wp-content\/uploads\/2023\/07\/WhatsApp-Image-2023-07-09-at-11.25.18-1-1200x738.jpeg 1200w, https:\/\/l21.mx\/wp-content\/uploads\/2023\/07\/WhatsApp-Image-2023-07-09-at-11.25.18-1-1170x719.jpeg 1170w, https:\/\/l21.mx\/wp-content\/uploads\/2023\/07\/WhatsApp-Image-2023-07-09-at-11.25.18-1-585x360.jpeg 585w, https:\/\/l21.mx\/wp-content\/uploads\/2023\/07\/WhatsApp-Image-2023-07-09-at-11.25.18-1.jpeg 1560w\" sizes=\"(max-width: 300px) 100vw, 300px\" \/><\/a><\/p>\n<p>A la par de las acciones de limpieza se realiz\u00f3 un concurso de esculturas de arena alusivas a las especies marinas, entreg\u00e1ndose atractivos premios a los ganadores.<\/p>\n<p>La funcionaria municipal subray\u00f3 que es la octava limpieza que se realiza en lo que va de la administraci\u00f3n, al recordar que para la alcaldesa mantener limpias y en orden las playas es prioridad, al ser el principal atractivo tur\u00edstico del municipio.<\/p>\n<p>En esta ocasi\u00f3n participaron alrededor de 400 personas, recolectando 542.8 kilogramos de basura, de los cuales 374.4 kilogramos correspondieron a basura en general, 95.6 a vidrio, 9.3 a latas y aluminio, 12.8 a HDPE (arte de pesca), 0.7 a Tetrapack, 100 a llanta y 50 kilogramos a PET.<\/p>\n<p><a href=\"https:\/\/l21.mx\/wp-content\/uploads\/2023\/07\/WhatsApp-Image-2023-07-09-at-11.25.19.jpeg\" data-rel=\"penci-gallery-image-content\" ><img decoding=\"async\" class=\"alignnone size-medium wp-image-58862\" src=\"https:\/\/l21.mx\/wp-content\/uploads\/2023\/07\/WhatsApp-Image-2023-07-09-at-11.25.19-300x171.jpeg\" alt=\"\" width=\"300\" height=\"171\" srcset=\"https:\/\/l21.mx\/wp-content\/uploads\/2023\/07\/WhatsApp-Image-2023-07-09-at-11.25.19-300x171.jpeg 300w, https:\/\/l21.mx\/wp-content\/uploads\/2023\/07\/WhatsApp-Image-2023-07-09-at-11.25.19-1024x585.jpeg 1024w, https:\/\/l21.mx\/wp-content\/uploads\/2023\/07\/WhatsApp-Image-2023-07-09-at-11.25.19-768x439.jpeg 768w, https:\/\/l21.mx\/wp-content\/uploads\/2023\/07\/WhatsApp-Image-2023-07-09-at-11.25.19-1200x686.jpeg 1200w, https:\/\/l21.mx\/wp-content\/uploads\/2023\/07\/WhatsApp-Image-2023-07-09-at-11.25.19-1170x663.jpeg 1170w, https:\/\/l21.mx\/wp-content\/uploads\/2023\/07\/WhatsApp-Image-2023-07-09-at-11.25.19-585x334.jpeg 585w, https:\/\/l21.mx\/wp-content\/uploads\/2023\/07\/WhatsApp-Image-2023-07-09-at-11.25.19.jpeg 1286w\" sizes=\"(max-width: 300px) 100vw, 300px\" \/><\/a><\/p>\n","protected":false},"excerpt":{"rendered":"<p>&nbsp; Isla Mujeres, Quintana Roo, 9 de julio de 2023.- Cuidar el medio ambiente y los&hellip;<\/p>\n","protected":false},"author":100,"featured_media":58861,"comment_status":"closed","ping_status":"closed","sticky":false,"template":"","format":"standard","meta":{"_acf_changed":false,"_lmt_disableupdate":"","_lmt_disable":"","_mbp_gutenberg_autopost":false,"footnotes":""},"categories":[23,1656],"tags":[],"class_list":["post-58860","post","type-post","status-publish","format-standard","has-post-thumbnail","hentry","category-noticias","category-quintana-roo"],"acf":[],"_links":{"self":[{"href":"https:\/\/l21.mx\/index.php?rest_route=\/wp\/v2\/posts\/58860","targetHints":{"allow":["GET"]}}],"collection":[{"href":"https:\/\/l21.mx\/index.php?rest_route=\/wp\/v2\/posts"}],"about":[{"href":"https:\/\/l21.mx\/index.php?rest_route=\/wp\/v2\/types\/post"}],"author":[{"embeddable":true,"href":"https:\/\/l21.mx\/index.php?rest_route=\/wp\/v2\/users\/100"}],"replies":[{"embeddable":true,"href":"https:\/\/l21.mx\/index.php?rest_route=%2Fwp%2Fv2%2Fcomments&post=58860"}],"version-history":[{"count":0,"href":"https:\/\/l21.mx\/index.php?rest_route=\/wp\/v2\/posts\/58860\/revisions"}],"wp:featuredmedia":[{"embeddable":true,"href":"https:\/\/l21.mx\/index.php?rest_route=\/wp\/v2\/media\/58861"}],"wp:attachment":[{"href":"https:\/\/l21.mx\/index.php?rest_route=%2Fwp%2Fv2%2Fmedia&parent=58860"}],"wp:term":[{"taxonomy":"category","embeddable":true,"href":"https:\/\/l21.mx\/index.php?rest_route=%2Fwp%2Fv2%2Fcategories&post=58860"},{"taxonomy":"post_tag","embeddable":true,"href":"https:\/\/l21.mx\/index.php?rest_route=%2Fwp%2Fv2%2Ftags&post=58860"}],"curies":[{"name":"wp","href":"https:\/\/api.w.org\/{rel}","templated":true}]}}