{"id":58878,"date":"2023-07-08T14:23:55","date_gmt":"2023-07-08T19:23:55","guid":{"rendered":"https:\/\/l21.mx\/?p=58878"},"modified":"2023-07-09T14:25:06","modified_gmt":"2023-07-09T19:25:06","slug":"realizan-segunda-cabalgata-urbana-en-playa-del-carmen","status":"publish","type":"post","link":"https:\/\/l21.mx\/?p=58878","title":{"rendered":"Realizan segunda cabalgata urbana en Playa del Carmen"},"content":{"rendered":"<p>&nbsp;<\/p>\n<p>\u2022 Tradici\u00f3n, cultura e identidad de Playa del Carmen en esta Feria anual, destac\u00f3 Lili Campos<\/p>\n<p><a href=\"https:\/\/l21.mx\/wp-content\/uploads\/2023\/07\/cabalgata-playa-4.jpeg\" data-rel=\"penci-gallery-image-content\" ><img fetchpriority=\"high\" decoding=\"async\" class=\"alignnone size-medium wp-image-58882\" src=\"https:\/\/l21.mx\/wp-content\/uploads\/2023\/07\/cabalgata-playa-4-300x200.jpeg\" alt=\"\" width=\"300\" height=\"200\" srcset=\"https:\/\/l21.mx\/wp-content\/uploads\/2023\/07\/cabalgata-playa-4-300x200.jpeg 300w, https:\/\/l21.mx\/wp-content\/uploads\/2023\/07\/cabalgata-playa-4-1024x682.jpeg 1024w, https:\/\/l21.mx\/wp-content\/uploads\/2023\/07\/cabalgata-playa-4-768x512.jpeg 768w, https:\/\/l21.mx\/wp-content\/uploads\/2023\/07\/cabalgata-playa-4-1200x800.jpeg 1200w, https:\/\/l21.mx\/wp-content\/uploads\/2023\/07\/cabalgata-playa-4-1170x780.jpeg 1170w, https:\/\/l21.mx\/wp-content\/uploads\/2023\/07\/cabalgata-playa-4-585x390.jpeg 585w, https:\/\/l21.mx\/wp-content\/uploads\/2023\/07\/cabalgata-playa-4-263x175.jpeg 263w, https:\/\/l21.mx\/wp-content\/uploads\/2023\/07\/cabalgata-playa-4.jpeg 1280w\" sizes=\"(max-width: 300px) 100vw, 300px\" \/><\/a><\/p>\n<p>Playa del Carmen, Solidaridad, 8 de julio del 2023. \u2013 Con la participaci\u00f3n de m\u00e1s de 300 cabalgantes provenientes de Cozumel, L\u00e1zaro C\u00e1rdenas y de este municipio, la presidenta Lili Campos dio el sombrerazo a la segunda cabalgata urbana en honor a la Virgen del Carmen.<\/p>\n<p>La presidenta municipal inform\u00f3 que \u201cesta cabalgata es uno de los eventos m\u00e1s bonitos que es parte de las tradiciones, cultura, orgullo e identidad de ser playense y de ser solidarense\u201d.<\/p>\n<p><a href=\"https:\/\/l21.mx\/wp-content\/uploads\/2023\/07\/cabalgata-playa-2.jpeg\" data-rel=\"penci-gallery-image-content\" ><img decoding=\"async\" class=\"alignnone size-medium wp-image-58880\" src=\"https:\/\/l21.mx\/wp-content\/uploads\/2023\/07\/cabalgata-playa-2-300x200.jpeg\" alt=\"\" width=\"300\" height=\"200\" srcset=\"https:\/\/l21.mx\/wp-content\/uploads\/2023\/07\/cabalgata-playa-2-300x200.jpeg 300w, https:\/\/l21.mx\/wp-content\/uploads\/2023\/07\/cabalgata-playa-2-1024x682.jpeg 1024w, https:\/\/l21.mx\/wp-content\/uploads\/2023\/07\/cabalgata-playa-2-768x512.jpeg 768w, https:\/\/l21.mx\/wp-content\/uploads\/2023\/07\/cabalgata-playa-2-1200x800.jpeg 1200w, https:\/\/l21.mx\/wp-content\/uploads\/2023\/07\/cabalgata-playa-2-1170x780.jpeg 1170w, https:\/\/l21.mx\/wp-content\/uploads\/2023\/07\/cabalgata-playa-2-585x390.jpeg 585w, https:\/\/l21.mx\/wp-content\/uploads\/2023\/07\/cabalgata-playa-2-263x175.jpeg 263w, https:\/\/l21.mx\/wp-content\/uploads\/2023\/07\/cabalgata-playa-2.jpeg 1280w\" sizes=\"(max-width: 300px) 100vw, 300px\" \/><\/a><\/p>\n<p>Manifest\u00f3 que la charrer\u00eda es tan importante que en Cabildo se aprob\u00f3 sea considerada patrimonio cultural intangible, lo cual fue pasado al Congreso del Estado y ya qued\u00f3 registrado. \u201cEs por eso que esta cabalgata es muestra de que en Quintana Roo es patrimonio cultural intangible\u201d asegur\u00f3.<\/p>\n<p>Esta cabalgata inici\u00f3 en el recinto ferial de la CTM, donde la presidenta de la Federaci\u00f3n M\u00e9xico a Caballo agradeci\u00f3 el impulso que Lili Campos le esta dando a la convivencia familiar con las cabalgatas en Playa del Carmen.<\/p>\n<p>Posteriormente, al emitir la oraci\u00f3n del cabalgante, salieron a recorrer las principales avenidas, siendo la Quinta Avenida una de ellas, as\u00ed como la Constituyentes, regresando al recinto ferial para una sana convivencia.<\/p>\n<p><a href=\"https:\/\/l21.mx\/wp-content\/uploads\/2023\/07\/cabalgata-playa-1.jpeg\" data-rel=\"penci-gallery-image-content\" ><img decoding=\"async\" class=\"alignnone size-medium wp-image-58879\" src=\"https:\/\/l21.mx\/wp-content\/uploads\/2023\/07\/cabalgata-playa-1-300x200.jpeg\" alt=\"\" width=\"300\" height=\"200\" srcset=\"https:\/\/l21.mx\/wp-content\/uploads\/2023\/07\/cabalgata-playa-1-300x200.jpeg 300w, https:\/\/l21.mx\/wp-content\/uploads\/2023\/07\/cabalgata-playa-1-1024x682.jpeg 1024w, https:\/\/l21.mx\/wp-content\/uploads\/2023\/07\/cabalgata-playa-1-768x512.jpeg 768w, https:\/\/l21.mx\/wp-content\/uploads\/2023\/07\/cabalgata-playa-1-1200x800.jpeg 1200w, https:\/\/l21.mx\/wp-content\/uploads\/2023\/07\/cabalgata-playa-1-1170x780.jpeg 1170w, https:\/\/l21.mx\/wp-content\/uploads\/2023\/07\/cabalgata-playa-1-585x390.jpeg 585w, https:\/\/l21.mx\/wp-content\/uploads\/2023\/07\/cabalgata-playa-1-263x175.jpeg 263w, https:\/\/l21.mx\/wp-content\/uploads\/2023\/07\/cabalgata-playa-1.jpeg 1280w\" sizes=\"(max-width: 300px) 100vw, 300px\" \/><\/a><\/p>\n","protected":false},"excerpt":{"rendered":"<p>&nbsp; \u2022 Tradici\u00f3n, cultura e identidad de Playa del Carmen en esta Feria anual, destac\u00f3 Lili&hellip;<\/p>\n","protected":false},"author":100,"featured_media":58881,"comment_status":"closed","ping_status":"closed","sticky":false,"template":"","format":"standard","meta":{"_acf_changed":false,"_lmt_disableupdate":"","_lmt_disable":"","_mbp_gutenberg_autopost":false,"footnotes":""},"categories":[23,1654],"tags":[],"class_list":["post-58878","post","type-post","status-publish","format-standard","has-post-thumbnail","hentry","category-noticias","category-solidaridad"],"acf":[],"_links":{"self":[{"href":"https:\/\/l21.mx\/index.php?rest_route=\/wp\/v2\/posts\/58878","targetHints":{"allow":["GET"]}}],"collection":[{"href":"https:\/\/l21.mx\/index.php?rest_route=\/wp\/v2\/posts"}],"about":[{"href":"https:\/\/l21.mx\/index.php?rest_route=\/wp\/v2\/types\/post"}],"author":[{"embeddable":true,"href":"https:\/\/l21.mx\/index.php?rest_route=\/wp\/v2\/users\/100"}],"replies":[{"embeddable":true,"href":"https:\/\/l21.mx\/index.php?rest_route=%2Fwp%2Fv2%2Fcomments&post=58878"}],"version-history":[{"count":0,"href":"https:\/\/l21.mx\/index.php?rest_route=\/wp\/v2\/posts\/58878\/revisions"}],"wp:featuredmedia":[{"embeddable":true,"href":"https:\/\/l21.mx\/index.php?rest_route=\/wp\/v2\/media\/58881"}],"wp:attachment":[{"href":"https:\/\/l21.mx\/index.php?rest_route=%2Fwp%2Fv2%2Fmedia&parent=58878"}],"wp:term":[{"taxonomy":"category","embeddable":true,"href":"https:\/\/l21.mx\/index.php?rest_route=%2Fwp%2Fv2%2Fcategories&post=58878"},{"taxonomy":"post_tag","embeddable":true,"href":"https:\/\/l21.mx\/index.php?rest_route=%2Fwp%2Fv2%2Ftags&post=58878"}],"curies":[{"name":"wp","href":"https:\/\/api.w.org\/{rel}","templated":true}]}}