{"id":5890,"date":"2014-01-29T13:12:58","date_gmt":"2014-01-29T19:12:58","guid":{"rendered":"http:\/\/innovatori.space\/lat21\/?p=5890"},"modified":"2014-01-31T18:27:22","modified_gmt":"2014-02-01T00:27:22","slug":"nombramientos-febrero-2014","status":"publish","type":"post","link":"https:\/\/l21.mx\/?p=5890","title":{"rendered":"Nombramientos Febrero 2014"},"content":{"rendered":"<p><a href=\"http:\/\/l21.mx\/wp-content\/uploads\/2014\/01\/Bernard-Wyss-Miguel-Lemmus-Jos\u00e9-Gabriel-Varela-Arturo-Soto-.png\" data-rel=\"penci-gallery-image-content\" ><img fetchpriority=\"high\" decoding=\"async\" class=\"size-large wp-image-5894\" title=\"Bernard  Wyss, Miguel  Lemmus, Jos\u00e9 Gabriel  Varela, Arturo  Soto\" src=\"http:\/\/l21.mx\/wp-content\/uploads\/2014\/01\/Bernard-Wyss-Miguel-Lemmus-Jos\u00e9-Gabriel-Varela-Arturo-Soto--1024x792.png\" alt=\"&quot;Bernard Wyss&quot; &quot;Miguel Lemmus&quot; &quot;Jos\u00e9 Gabriel Varela&quot; &quot;Arturo Soto&quot;\" width=\"1024\" height=\"792\" srcset=\"https:\/\/l21.mx\/wp-content\/uploads\/2014\/01\/Bernard-Wyss-Miguel-Lemmus-Jos\u00e9-Gabriel-Varela-Arturo-Soto--1024x792.png 1024w, https:\/\/l21.mx\/wp-content\/uploads\/2014\/01\/Bernard-Wyss-Miguel-Lemmus-Jos\u00e9-Gabriel-Varela-Arturo-Soto--300x232.png 300w, https:\/\/l21.mx\/wp-content\/uploads\/2014\/01\/Bernard-Wyss-Miguel-Lemmus-Jos\u00e9-Gabriel-Varela-Arturo-Soto--768x594.png 768w, https:\/\/l21.mx\/wp-content\/uploads\/2014\/01\/Bernard-Wyss-Miguel-Lemmus-Jos\u00e9-Gabriel-Varela-Arturo-Soto--1536x1189.png 1536w, https:\/\/l21.mx\/wp-content\/uploads\/2014\/01\/Bernard-Wyss-Miguel-Lemmus-Jos\u00e9-Gabriel-Varela-Arturo-Soto--2048x1585.png 2048w, https:\/\/l21.mx\/wp-content\/uploads\/2014\/01\/Bernard-Wyss-Miguel-Lemmus-Jos\u00e9-Gabriel-Varela-Arturo-Soto--1920x1486.png 1920w, https:\/\/l21.mx\/wp-content\/uploads\/2014\/01\/Bernard-Wyss-Miguel-Lemmus-Jos\u00e9-Gabriel-Varela-Arturo-Soto--1170x905.png 1170w, https:\/\/l21.mx\/wp-content\/uploads\/2014\/01\/Bernard-Wyss-Miguel-Lemmus-Jos\u00e9-Gabriel-Varela-Arturo-Soto--585x453.png 585w\" sizes=\"(max-width: 1024px) 100vw, 1024px\" \/><\/a><\/p>\n<p>&nbsp;<\/p>\n<p><a href=\"http:\/\/l21.mx\/wp-content\/uploads\/2014\/01\/Ram\u00f3n-Romero-Martha-Mungu\u00eda-Estefan\u00eda-Delgadillo-C\u00e9sar-Barrios.png\" data-rel=\"penci-gallery-image-content\" ><img decoding=\"async\" class=\"size-large wp-image-5892\" title=\"Ram\u00f3n Romero, Martha Mungu\u00eda, Estefan\u00eda Delgadillo, C\u00e9sar Barrios\" src=\"http:\/\/l21.mx\/wp-content\/uploads\/2014\/01\/Ram\u00f3n-Romero-Martha-Mungu\u00eda-Estefan\u00eda-Delgadillo-C\u00e9sar-Barrios-1024x761.png\" alt=\"&quot;Ram\u00f3n Romero&quot; &quot;Martha Mungu\u00eda&quot; &quot;Estefan\u00eda Delgadillo&quot; &quot;C\u00e9sar Barrios&quot;\" width=\"1024\" height=\"761\" \/><\/a><\/p>\n<p>[editor]nombramientos[\/editor]<\/p>\n<div><\/div>\n","protected":false},"excerpt":{"rendered":"<p>&nbsp; [editor]nombramientos[\/editor]<\/p>\n","protected":false},"author":2,"featured_media":5894,"comment_status":"open","ping_status":"open","sticky":false,"template":"","format":"standard","meta":{"_acf_changed":false,"_lmt_disableupdate":"","_lmt_disable":"","_mbp_gutenberg_autopost":false,"footnotes":""},"categories":[9],"tags":[209,208,207,206],"class_list":["post-5890","post","type-post","status-publish","format-standard","has-post-thumbnail","hentry","category-nombramientos","tag-cesar-barrios","tag-estefania-delgadillo","tag-martha-munguia","tag-ramon-romero"],"acf":[],"_links":{"self":[{"href":"https:\/\/l21.mx\/index.php?rest_route=\/wp\/v2\/posts\/5890","targetHints":{"allow":["GET"]}}],"collection":[{"href":"https:\/\/l21.mx\/index.php?rest_route=\/wp\/v2\/posts"}],"about":[{"href":"https:\/\/l21.mx\/index.php?rest_route=\/wp\/v2\/types\/post"}],"author":[{"embeddable":true,"href":"https:\/\/l21.mx\/index.php?rest_route=\/wp\/v2\/users\/2"}],"replies":[{"embeddable":true,"href":"https:\/\/l21.mx\/index.php?rest_route=%2Fwp%2Fv2%2Fcomments&post=5890"}],"version-history":[{"count":0,"href":"https:\/\/l21.mx\/index.php?rest_route=\/wp\/v2\/posts\/5890\/revisions"}],"wp:featuredmedia":[{"embeddable":true,"href":"https:\/\/l21.mx\/index.php?rest_route=\/wp\/v2\/media\/5894"}],"wp:attachment":[{"href":"https:\/\/l21.mx\/index.php?rest_route=%2Fwp%2Fv2%2Fmedia&parent=5890"}],"wp:term":[{"taxonomy":"category","embeddable":true,"href":"https:\/\/l21.mx\/index.php?rest_route=%2Fwp%2Fv2%2Fcategories&post=5890"},{"taxonomy":"post_tag","embeddable":true,"href":"https:\/\/l21.mx\/index.php?rest_route=%2Fwp%2Fv2%2Ftags&post=5890"}],"curies":[{"name":"wp","href":"https:\/\/api.w.org\/{rel}","templated":true}]}}