{"id":58915,"date":"2023-07-09T21:33:05","date_gmt":"2023-07-10T02:33:05","guid":{"rendered":"https:\/\/l21.mx\/?p=58915"},"modified":"2023-07-10T10:34:41","modified_gmt":"2023-07-10T15:34:41","slug":"continua-con-exito-la-feria-del-carmen-2023","status":"publish","type":"post","link":"https:\/\/l21.mx\/?p=58915","title":{"rendered":"Contin\u00faa con \u00e9xito la Feria del Carmen 2023"},"content":{"rendered":"<blockquote>\n<div dir=\"ltr\">\u2022 \u00a0 \u00a0El p\u00fablico disfrut\u00f3 de la actuaci\u00f3n de Karenka como artista estelar y de Nicolette como nuevo talentoPlaya del Carmen, Solidaridad, 9 de julio del 2023.- Con \u00e9xito contin\u00faan las festividades de la \u201cFeria del Carmen 2023\u201d, que el gobierno que preside Lili Campos organiz\u00f3 para los solidarenses, visitantes y turistas.<\/p>\n<p>Esta noche, la presentaci\u00f3n estelar estuvo a cargo de la artista cubana nacionalizada \u201cKarenka y su Cuban Show\u201d, interpretando su m\u00fasica pegajosa, salsa, cumbia, de Cuba para M\u00e9xico y Playa del Carmen, quien puso al p\u00fablico asistente a corear y bailar sus canciones.<\/p>\n<p>La estrella del momento, Karenka, arranc\u00f3 suspiros al ritmo del baile con canciones de su repertorio.<br \/>\nComo antesala a su presentaci\u00f3n, el gobierno municipal di\u00f3 la oportunidad al desarrollo y crecimiento \u00a0a nuevos talentos locales por lo que se present\u00f3 la cantante adolescente \u201cNicolette\u201d.<\/p>\n<p>Cabe mencionar que en el recinto ferial, en el escenario alterno, denominado \u201cteatro del pueblo\u201d, continuando con las tradiciones, cultura y legado, se llevan a cabo diversas actividades culturales, bailables y musicales con artistas locales o de escuelas de este municipio.<\/p>\n<\/div>\n<div dir=\"ltr\"><a href=\"https:\/\/l21.mx\/continua-con-exito-la-feria-del-carmen-2023\/image2\/\" rel=\"attachment wp-att-58919\"><img fetchpriority=\"high\" decoding=\"async\" class=\"aligncenter size-full wp-image-58919\" src=\"https:\/\/l21.mx\/wp-content\/uploads\/2023\/07\/image2.jpeg\" alt=\"\" width=\"1280\" height=\"852\" srcset=\"https:\/\/l21.mx\/wp-content\/uploads\/2023\/07\/image2.jpeg 1280w, https:\/\/l21.mx\/wp-content\/uploads\/2023\/07\/image2-300x200.jpeg 300w, https:\/\/l21.mx\/wp-content\/uploads\/2023\/07\/image2-1024x682.jpeg 1024w, https:\/\/l21.mx\/wp-content\/uploads\/2023\/07\/image2-768x511.jpeg 768w, https:\/\/l21.mx\/wp-content\/uploads\/2023\/07\/image2-1200x799.jpeg 1200w, https:\/\/l21.mx\/wp-content\/uploads\/2023\/07\/image2-1170x779.jpeg 1170w, https:\/\/l21.mx\/wp-content\/uploads\/2023\/07\/image2-585x389.jpeg 585w, https:\/\/l21.mx\/wp-content\/uploads\/2023\/07\/image2-263x175.jpeg 263w\" sizes=\"(max-width: 1280px) 100vw, 1280px\" \/><\/a><a href=\"https:\/\/l21.mx\/continua-con-exito-la-feria-del-carmen-2023\/image5\/\" rel=\"attachment wp-att-58920\"><img decoding=\"async\" class=\"aligncenter size-full wp-image-58920\" src=\"https:\/\/l21.mx\/wp-content\/uploads\/2023\/07\/image5.jpeg\" alt=\"\" width=\"1280\" height=\"720\" srcset=\"https:\/\/l21.mx\/wp-content\/uploads\/2023\/07\/image5.jpeg 1280w, https:\/\/l21.mx\/wp-content\/uploads\/2023\/07\/image5-300x169.jpeg 300w, https:\/\/l21.mx\/wp-content\/uploads\/2023\/07\/image5-1024x576.jpeg 1024w, https:\/\/l21.mx\/wp-content\/uploads\/2023\/07\/image5-768x432.jpeg 768w, https:\/\/l21.mx\/wp-content\/uploads\/2023\/07\/image5-1200x675.jpeg 1200w, https:\/\/l21.mx\/wp-content\/uploads\/2023\/07\/image5-1170x658.jpeg 1170w, https:\/\/l21.mx\/wp-content\/uploads\/2023\/07\/image5-585x329.jpeg 585w\" sizes=\"(max-width: 1280px) 100vw, 1280px\" \/><\/a><\/div>\n<\/blockquote>\n","protected":false},"excerpt":{"rendered":"<p>\u2022 \u00a0 \u00a0El p\u00fablico disfrut\u00f3 de la actuaci\u00f3n de Karenka como artista estelar y de Nicolette&hellip;<\/p>\n","protected":false},"author":95,"featured_media":58918,"comment_status":"closed","ping_status":"closed","sticky":false,"template":"","format":"standard","meta":{"_acf_changed":false,"_lmt_disableupdate":"","_lmt_disable":"","_mbp_gutenberg_autopost":false,"footnotes":""},"categories":[23,1654],"tags":[],"class_list":["post-58915","post","type-post","status-publish","format-standard","has-post-thumbnail","hentry","category-noticias","category-solidaridad"],"acf":[],"_links":{"self":[{"href":"https:\/\/l21.mx\/index.php?rest_route=\/wp\/v2\/posts\/58915","targetHints":{"allow":["GET"]}}],"collection":[{"href":"https:\/\/l21.mx\/index.php?rest_route=\/wp\/v2\/posts"}],"about":[{"href":"https:\/\/l21.mx\/index.php?rest_route=\/wp\/v2\/types\/post"}],"author":[{"embeddable":true,"href":"https:\/\/l21.mx\/index.php?rest_route=\/wp\/v2\/users\/95"}],"replies":[{"embeddable":true,"href":"https:\/\/l21.mx\/index.php?rest_route=%2Fwp%2Fv2%2Fcomments&post=58915"}],"version-history":[{"count":0,"href":"https:\/\/l21.mx\/index.php?rest_route=\/wp\/v2\/posts\/58915\/revisions"}],"wp:featuredmedia":[{"embeddable":true,"href":"https:\/\/l21.mx\/index.php?rest_route=\/wp\/v2\/media\/58918"}],"wp:attachment":[{"href":"https:\/\/l21.mx\/index.php?rest_route=%2Fwp%2Fv2%2Fmedia&parent=58915"}],"wp:term":[{"taxonomy":"category","embeddable":true,"href":"https:\/\/l21.mx\/index.php?rest_route=%2Fwp%2Fv2%2Fcategories&post=58915"},{"taxonomy":"post_tag","embeddable":true,"href":"https:\/\/l21.mx\/index.php?rest_route=%2Fwp%2Fv2%2Ftags&post=58915"}],"curies":[{"name":"wp","href":"https:\/\/api.w.org\/{rel}","templated":true}]}}