{"id":58916,"date":"2023-07-10T10:35:04","date_gmt":"2023-07-10T15:35:04","guid":{"rendered":"https:\/\/l21.mx\/?p=58916"},"modified":"2023-07-10T10:35:58","modified_gmt":"2023-07-10T15:35:58","slug":"ninos-y-ninas-de-playa-del-carmen-ponen-el-ejemplo-limpiando-las-playas","status":"publish","type":"post","link":"https:\/\/l21.mx\/?p=58916","title":{"rendered":"Ni\u00f1os y ni\u00f1as de Playa del Carmen ponen el ejemplo limpiando las playas"},"content":{"rendered":"<p>Lili Campos junto con Cabildo Infantil pone en marcha acciones para la limpieza de colillas de cigarros en los arenales, lo que no debiera ser si los adultos fueran conscientes de no dejarlas<\/p>\n<p><a href=\"https:\/\/l21.mx\/wp-content\/uploads\/2023\/07\/WhatsApp-Image-2023-07-09-at-16.34.09.jpeg\" data-rel=\"penci-gallery-image-content\" ><img fetchpriority=\"high\" decoding=\"async\" class=\"alignnone size-medium wp-image-58928\" src=\"https:\/\/l21.mx\/wp-content\/uploads\/2023\/07\/WhatsApp-Image-2023-07-09-at-16.34.09-300x200.jpeg\" alt=\"\" width=\"300\" height=\"200\" srcset=\"https:\/\/l21.mx\/wp-content\/uploads\/2023\/07\/WhatsApp-Image-2023-07-09-at-16.34.09-300x200.jpeg 300w, https:\/\/l21.mx\/wp-content\/uploads\/2023\/07\/WhatsApp-Image-2023-07-09-at-16.34.09-1024x682.jpeg 1024w, https:\/\/l21.mx\/wp-content\/uploads\/2023\/07\/WhatsApp-Image-2023-07-09-at-16.34.09-768x512.jpeg 768w, https:\/\/l21.mx\/wp-content\/uploads\/2023\/07\/WhatsApp-Image-2023-07-09-at-16.34.09-1200x800.jpeg 1200w, https:\/\/l21.mx\/wp-content\/uploads\/2023\/07\/WhatsApp-Image-2023-07-09-at-16.34.09-1170x780.jpeg 1170w, https:\/\/l21.mx\/wp-content\/uploads\/2023\/07\/WhatsApp-Image-2023-07-09-at-16.34.09-585x390.jpeg 585w, https:\/\/l21.mx\/wp-content\/uploads\/2023\/07\/WhatsApp-Image-2023-07-09-at-16.34.09-263x175.jpeg 263w, https:\/\/l21.mx\/wp-content\/uploads\/2023\/07\/WhatsApp-Image-2023-07-09-at-16.34.09.jpeg 1280w\" sizes=\"(max-width: 300px) 100vw, 300px\" \/><\/a><\/p>\n<p>Playa del Carmen, Solidaridad, 9 de julio del 2023.- Con la finalidad de generar conciencia sobre la contaminaci\u00f3n de las playas al arrojar colillas de cigarro en la arena, la edil Lili Campos en compa\u00f1\u00eda del cabildo infantil cort\u00f3 el list\u00f3n inaugural del proyecto \u201cGuardianes por un municipio renovado y libre de colillas de cigarro save the beach\u201d<\/p>\n<p>La presidenta afirm\u00f3 que el objetivo principal de la propuesta del cabildo infantil es recoger colillas de cigarro, corcholatas, tapas, vidrios peque\u00f1os, \u201cno deber\u00edan nuestros ni\u00f1os recoger colillas, nuestros adultos s\u00ed, son ellos quienes las dejan, esperemos que este tipo de concientizaci\u00f3n les llegue y participen con sus hijos en limpiar las playas. Una colilla contamina m\u00e1s de 10 mil litros de agua\u201d.<\/p>\n<p>Se\u00f1al\u00f3 que la \u201climpieza de nuestras playas, de nuestros mares, corresponde a todos y todas, es nuestra responsabilidad no arrojar basura, por eso contribuyamos no ensuciando, no arrojando colillas de cigarro en la arena\u201d.<\/p>\n<p>Tras la inauguraci\u00f3n, los integrantes del Cabildo infantil invitaron a los presentes a participar en esta jornada de limpieza pues se sabe que una colilla contamina a miles de litros de agua del mar.<\/p>\n<p><a href=\"https:\/\/l21.mx\/wp-content\/uploads\/2023\/07\/WhatsApp-Image-2023-07-09-at-16.34.09-1.jpeg\" data-rel=\"penci-gallery-image-content\" ><img decoding=\"async\" class=\"alignnone size-medium wp-image-58929\" src=\"https:\/\/l21.mx\/wp-content\/uploads\/2023\/07\/WhatsApp-Image-2023-07-09-at-16.34.09-1-300x200.jpeg\" alt=\"\" width=\"300\" height=\"200\" srcset=\"https:\/\/l21.mx\/wp-content\/uploads\/2023\/07\/WhatsApp-Image-2023-07-09-at-16.34.09-1-300x200.jpeg 300w, https:\/\/l21.mx\/wp-content\/uploads\/2023\/07\/WhatsApp-Image-2023-07-09-at-16.34.09-1-1024x682.jpeg 1024w, https:\/\/l21.mx\/wp-content\/uploads\/2023\/07\/WhatsApp-Image-2023-07-09-at-16.34.09-1-768x512.jpeg 768w, https:\/\/l21.mx\/wp-content\/uploads\/2023\/07\/WhatsApp-Image-2023-07-09-at-16.34.09-1-1200x800.jpeg 1200w, https:\/\/l21.mx\/wp-content\/uploads\/2023\/07\/WhatsApp-Image-2023-07-09-at-16.34.09-1-1170x780.jpeg 1170w, https:\/\/l21.mx\/wp-content\/uploads\/2023\/07\/WhatsApp-Image-2023-07-09-at-16.34.09-1-585x390.jpeg 585w, https:\/\/l21.mx\/wp-content\/uploads\/2023\/07\/WhatsApp-Image-2023-07-09-at-16.34.09-1-263x175.jpeg 263w, https:\/\/l21.mx\/wp-content\/uploads\/2023\/07\/WhatsApp-Image-2023-07-09-at-16.34.09-1.jpeg 1280w\" sizes=\"(max-width: 300px) 100vw, 300px\" \/><\/a><\/p>\n","protected":false},"excerpt":{"rendered":"<p>Lili Campos junto con Cabildo Infantil pone en marcha acciones para la limpieza de colillas de&hellip;<\/p>\n","protected":false},"author":100,"featured_media":58927,"comment_status":"closed","ping_status":"closed","sticky":false,"template":"","format":"standard","meta":{"_acf_changed":false,"_lmt_disableupdate":"","_lmt_disable":"","_mbp_gutenberg_autopost":false,"footnotes":""},"categories":[23,1654],"tags":[],"class_list":["post-58916","post","type-post","status-publish","format-standard","has-post-thumbnail","hentry","category-noticias","category-solidaridad"],"acf":[],"_links":{"self":[{"href":"https:\/\/l21.mx\/index.php?rest_route=\/wp\/v2\/posts\/58916","targetHints":{"allow":["GET"]}}],"collection":[{"href":"https:\/\/l21.mx\/index.php?rest_route=\/wp\/v2\/posts"}],"about":[{"href":"https:\/\/l21.mx\/index.php?rest_route=\/wp\/v2\/types\/post"}],"author":[{"embeddable":true,"href":"https:\/\/l21.mx\/index.php?rest_route=\/wp\/v2\/users\/100"}],"replies":[{"embeddable":true,"href":"https:\/\/l21.mx\/index.php?rest_route=%2Fwp%2Fv2%2Fcomments&post=58916"}],"version-history":[{"count":0,"href":"https:\/\/l21.mx\/index.php?rest_route=\/wp\/v2\/posts\/58916\/revisions"}],"wp:featuredmedia":[{"embeddable":true,"href":"https:\/\/l21.mx\/index.php?rest_route=\/wp\/v2\/media\/58927"}],"wp:attachment":[{"href":"https:\/\/l21.mx\/index.php?rest_route=%2Fwp%2Fv2%2Fmedia&parent=58916"}],"wp:term":[{"taxonomy":"category","embeddable":true,"href":"https:\/\/l21.mx\/index.php?rest_route=%2Fwp%2Fv2%2Fcategories&post=58916"},{"taxonomy":"post_tag","embeddable":true,"href":"https:\/\/l21.mx\/index.php?rest_route=%2Fwp%2Fv2%2Ftags&post=58916"}],"curies":[{"name":"wp","href":"https:\/\/api.w.org\/{rel}","templated":true}]}}