{"id":58951,"date":"2023-07-10T18:07:25","date_gmt":"2023-07-10T23:07:25","guid":{"rendered":"https:\/\/l21.mx\/?p=58951"},"modified":"2023-07-10T18:07:25","modified_gmt":"2023-07-10T23:07:25","slug":"entregan-en-puerto-morelos-constancias-del-programa-estatal-mujer-es-poder","status":"publish","type":"post","link":"https:\/\/l21.mx\/?p=58951","title":{"rendered":"Entregan en Puerto Morelos constancias del programa estatal \u00abMujer es poder\u00bb"},"content":{"rendered":"<p>La Presidenta Municipal destaca el compromiso de la gobernadora Mara Lezama para apoyar a los sectores m\u00e1s vulnerables de la sociedad<\/p>\n<p><a href=\"https:\/\/l21.mx\/wp-content\/uploads\/2023\/07\/WhatsApp-Image-2023-07-10-at-13.26.34.jpeg\" data-rel=\"penci-gallery-image-content\" ><img fetchpriority=\"high\" decoding=\"async\" class=\"alignnone size-medium wp-image-58953\" src=\"https:\/\/l21.mx\/wp-content\/uploads\/2023\/07\/WhatsApp-Image-2023-07-10-at-13.26.34-300x210.jpeg\" alt=\"\" width=\"300\" height=\"210\" srcset=\"https:\/\/l21.mx\/wp-content\/uploads\/2023\/07\/WhatsApp-Image-2023-07-10-at-13.26.34-300x210.jpeg 300w, https:\/\/l21.mx\/wp-content\/uploads\/2023\/07\/WhatsApp-Image-2023-07-10-at-13.26.34-1024x716.jpeg 1024w, https:\/\/l21.mx\/wp-content\/uploads\/2023\/07\/WhatsApp-Image-2023-07-10-at-13.26.34-768x537.jpeg 768w, https:\/\/l21.mx\/wp-content\/uploads\/2023\/07\/WhatsApp-Image-2023-07-10-at-13.26.34-1200x839.jpeg 1200w, https:\/\/l21.mx\/wp-content\/uploads\/2023\/07\/WhatsApp-Image-2023-07-10-at-13.26.34-1170x818.jpeg 1170w, https:\/\/l21.mx\/wp-content\/uploads\/2023\/07\/WhatsApp-Image-2023-07-10-at-13.26.34-585x409.jpeg 585w, https:\/\/l21.mx\/wp-content\/uploads\/2023\/07\/WhatsApp-Image-2023-07-10-at-13.26.34.jpeg 1280w\" sizes=\"(max-width: 300px) 100vw, 300px\" \/><\/a><\/p>\n<p>Puerto Morelos, Quintana Roo, 10 de julio de 2023.- La presidenta municipal Blanca Merari Tziu Mu\u00f1oz entreg\u00f3 hoy, en la Sala de Cabildo \u201cJos\u00e9 Mar\u00eda Morelos y Pav\u00f3n\u201d, constancias de registro del programa estatal \u201cMujer es Poder\u201d, que puso en marcha la gobernadora Mara Lezama Espinosa, en beneficio de mujeres de 18 a 55 a\u00f1os de edad.<br \/>\n\u201cEstamos muy contentos de poder estar aqu\u00ed en la entrega de este documento que tantos beneficios traer\u00e1 posteriormente a las mujeres portomorelenses, gracias a que nuestra gobernadora est\u00e1 preocupada y ocupada en atender las necesidades de los sectores m\u00e1s vulnerables de nuestra sociedad\u201d, coment\u00f3 la Alcaldesa, quien estuvo acompa\u00f1ada por el s\u00edndico Alberto Arelle Sergent y el director general del Sistema para el Desarrollo Integral de la Familia (DIF) del municipio, Antonio Chuc Pech.<br \/>\n\u201cMujer es Poder\u201d es un programa que se puso en marcha a trav\u00e9s del DIF estatal, con el objetivo de prevenir, atender y erradicar de fondo la violencia de g\u00e9nero, empoderar a las mujeres a fin de que tengan autonom\u00eda econ\u00f3mica, poder de decisi\u00f3n y que vivan libres de violencia, en armon\u00eda y en paz como se establece en el Nuevo Acuerdo por el Bienestar y Desarrollo de Quintana Roo.<\/p>\n<p><a href=\"https:\/\/l21.mx\/wp-content\/uploads\/2023\/07\/WhatsApp-Image-2023-07-10-at-13.26.35.jpeg\" data-rel=\"penci-gallery-image-content\" ><img decoding=\"async\" class=\"alignnone size-medium wp-image-58952\" src=\"https:\/\/l21.mx\/wp-content\/uploads\/2023\/07\/WhatsApp-Image-2023-07-10-at-13.26.35-300x225.jpeg\" alt=\"\" width=\"300\" height=\"225\" srcset=\"https:\/\/l21.mx\/wp-content\/uploads\/2023\/07\/WhatsApp-Image-2023-07-10-at-13.26.35-300x225.jpeg 300w, https:\/\/l21.mx\/wp-content\/uploads\/2023\/07\/WhatsApp-Image-2023-07-10-at-13.26.35-1024x768.jpeg 1024w, https:\/\/l21.mx\/wp-content\/uploads\/2023\/07\/WhatsApp-Image-2023-07-10-at-13.26.35-768x576.jpeg 768w, https:\/\/l21.mx\/wp-content\/uploads\/2023\/07\/WhatsApp-Image-2023-07-10-at-13.26.35-1200x900.jpeg 1200w, https:\/\/l21.mx\/wp-content\/uploads\/2023\/07\/WhatsApp-Image-2023-07-10-at-13.26.35-1170x878.jpeg 1170w, https:\/\/l21.mx\/wp-content\/uploads\/2023\/07\/WhatsApp-Image-2023-07-10-at-13.26.35-585x439.jpeg 585w, https:\/\/l21.mx\/wp-content\/uploads\/2023\/07\/WhatsApp-Image-2023-07-10-at-13.26.35.jpeg 1280w\" sizes=\"(max-width: 300px) 100vw, 300px\" \/><\/a><br \/>\nSe trata de tarjetas que ser\u00e1n entregadas a las beneficiarias en las que recibir\u00e1n un apoyo econ\u00f3mico bimestral de dos mil pesos.<br \/>\n\u201cEstoy segura que, gracias a este programa social, las mujeres tendr\u00e1n un apoyo para salir adelante, para ayudar en la econom\u00eda familiar, porque en muchos casos son el \u00fanico sost\u00e9n econ\u00f3mico del hogar. Felicito a quienes ya fueron seleccionadas. Por eso estamos aqu\u00ed, para entregarles personalmente sus constancias y decirles que en tienen en m\u00ed a una amiga y una aliada\u201d, coment\u00f3 Blanca Merari Tziu.<br \/>\nAsimismo, la Presidenta Municipal agradeci\u00f3 al personal del DIF Puerto Morelos que desde temprana hora brind\u00f3 orientaci\u00f3n a las mujeres en el llenado de su solicitud y en la recepci\u00f3n de documentos.<\/p>\n","protected":false},"excerpt":{"rendered":"<p>La Presidenta Municipal destaca el compromiso de la gobernadora Mara Lezama para apoyar a los sectores&hellip;<\/p>\n","protected":false},"author":100,"featured_media":58954,"comment_status":"closed","ping_status":"closed","sticky":false,"template":"","format":"standard","meta":{"_acf_changed":false,"_lmt_disableupdate":"","_lmt_disable":"","_mbp_gutenberg_autopost":false,"footnotes":""},"categories":[23,1656],"tags":[],"class_list":["post-58951","post","type-post","status-publish","format-standard","has-post-thumbnail","hentry","category-noticias","category-quintana-roo"],"acf":[],"_links":{"self":[{"href":"https:\/\/l21.mx\/index.php?rest_route=\/wp\/v2\/posts\/58951","targetHints":{"allow":["GET"]}}],"collection":[{"href":"https:\/\/l21.mx\/index.php?rest_route=\/wp\/v2\/posts"}],"about":[{"href":"https:\/\/l21.mx\/index.php?rest_route=\/wp\/v2\/types\/post"}],"author":[{"embeddable":true,"href":"https:\/\/l21.mx\/index.php?rest_route=\/wp\/v2\/users\/100"}],"replies":[{"embeddable":true,"href":"https:\/\/l21.mx\/index.php?rest_route=%2Fwp%2Fv2%2Fcomments&post=58951"}],"version-history":[{"count":0,"href":"https:\/\/l21.mx\/index.php?rest_route=\/wp\/v2\/posts\/58951\/revisions"}],"wp:featuredmedia":[{"embeddable":true,"href":"https:\/\/l21.mx\/index.php?rest_route=\/wp\/v2\/media\/58954"}],"wp:attachment":[{"href":"https:\/\/l21.mx\/index.php?rest_route=%2Fwp%2Fv2%2Fmedia&parent=58951"}],"wp:term":[{"taxonomy":"category","embeddable":true,"href":"https:\/\/l21.mx\/index.php?rest_route=%2Fwp%2Fv2%2Fcategories&post=58951"},{"taxonomy":"post_tag","embeddable":true,"href":"https:\/\/l21.mx\/index.php?rest_route=%2Fwp%2Fv2%2Ftags&post=58951"}],"curies":[{"name":"wp","href":"https:\/\/api.w.org\/{rel}","templated":true}]}}