{"id":58959,"date":"2023-07-10T18:43:26","date_gmt":"2023-07-10T23:43:26","guid":{"rendered":"https:\/\/l21.mx\/?p=58959"},"modified":"2023-07-10T18:43:26","modified_gmt":"2023-07-10T23:43:26","slug":"arranca-en-solidaridad-primera-jornada-nacional-de-salud-publica","status":"publish","type":"post","link":"https:\/\/l21.mx\/?p=58959","title":{"rendered":"Arranca en Solidaridad primera Jornada Nacional de Salud P\u00fablica"},"content":{"rendered":"<p>&nbsp;<\/p>\n<p>\u2022Durante 11 d\u00edas se difundir\u00e1 en diversas comunidades del municipio, la importancia de prevenir las enfermedades y gozar de buena salud<\/p>\n<p><a href=\"https:\/\/l21.mx\/wp-content\/uploads\/2023\/07\/WhatsApp-Image-2023-07-10-at-18.36.28-1.jpeg\" data-rel=\"penci-gallery-image-content\" ><img fetchpriority=\"high\" decoding=\"async\" class=\"alignnone size-medium wp-image-58961\" src=\"https:\/\/l21.mx\/wp-content\/uploads\/2023\/07\/WhatsApp-Image-2023-07-10-at-18.36.28-1-300x198.jpeg\" alt=\"\" width=\"300\" height=\"198\" srcset=\"https:\/\/l21.mx\/wp-content\/uploads\/2023\/07\/WhatsApp-Image-2023-07-10-at-18.36.28-1-300x198.jpeg 300w, https:\/\/l21.mx\/wp-content\/uploads\/2023\/07\/WhatsApp-Image-2023-07-10-at-18.36.28-1-1024x676.jpeg 1024w, https:\/\/l21.mx\/wp-content\/uploads\/2023\/07\/WhatsApp-Image-2023-07-10-at-18.36.28-1-768x507.jpeg 768w, https:\/\/l21.mx\/wp-content\/uploads\/2023\/07\/WhatsApp-Image-2023-07-10-at-18.36.28-1-1200x792.jpeg 1200w, https:\/\/l21.mx\/wp-content\/uploads\/2023\/07\/WhatsApp-Image-2023-07-10-at-18.36.28-1-1170x772.jpeg 1170w, https:\/\/l21.mx\/wp-content\/uploads\/2023\/07\/WhatsApp-Image-2023-07-10-at-18.36.28-1-780x516.jpeg 780w, https:\/\/l21.mx\/wp-content\/uploads\/2023\/07\/WhatsApp-Image-2023-07-10-at-18.36.28-1-585x386.jpeg 585w, https:\/\/l21.mx\/wp-content\/uploads\/2023\/07\/WhatsApp-Image-2023-07-10-at-18.36.28-1-263x175.jpeg 263w, https:\/\/l21.mx\/wp-content\/uploads\/2023\/07\/WhatsApp-Image-2023-07-10-at-18.36.28-1.jpeg 1280w\" sizes=\"(max-width: 300px) 100vw, 300px\" \/><\/a><\/p>\n<p>Playa del Carmen, Solidaridad, 10 de julio del 2023.- Una de las prioridades de esta administraci\u00f3n que encabeza la presidenta Lili Campos es el cuidado y el mejoramiento de la salud de las y los solidarenses, y por esa raz\u00f3n, a trav\u00e9s de la Secretar\u00eda de Salud Municipal en conjunto con la Coordinaci\u00f3n de Salud F\u00edsica y Mental, inaugur\u00f3 la Primera Jornada Nacional de Salud P\u00fablica (JNSP) 2023 en el Instituto Vittorio Monteverdi.<\/p>\n<p>Lili Campos explic\u00f3 a los estudiantes de secundaria que esta jornada tiene el prop\u00f3sito de acercar los servicios de salud a la poblaci\u00f3n; llegar\u00e1 a diversas comunidades de este municipio con el \u00e1nimo de informar sobre la forma de prevenir diversas enfermedades.<\/p>\n<p>\u00abEs importante que la prevenci\u00f3n la veamos desde todos los sentidos, como lo es la salud f\u00edsica y mental. Estas acciones que se estar\u00e1n realizando a lo largo de la semana tambi\u00e9n se llevan a cabo en los centros de atenci\u00f3n primaria del municipio como es en El Pet\u00e9n, 28 de Julio, Villas del Sol, Colosio as\u00ed como en la alcald\u00eda de Puerto Aventuras\u00bb, a\u00f1adi\u00f3.<\/p>\n<p><a href=\"https:\/\/l21.mx\/wp-content\/uploads\/2023\/07\/WhatsApp-Image-2023-07-10-at-18.36.28.jpeg\" data-rel=\"penci-gallery-image-content\" ><img decoding=\"async\" class=\"alignnone size-medium wp-image-58962\" src=\"https:\/\/l21.mx\/wp-content\/uploads\/2023\/07\/WhatsApp-Image-2023-07-10-at-18.36.28-300x247.jpeg\" alt=\"\" width=\"300\" height=\"247\" srcset=\"https:\/\/l21.mx\/wp-content\/uploads\/2023\/07\/WhatsApp-Image-2023-07-10-at-18.36.28-300x247.jpeg 300w, https:\/\/l21.mx\/wp-content\/uploads\/2023\/07\/WhatsApp-Image-2023-07-10-at-18.36.28-1024x843.jpeg 1024w, https:\/\/l21.mx\/wp-content\/uploads\/2023\/07\/WhatsApp-Image-2023-07-10-at-18.36.28-768x632.jpeg 768w, https:\/\/l21.mx\/wp-content\/uploads\/2023\/07\/WhatsApp-Image-2023-07-10-at-18.36.28-585x482.jpeg 585w, https:\/\/l21.mx\/wp-content\/uploads\/2023\/07\/WhatsApp-Image-2023-07-10-at-18.36.28.jpeg 1036w\" sizes=\"(max-width: 300px) 100vw, 300px\" \/><\/a><\/p>\n<p>Por su parte, el secretario de Salud Carlos Contreras Mejorada dijo que la gran mayor\u00eda de las enfermedades se pueden prevenir. \u00abLa meta en 11 d\u00edas que durar\u00e1 esta jornada es lograr que la mayor cantidad de personas sepan que las enfermedades se pueden prevenir y que unos buenos h\u00e1bitos diet\u00e9ticos y deportivos son suficientes para tener un estado de salud \u00f3ptimo\u00bb.<\/p>\n<p>Para dar por inaugurada esta semana, un joven estudiante fue vacunado contra t\u00e9tanos; posteriormente la presidenta Lili Campos, los titulares de Salud as\u00ed como estudiantes de secundaria, recorrieron los stands de salud reproductiva y planificaci\u00f3n familiar, nutrici\u00f3n, salud mental, vacunas, vida suero oral y salud bucal.<\/p>\n","protected":false},"excerpt":{"rendered":"<p>&nbsp; \u2022Durante 11 d\u00edas se difundir\u00e1 en diversas comunidades del municipio, la importancia de prevenir las&hellip;<\/p>\n","protected":false},"author":100,"featured_media":58960,"comment_status":"closed","ping_status":"closed","sticky":false,"template":"","format":"standard","meta":{"_acf_changed":false,"_lmt_disableupdate":"","_lmt_disable":"","_mbp_gutenberg_autopost":false,"footnotes":""},"categories":[1654],"tags":[],"class_list":["post-58959","post","type-post","status-publish","format-standard","has-post-thumbnail","hentry","category-solidaridad"],"acf":[],"_links":{"self":[{"href":"https:\/\/l21.mx\/index.php?rest_route=\/wp\/v2\/posts\/58959","targetHints":{"allow":["GET"]}}],"collection":[{"href":"https:\/\/l21.mx\/index.php?rest_route=\/wp\/v2\/posts"}],"about":[{"href":"https:\/\/l21.mx\/index.php?rest_route=\/wp\/v2\/types\/post"}],"author":[{"embeddable":true,"href":"https:\/\/l21.mx\/index.php?rest_route=\/wp\/v2\/users\/100"}],"replies":[{"embeddable":true,"href":"https:\/\/l21.mx\/index.php?rest_route=%2Fwp%2Fv2%2Fcomments&post=58959"}],"version-history":[{"count":0,"href":"https:\/\/l21.mx\/index.php?rest_route=\/wp\/v2\/posts\/58959\/revisions"}],"wp:featuredmedia":[{"embeddable":true,"href":"https:\/\/l21.mx\/index.php?rest_route=\/wp\/v2\/media\/58960"}],"wp:attachment":[{"href":"https:\/\/l21.mx\/index.php?rest_route=%2Fwp%2Fv2%2Fmedia&parent=58959"}],"wp:term":[{"taxonomy":"category","embeddable":true,"href":"https:\/\/l21.mx\/index.php?rest_route=%2Fwp%2Fv2%2Fcategories&post=58959"},{"taxonomy":"post_tag","embeddable":true,"href":"https:\/\/l21.mx\/index.php?rest_route=%2Fwp%2Fv2%2Ftags&post=58959"}],"curies":[{"name":"wp","href":"https:\/\/api.w.org\/{rel}","templated":true}]}}