{"id":59027,"date":"2023-07-11T21:30:10","date_gmt":"2023-07-12T02:30:10","guid":{"rendered":"https:\/\/l21.mx\/?p=59027"},"modified":"2023-07-11T21:30:10","modified_gmt":"2023-07-12T02:30:10","slug":"con-procesion-gremio-fundadores-da-realce-a-la-feria-del-carmen","status":"publish","type":"post","link":"https:\/\/l21.mx\/?p=59027","title":{"rendered":"Con procesi\u00f3n, gremio Fundadores da realce a la Feria del Carmen"},"content":{"rendered":"<p>&nbsp;<\/p>\n<p>\u2022 Tradiciones y costumbres que dan identidad a Playa del Carmen y atractivo tur\u00edstico para visitantes nacionales e internacionales<\/p>\n<p><a href=\"https:\/\/l21.mx\/wp-content\/uploads\/2023\/07\/Feria-del-carmen-1.jpeg\" data-rel=\"penci-gallery-image-content\" ><img fetchpriority=\"high\" decoding=\"async\" class=\"alignnone size-medium wp-image-59031\" src=\"https:\/\/l21.mx\/wp-content\/uploads\/2023\/07\/Feria-del-carmen-1-300x200.jpeg\" alt=\"\" width=\"300\" height=\"200\" srcset=\"https:\/\/l21.mx\/wp-content\/uploads\/2023\/07\/Feria-del-carmen-1-300x200.jpeg 300w, https:\/\/l21.mx\/wp-content\/uploads\/2023\/07\/Feria-del-carmen-1-1024x682.jpeg 1024w, https:\/\/l21.mx\/wp-content\/uploads\/2023\/07\/Feria-del-carmen-1-768x512.jpeg 768w, https:\/\/l21.mx\/wp-content\/uploads\/2023\/07\/Feria-del-carmen-1-1200x800.jpeg 1200w, https:\/\/l21.mx\/wp-content\/uploads\/2023\/07\/Feria-del-carmen-1-1170x780.jpeg 1170w, https:\/\/l21.mx\/wp-content\/uploads\/2023\/07\/Feria-del-carmen-1-585x390.jpeg 585w, https:\/\/l21.mx\/wp-content\/uploads\/2023\/07\/Feria-del-carmen-1-263x175.jpeg 263w, https:\/\/l21.mx\/wp-content\/uploads\/2023\/07\/Feria-del-carmen-1.jpeg 1280w\" sizes=\"(max-width: 300px) 100vw, 300px\" \/><\/a><\/p>\n<p>Playa del Carmen, Solidaridad, 11 de julio del 2023.- En una demostraci\u00f3n de cultura viva, de preservaci\u00f3n de tradiciones y costumbres en honor a la virgen del Carmen, este d\u00eda el gremio Fundadores realiz\u00f3 una procesi\u00f3n religiosa desde la capilla de la Avenida Ju\u00e1rez con Quinta hacia la parroquia de \u00abNuestra se\u00f1ora del Carmen, protectora de los pescadores\u00bb. Posteriormente, en el parque Leona Vicario se realizaron actividades culturales y un convivio.<\/p>\n<p>En representaci\u00f3n de la presidenta Lili Campos, particip\u00f3 el presidente honorario del DIF-Solidaridad Cuauht\u00e9moc Escobedo, el Secretario de Justicia Social y Participaci\u00f3n Ciudadana Juan Novelo, la directora del DIF Adriana Cazales, as\u00ed como j\u00f3venes y adultos engalanados, las mujeres, con vistosos ternos y los hombres con vestimenta blanca. En su caminar por las principales calles, portaron los estandartes de la virgen.<\/p>\n<p><a href=\"https:\/\/l21.mx\/wp-content\/uploads\/2023\/07\/Feria-del-carmen-2.jpeg\" data-rel=\"penci-gallery-image-content\" ><img decoding=\"async\" class=\"alignnone size-medium wp-image-59028\" src=\"https:\/\/l21.mx\/wp-content\/uploads\/2023\/07\/Feria-del-carmen-2-300x217.jpeg\" alt=\"\" width=\"300\" height=\"217\" srcset=\"https:\/\/l21.mx\/wp-content\/uploads\/2023\/07\/Feria-del-carmen-2-300x217.jpeg 300w, https:\/\/l21.mx\/wp-content\/uploads\/2023\/07\/Feria-del-carmen-2-1024x739.jpeg 1024w, https:\/\/l21.mx\/wp-content\/uploads\/2023\/07\/Feria-del-carmen-2-768x554.jpeg 768w, https:\/\/l21.mx\/wp-content\/uploads\/2023\/07\/Feria-del-carmen-2-1200x866.jpeg 1200w, https:\/\/l21.mx\/wp-content\/uploads\/2023\/07\/Feria-del-carmen-2-1170x845.jpeg 1170w, https:\/\/l21.mx\/wp-content\/uploads\/2023\/07\/Feria-del-carmen-2-585x422.jpeg 585w, https:\/\/l21.mx\/wp-content\/uploads\/2023\/07\/Feria-del-carmen-2.jpeg 1280w\" sizes=\"(max-width: 300px) 100vw, 300px\" \/><\/a><\/p>\n<p>La procesi\u00f3n sobre la famosa Quinta Avenida caus\u00f3 admiraci\u00f3n y respeto de turistas y visitantes, sobre todo por el colorido que se pudo observar, desde los adornos a la imagen de la virgen como la tradicional vestimenta de los participantes. El derrotero estuvo resguardado por elementos de la Direcci\u00f3n de Tr\u00e1nsito Municipal y de la Secretar\u00eda de Protecci\u00f3n Civil, desde la Quinta avenida hasta la calle 14 Norte, bajando a la 15 avenida hasta la entrada al templo cat\u00f3lico.<\/p>\n","protected":false},"excerpt":{"rendered":"<p>&nbsp; \u2022 Tradiciones y costumbres que dan identidad a Playa del Carmen y atractivo tur\u00edstico para&hellip;<\/p>\n","protected":false},"author":100,"featured_media":59030,"comment_status":"closed","ping_status":"closed","sticky":false,"template":"","format":"standard","meta":{"_acf_changed":false,"_lmt_disableupdate":"","_lmt_disable":"","_mbp_gutenberg_autopost":false,"footnotes":""},"categories":[1654],"tags":[],"class_list":["post-59027","post","type-post","status-publish","format-standard","has-post-thumbnail","hentry","category-solidaridad"],"acf":[],"_links":{"self":[{"href":"https:\/\/l21.mx\/index.php?rest_route=\/wp\/v2\/posts\/59027","targetHints":{"allow":["GET"]}}],"collection":[{"href":"https:\/\/l21.mx\/index.php?rest_route=\/wp\/v2\/posts"}],"about":[{"href":"https:\/\/l21.mx\/index.php?rest_route=\/wp\/v2\/types\/post"}],"author":[{"embeddable":true,"href":"https:\/\/l21.mx\/index.php?rest_route=\/wp\/v2\/users\/100"}],"replies":[{"embeddable":true,"href":"https:\/\/l21.mx\/index.php?rest_route=%2Fwp%2Fv2%2Fcomments&post=59027"}],"version-history":[{"count":0,"href":"https:\/\/l21.mx\/index.php?rest_route=\/wp\/v2\/posts\/59027\/revisions"}],"wp:featuredmedia":[{"embeddable":true,"href":"https:\/\/l21.mx\/index.php?rest_route=\/wp\/v2\/media\/59030"}],"wp:attachment":[{"href":"https:\/\/l21.mx\/index.php?rest_route=%2Fwp%2Fv2%2Fmedia&parent=59027"}],"wp:term":[{"taxonomy":"category","embeddable":true,"href":"https:\/\/l21.mx\/index.php?rest_route=%2Fwp%2Fv2%2Fcategories&post=59027"},{"taxonomy":"post_tag","embeddable":true,"href":"https:\/\/l21.mx\/index.php?rest_route=%2Fwp%2Fv2%2Ftags&post=59027"}],"curies":[{"name":"wp","href":"https:\/\/api.w.org\/{rel}","templated":true}]}}