{"id":59041,"date":"2023-07-12T18:11:49","date_gmt":"2023-07-12T23:11:49","guid":{"rendered":"https:\/\/l21.mx\/?p=59041"},"modified":"2023-07-12T18:11:49","modified_gmt":"2023-07-12T23:11:49","slug":"aprueba-gobierno-acuerdos-a-favor-de-solidarenses","status":"publish","type":"post","link":"https:\/\/l21.mx\/?p=59041","title":{"rendered":"Aprueba gobierno acuerdos a favor de solidarenses"},"content":{"rendered":"<p>&nbsp;<\/p>\n<p>\u2022 En sesi\u00f3n de Cabildo encabezada por la presidenta Lili Campos se aprobaron acuerdos a favor de las mujeres y de una sociedad incluyente<\/p>\n<p>Playa del Carmen, Solidaridad, 12 de julio de 2023.- Durante la Cuadrag\u00e9sima Cuarta Sesi\u00f3n Ordinaria de Cabildo encabezada por la presidenta Lili Campos, los regidores aprobaron a favor de la sociedad solidarense diversos acuerdos, entre los que destacan el Protocolo de Actuaci\u00f3n en los M\u00f3dulos de Atenci\u00f3n Inmediata a Mujeres V\u00edctimas de Violencia y\/o Puntos Violeta, a implementarse por el Instituto de las Mujeres, as\u00ed como la Gu\u00eda B\u00e1sica para el Uso de Lenguaje Incluyente en el Servicio P\u00fablico, a implementarse en la Administraci\u00f3n P\u00fablica.<\/p>\n<p><a href=\"https:\/\/l21.mx\/wp-content\/uploads\/2023\/07\/WhatsApp-Image-2023-07-12-at-15.58.00.jpeg\" data-rel=\"penci-gallery-image-content\" ><img fetchpriority=\"high\" decoding=\"async\" class=\"alignnone size-medium wp-image-59042\" src=\"https:\/\/l21.mx\/wp-content\/uploads\/2023\/07\/WhatsApp-Image-2023-07-12-at-15.58.00-300x236.jpeg\" alt=\"\" width=\"300\" height=\"236\" srcset=\"https:\/\/l21.mx\/wp-content\/uploads\/2023\/07\/WhatsApp-Image-2023-07-12-at-15.58.00-300x236.jpeg 300w, https:\/\/l21.mx\/wp-content\/uploads\/2023\/07\/WhatsApp-Image-2023-07-12-at-15.58.00-1024x805.jpeg 1024w, https:\/\/l21.mx\/wp-content\/uploads\/2023\/07\/WhatsApp-Image-2023-07-12-at-15.58.00-768x603.jpeg 768w, https:\/\/l21.mx\/wp-content\/uploads\/2023\/07\/WhatsApp-Image-2023-07-12-at-15.58.00-585x460.jpeg 585w, https:\/\/l21.mx\/wp-content\/uploads\/2023\/07\/WhatsApp-Image-2023-07-12-at-15.58.00.jpeg 1083w\" sizes=\"(max-width: 300px) 100vw, 300px\" \/><\/a><\/p>\n<p>Durante esta sesi\u00f3n, la edil solidarense destac\u00f3 que la aprobaci\u00f3n del Protocolo \u201ces producto del an\u00e1lisis de dos premisas constantes en la realidad femenina: la violencia familiar y la violencia de g\u00e9nero; la primera surge como resultado del acto abusivo de poder u omisi\u00f3n intencional, dirigido a dominar, someter, controlar o agredir de manera f\u00edsica, verbal, psicol\u00f3gica, patrimonial, econ\u00f3mica y sexual a las mujeres; en cambio, la violencia de g\u00e9nero se ejerce contra las mujeres por el simple hecho de serlo\u201d.<\/p>\n<p>Asimismo, se aprob\u00f3 la Minuta con Proyecto de Decreto por el que se adiciona un p\u00e1rrafo s\u00e9ptimo y se recorren en su orden los subsecuentes del Art\u00edculo 13 de la Constituci\u00f3n Pol\u00edtica del Estado Libre y Soberano de Quintana Roo, donde indica que el Estado promover\u00e1 el desarrollo integral de las personas j\u00f3venes, a trav\u00e9s de pol\u00edticas p\u00fablicas con enfoque multidisciplinario, que propicien su inclusi\u00f3n en el \u00e1mbito pol\u00edtico, social, econ\u00f3mico y cultural de la Entidad.<\/p>\n<p>Otro de los acuerdos aprobados, fue la Minuta con Proyecto de Decreto por el que se reforma el Art\u00edculo 43 de la Constituci\u00f3n Pol\u00edtica del Estado Libre y Soberano de Quintana Roo; se manifest\u00f3 que es de vital importancia que fuera aprobada, ya que aquella persona que tenga una sentencia firme por temas de delitos, algunos de violencia vicaria, feminicidio, violencia obst\u00e9trica, familiar o dom\u00e9stica o aquellos incumplidores en el pago de pensiones, no podr\u00e1n trabajar en el servicio p\u00fablico y tampoco podr\u00e1n ser candidatos o candidatas a un puesto de elecci\u00f3n popular.<\/p>\n<p>Para concluir, se aprob\u00f3 la Gu\u00eda B\u00e1sica para el Uso de Lenguaje Incluyente en el Servicio P\u00fablico a implementarse en la Administraci\u00f3n P\u00fablica para que, en apego a sus funciones, brinden a la ciudadan\u00eda un trato digno y as\u00ed lograr un municipio incluyente y respetuoso de los derechos humanos.<\/p>\n","protected":false},"excerpt":{"rendered":"<p>&nbsp; \u2022 En sesi\u00f3n de Cabildo encabezada por la presidenta Lili Campos se aprobaron acuerdos a&hellip;<\/p>\n","protected":false},"author":100,"featured_media":59043,"comment_status":"closed","ping_status":"closed","sticky":false,"template":"","format":"standard","meta":{"_acf_changed":false,"_lmt_disableupdate":"","_lmt_disable":"","_mbp_gutenberg_autopost":false,"footnotes":""},"categories":[1654],"tags":[],"class_list":["post-59041","post","type-post","status-publish","format-standard","has-post-thumbnail","hentry","category-solidaridad"],"acf":[],"_links":{"self":[{"href":"https:\/\/l21.mx\/index.php?rest_route=\/wp\/v2\/posts\/59041","targetHints":{"allow":["GET"]}}],"collection":[{"href":"https:\/\/l21.mx\/index.php?rest_route=\/wp\/v2\/posts"}],"about":[{"href":"https:\/\/l21.mx\/index.php?rest_route=\/wp\/v2\/types\/post"}],"author":[{"embeddable":true,"href":"https:\/\/l21.mx\/index.php?rest_route=\/wp\/v2\/users\/100"}],"replies":[{"embeddable":true,"href":"https:\/\/l21.mx\/index.php?rest_route=%2Fwp%2Fv2%2Fcomments&post=59041"}],"version-history":[{"count":0,"href":"https:\/\/l21.mx\/index.php?rest_route=\/wp\/v2\/posts\/59041\/revisions"}],"wp:featuredmedia":[{"embeddable":true,"href":"https:\/\/l21.mx\/index.php?rest_route=\/wp\/v2\/media\/59043"}],"wp:attachment":[{"href":"https:\/\/l21.mx\/index.php?rest_route=%2Fwp%2Fv2%2Fmedia&parent=59041"}],"wp:term":[{"taxonomy":"category","embeddable":true,"href":"https:\/\/l21.mx\/index.php?rest_route=%2Fwp%2Fv2%2Fcategories&post=59041"},{"taxonomy":"post_tag","embeddable":true,"href":"https:\/\/l21.mx\/index.php?rest_route=%2Fwp%2Fv2%2Ftags&post=59041"}],"curies":[{"name":"wp","href":"https:\/\/api.w.org\/{rel}","templated":true}]}}