{"id":59072,"date":"2023-07-14T22:08:33","date_gmt":"2023-07-15T03:08:33","guid":{"rendered":"https:\/\/l21.mx\/?p=59072"},"modified":"2023-07-14T22:08:33","modified_gmt":"2023-07-15T03:08:33","slug":"lili-campos-continuara-con-construcciones-de-domos-en-escuelas","status":"publish","type":"post","link":"https:\/\/l21.mx\/?p=59072","title":{"rendered":"Lili Campos continuar\u00e1 con construcciones de domos en escuelas"},"content":{"rendered":"<p>&nbsp;<\/p>\n<p>\u2022 Como madrina de generaci\u00f3n 2017-2023 de la primaria \u201cIndependencia de M\u00e9xico\u201d inform\u00f3 que el domo que se construye estar\u00e1 listo en agosto; adem\u00e1s, habr\u00e1 m\u00e1s pasos peatonales para la seguridad de alumnos<\/p>\n<p><a href=\"https:\/\/l21.mx\/wp-content\/uploads\/2023\/07\/WhatsApp-Image-2023-07-14-at-13.21.26-1.jpeg\" data-rel=\"penci-gallery-image-content\" ><img fetchpriority=\"high\" decoding=\"async\" class=\"alignnone size-medium wp-image-59073\" src=\"https:\/\/l21.mx\/wp-content\/uploads\/2023\/07\/WhatsApp-Image-2023-07-14-at-13.21.26-1-300x200.jpeg\" alt=\"\" width=\"300\" height=\"200\" srcset=\"https:\/\/l21.mx\/wp-content\/uploads\/2023\/07\/WhatsApp-Image-2023-07-14-at-13.21.26-1-300x200.jpeg 300w, https:\/\/l21.mx\/wp-content\/uploads\/2023\/07\/WhatsApp-Image-2023-07-14-at-13.21.26-1-1024x682.jpeg 1024w, https:\/\/l21.mx\/wp-content\/uploads\/2023\/07\/WhatsApp-Image-2023-07-14-at-13.21.26-1-768x512.jpeg 768w, https:\/\/l21.mx\/wp-content\/uploads\/2023\/07\/WhatsApp-Image-2023-07-14-at-13.21.26-1-1200x800.jpeg 1200w, https:\/\/l21.mx\/wp-content\/uploads\/2023\/07\/WhatsApp-Image-2023-07-14-at-13.21.26-1-1170x780.jpeg 1170w, https:\/\/l21.mx\/wp-content\/uploads\/2023\/07\/WhatsApp-Image-2023-07-14-at-13.21.26-1-585x390.jpeg 585w, https:\/\/l21.mx\/wp-content\/uploads\/2023\/07\/WhatsApp-Image-2023-07-14-at-13.21.26-1-263x175.jpeg 263w, https:\/\/l21.mx\/wp-content\/uploads\/2023\/07\/WhatsApp-Image-2023-07-14-at-13.21.26-1.jpeg 1280w\" sizes=\"(max-width: 300px) 100vw, 300px\" \/><\/a><\/p>\n<p>Playa del Carmen, Solidaridad, 14 de julio del 2023.- \u00abSigan luchando y so\u00f1ando por alcanzar sus metas, lleguen hasta donde ustedes quieran llegar, cuentan con el apoyo de sus padres, de sus maestros y del gobierno municipal\u00bb dijo la presidenta Lili Campos a los alumnos egresados de la generaci\u00f3n 2017-2023 de la escuela primaria \u201cIndependencia de M\u00e9xico\u201d.<\/p>\n<p>Antes de entregar reconocimientos a los alumnos con mayores promedios, Lili Campos se comprometi\u00f3 ante estudiantes y padres de familia que asistieron a la clausura en el Teatro de la Ciudad, que el domo que se construye en el plantel estar\u00e1 concluido en agosto, a fin de ser disfrutado tras el regreso a clases, aunado a que continuar\u00e1 con las acciones que brindan seguridad a los alumnos a la hora de entrada y salida de clases, construyendo infraestructura p\u00fablica como pasos peatonales.<\/p>\n<p><a href=\"https:\/\/l21.mx\/wp-content\/uploads\/2023\/07\/WhatsApp-Image-2023-07-14-at-13.21.27.jpeg\" data-rel=\"penci-gallery-image-content\" ><img decoding=\"async\" class=\"alignnone size-medium wp-image-59075\" src=\"https:\/\/l21.mx\/wp-content\/uploads\/2023\/07\/WhatsApp-Image-2023-07-14-at-13.21.27-300x200.jpeg\" alt=\"\" width=\"300\" height=\"200\" srcset=\"https:\/\/l21.mx\/wp-content\/uploads\/2023\/07\/WhatsApp-Image-2023-07-14-at-13.21.27-300x200.jpeg 300w, https:\/\/l21.mx\/wp-content\/uploads\/2023\/07\/WhatsApp-Image-2023-07-14-at-13.21.27-1024x682.jpeg 1024w, https:\/\/l21.mx\/wp-content\/uploads\/2023\/07\/WhatsApp-Image-2023-07-14-at-13.21.27-768x512.jpeg 768w, https:\/\/l21.mx\/wp-content\/uploads\/2023\/07\/WhatsApp-Image-2023-07-14-at-13.21.27-1200x800.jpeg 1200w, https:\/\/l21.mx\/wp-content\/uploads\/2023\/07\/WhatsApp-Image-2023-07-14-at-13.21.27-1170x780.jpeg 1170w, https:\/\/l21.mx\/wp-content\/uploads\/2023\/07\/WhatsApp-Image-2023-07-14-at-13.21.27-585x390.jpeg 585w, https:\/\/l21.mx\/wp-content\/uploads\/2023\/07\/WhatsApp-Image-2023-07-14-at-13.21.27-263x175.jpeg 263w, https:\/\/l21.mx\/wp-content\/uploads\/2023\/07\/WhatsApp-Image-2023-07-14-at-13.21.27.jpeg 1280w\" sizes=\"(max-width: 300px) 100vw, 300px\" \/><\/a><\/p>\n<p>La directora de la escuela primaria, Rosa D\u00edaz, agradeci\u00f3 el apoyo brindado por el gobierno municipal al plantel y \u00aba Lili Campos por ser la madrina de la generaci\u00f3n saliente, por acompa\u00f1ar principalmente a los ni\u00f1os que hoy egresaron cumpliendo una etapa m\u00e1s en su vida, en su preparaci\u00f3n y formaci\u00f3n educativa\u00bb.<\/p>\n<p><a href=\"https:\/\/l21.mx\/wp-content\/uploads\/2023\/07\/WhatsApp-Image-2023-07-14-at-13.23.29.jpeg\" data-rel=\"penci-gallery-image-content\" ><img decoding=\"async\" class=\"alignnone size-medium wp-image-59076\" src=\"https:\/\/l21.mx\/wp-content\/uploads\/2023\/07\/WhatsApp-Image-2023-07-14-at-13.23.29-300x207.jpeg\" alt=\"\" width=\"300\" height=\"207\" srcset=\"https:\/\/l21.mx\/wp-content\/uploads\/2023\/07\/WhatsApp-Image-2023-07-14-at-13.23.29-300x207.jpeg 300w, https:\/\/l21.mx\/wp-content\/uploads\/2023\/07\/WhatsApp-Image-2023-07-14-at-13.23.29-1024x708.jpeg 1024w, https:\/\/l21.mx\/wp-content\/uploads\/2023\/07\/WhatsApp-Image-2023-07-14-at-13.23.29-768x531.jpeg 768w, https:\/\/l21.mx\/wp-content\/uploads\/2023\/07\/WhatsApp-Image-2023-07-14-at-13.23.29-1200x830.jpeg 1200w, https:\/\/l21.mx\/wp-content\/uploads\/2023\/07\/WhatsApp-Image-2023-07-14-at-13.23.29-1170x809.jpeg 1170w, https:\/\/l21.mx\/wp-content\/uploads\/2023\/07\/WhatsApp-Image-2023-07-14-at-13.23.29-585x404.jpeg 585w, https:\/\/l21.mx\/wp-content\/uploads\/2023\/07\/WhatsApp-Image-2023-07-14-at-13.23.29.jpeg 1280w\" sizes=\"(max-width: 300px) 100vw, 300px\" \/><\/a><\/p>\n","protected":false},"excerpt":{"rendered":"<p>&nbsp; \u2022 Como madrina de generaci\u00f3n 2017-2023 de la primaria \u201cIndependencia de M\u00e9xico\u201d inform\u00f3 que el&hellip;<\/p>\n","protected":false},"author":100,"featured_media":59074,"comment_status":"closed","ping_status":"closed","sticky":false,"template":"","format":"standard","meta":{"_acf_changed":false,"_lmt_disableupdate":"","_lmt_disable":"","_mbp_gutenberg_autopost":false,"footnotes":""},"categories":[1654],"tags":[],"class_list":["post-59072","post","type-post","status-publish","format-standard","has-post-thumbnail","hentry","category-solidaridad"],"acf":[],"_links":{"self":[{"href":"https:\/\/l21.mx\/index.php?rest_route=\/wp\/v2\/posts\/59072","targetHints":{"allow":["GET"]}}],"collection":[{"href":"https:\/\/l21.mx\/index.php?rest_route=\/wp\/v2\/posts"}],"about":[{"href":"https:\/\/l21.mx\/index.php?rest_route=\/wp\/v2\/types\/post"}],"author":[{"embeddable":true,"href":"https:\/\/l21.mx\/index.php?rest_route=\/wp\/v2\/users\/100"}],"replies":[{"embeddable":true,"href":"https:\/\/l21.mx\/index.php?rest_route=%2Fwp%2Fv2%2Fcomments&post=59072"}],"version-history":[{"count":0,"href":"https:\/\/l21.mx\/index.php?rest_route=\/wp\/v2\/posts\/59072\/revisions"}],"wp:featuredmedia":[{"embeddable":true,"href":"https:\/\/l21.mx\/index.php?rest_route=\/wp\/v2\/media\/59074"}],"wp:attachment":[{"href":"https:\/\/l21.mx\/index.php?rest_route=%2Fwp%2Fv2%2Fmedia&parent=59072"}],"wp:term":[{"taxonomy":"category","embeddable":true,"href":"https:\/\/l21.mx\/index.php?rest_route=%2Fwp%2Fv2%2Fcategories&post=59072"},{"taxonomy":"post_tag","embeddable":true,"href":"https:\/\/l21.mx\/index.php?rest_route=%2Fwp%2Fv2%2Ftags&post=59072"}],"curies":[{"name":"wp","href":"https:\/\/api.w.org\/{rel}","templated":true}]}}