{"id":59183,"date":"2023-07-17T17:09:04","date_gmt":"2023-07-17T22:09:04","guid":{"rendered":"https:\/\/l21.mx\/?p=59183"},"modified":"2023-07-17T17:09:04","modified_gmt":"2023-07-17T22:09:04","slug":"concluyen-preescolar-30-ninas-y-ninos-en-los-cadi-del-dif-solidaridad","status":"publish","type":"post","link":"https:\/\/l21.mx\/?p=59183","title":{"rendered":"Concluyen preescolar 30 ni\u00f1as y ni\u00f1os en los CADI del DIF Solidaridad"},"content":{"rendered":"<p>&nbsp;<\/p>\n<p>\u2022 Se trata de los CADI de Puerto Aventuras y Playa del Carmen, en las colonias Nicte Ha, Ejido y el fraccionamiento La Guadalupana.<\/p>\n<p><a href=\"https:\/\/l21.mx\/wp-content\/uploads\/2023\/07\/WhatsApp-Image-2023-07-16-at-17.24.08-1.jpeg\" data-rel=\"penci-gallery-image-content\" ><img fetchpriority=\"high\" decoding=\"async\" class=\"alignnone wp-image-59186 size-large\" src=\"https:\/\/l21.mx\/wp-content\/uploads\/2023\/07\/WhatsApp-Image-2023-07-16-at-17.24.08-1-1024x425.jpeg\" alt=\"\" width=\"1024\" height=\"425\" srcset=\"https:\/\/l21.mx\/wp-content\/uploads\/2023\/07\/WhatsApp-Image-2023-07-16-at-17.24.08-1-1024x425.jpeg 1024w, https:\/\/l21.mx\/wp-content\/uploads\/2023\/07\/WhatsApp-Image-2023-07-16-at-17.24.08-1-300x124.jpeg 300w, https:\/\/l21.mx\/wp-content\/uploads\/2023\/07\/WhatsApp-Image-2023-07-16-at-17.24.08-1-768x318.jpeg 768w, https:\/\/l21.mx\/wp-content\/uploads\/2023\/07\/WhatsApp-Image-2023-07-16-at-17.24.08-1-1536x637.jpeg 1536w, https:\/\/l21.mx\/wp-content\/uploads\/2023\/07\/WhatsApp-Image-2023-07-16-at-17.24.08-1-1200x498.jpeg 1200w, https:\/\/l21.mx\/wp-content\/uploads\/2023\/07\/WhatsApp-Image-2023-07-16-at-17.24.08-1-1170x485.jpeg 1170w, https:\/\/l21.mx\/wp-content\/uploads\/2023\/07\/WhatsApp-Image-2023-07-16-at-17.24.08-1-585x243.jpeg 585w, https:\/\/l21.mx\/wp-content\/uploads\/2023\/07\/WhatsApp-Image-2023-07-16-at-17.24.08-1.jpeg 1599w\" sizes=\"(max-width: 1024px) 100vw, 1024px\" \/><\/a><\/p>\n<p>Playa del Carmen, Quintana Roo, a 16 de julio del 2023.- Con el objetivo de contribuir con el sano crecimiento de la infancia, el Gobierno de Solidaridad, a trav\u00e9s del DIF Municipal, realiz\u00f3 la clausura del ciclo escolar de los cuatro Centros Asistenciales de Desarrollo Infantil (CADI), en la que 30 ni\u00f1as y ni\u00f1os concluyeron sus estudios de nivel preescolar de manera satisfactoria.<\/p>\n<p>La secretaria general del Ayuntamiento de Solidaridad, Kira Iris San, en representaci\u00f3n de la presidenta municipal, Lili Campos expres\u00f3 que las ni\u00f1as y ni\u00f1os son la raz\u00f3n de todo el trabajo que como alma, vida y coraz\u00f3n se realiza en el DIF.<\/p>\n<p>\u201cLes pedimos, mam\u00e1s, pap\u00e1s, no dejen solos a sus hijos, sigan cuidando de ellos, tienen derecho a ser felices, a realizar sus sue\u00f1os. Maestras, muchas gracias por su empe\u00f1o, por su responsabilidad, por su compromiso\u201d, dijo.<\/p>\n<p>Por su parte, el presidente honorario del DIF, el Dr. Cuauht\u00e9moc Escobedo Campos, manifest\u00f3 que el preescolar es una de las etapas m\u00e1s bonitas en la infancia, y prueba de ello es lo expresado por los propios alumnos que se van felices y con gratos recuerdos.<\/p>\n<p><a href=\"https:\/\/l21.mx\/wp-content\/uploads\/2023\/07\/WhatsApp-Image-2023-07-16-at-17.24.07.jpeg\" data-rel=\"penci-gallery-image-content\" ><img decoding=\"async\" class=\"alignnone wp-image-59185 size-large\" src=\"https:\/\/l21.mx\/wp-content\/uploads\/2023\/07\/WhatsApp-Image-2023-07-16-at-17.24.07-1024x469.jpeg\" alt=\"\" width=\"1024\" height=\"469\" srcset=\"https:\/\/l21.mx\/wp-content\/uploads\/2023\/07\/WhatsApp-Image-2023-07-16-at-17.24.07-1024x469.jpeg 1024w, https:\/\/l21.mx\/wp-content\/uploads\/2023\/07\/WhatsApp-Image-2023-07-16-at-17.24.07-300x138.jpeg 300w, https:\/\/l21.mx\/wp-content\/uploads\/2023\/07\/WhatsApp-Image-2023-07-16-at-17.24.07-768x352.jpeg 768w, https:\/\/l21.mx\/wp-content\/uploads\/2023\/07\/WhatsApp-Image-2023-07-16-at-17.24.07-1536x704.jpeg 1536w, https:\/\/l21.mx\/wp-content\/uploads\/2023\/07\/WhatsApp-Image-2023-07-16-at-17.24.07-1200x550.jpeg 1200w, https:\/\/l21.mx\/wp-content\/uploads\/2023\/07\/WhatsApp-Image-2023-07-16-at-17.24.07-1170x536.jpeg 1170w, https:\/\/l21.mx\/wp-content\/uploads\/2023\/07\/WhatsApp-Image-2023-07-16-at-17.24.07-585x268.jpeg 585w, https:\/\/l21.mx\/wp-content\/uploads\/2023\/07\/WhatsApp-Image-2023-07-16-at-17.24.07.jpeg 1584w\" sizes=\"(max-width: 1024px) 100vw, 1024px\" \/><\/a><\/p>\n<p>\u201cYo puedo decir muchas cosas, pero no hay mejor ejemplo que los sentimientos y los recuerdos que perdurar\u00e1n toda la vida en la memoria de las ni\u00f1as y ni\u00f1os que hoy concluyen una maravillosa etapa en su vida\u201d, finaliz\u00f3.<\/p>\n<p>Tras el periodo vacacional, los cuatro CADI reiniciar\u00e1n nuevo ciclo escolar el pr\u00f3ximo 28 de agosto, por lo que ya se encuentran abiertas las inscripciones y reinscripciones, en la Direcci\u00f3n de Atenci\u00f3n a la Infancia (Villa Amarilla), en la calle 8 entre avenidas 30 y 40, en horario de 09:00 a 17:00 horas, de lunes a viernes.<\/p>\n","protected":false},"excerpt":{"rendered":"<p>&nbsp; \u2022 Se trata de los CADI de Puerto Aventuras y Playa del Carmen, en las&hellip;<\/p>\n","protected":false},"author":100,"featured_media":59184,"comment_status":"closed","ping_status":"closed","sticky":false,"template":"","format":"standard","meta":{"_acf_changed":false,"_lmt_disableupdate":"","_lmt_disable":"","_mbp_gutenberg_autopost":false,"footnotes":""},"categories":[1654],"tags":[],"class_list":["post-59183","post","type-post","status-publish","format-standard","has-post-thumbnail","hentry","category-solidaridad"],"acf":[],"_links":{"self":[{"href":"https:\/\/l21.mx\/index.php?rest_route=\/wp\/v2\/posts\/59183","targetHints":{"allow":["GET"]}}],"collection":[{"href":"https:\/\/l21.mx\/index.php?rest_route=\/wp\/v2\/posts"}],"about":[{"href":"https:\/\/l21.mx\/index.php?rest_route=\/wp\/v2\/types\/post"}],"author":[{"embeddable":true,"href":"https:\/\/l21.mx\/index.php?rest_route=\/wp\/v2\/users\/100"}],"replies":[{"embeddable":true,"href":"https:\/\/l21.mx\/index.php?rest_route=%2Fwp%2Fv2%2Fcomments&post=59183"}],"version-history":[{"count":0,"href":"https:\/\/l21.mx\/index.php?rest_route=\/wp\/v2\/posts\/59183\/revisions"}],"wp:featuredmedia":[{"embeddable":true,"href":"https:\/\/l21.mx\/index.php?rest_route=\/wp\/v2\/media\/59184"}],"wp:attachment":[{"href":"https:\/\/l21.mx\/index.php?rest_route=%2Fwp%2Fv2%2Fmedia&parent=59183"}],"wp:term":[{"taxonomy":"category","embeddable":true,"href":"https:\/\/l21.mx\/index.php?rest_route=%2Fwp%2Fv2%2Fcategories&post=59183"},{"taxonomy":"post_tag","embeddable":true,"href":"https:\/\/l21.mx\/index.php?rest_route=%2Fwp%2Fv2%2Ftags&post=59183"}],"curies":[{"name":"wp","href":"https:\/\/api.w.org\/{rel}","templated":true}]}}