{"id":59212,"date":"2023-07-17T17:25:27","date_gmt":"2023-07-17T22:25:27","guid":{"rendered":"https:\/\/l21.mx\/?p=59212"},"modified":"2023-07-17T17:25:27","modified_gmt":"2023-07-17T22:25:27","slug":"con-unidades-del-bienestar-fortalecen-cobertura-de-salud-en-quintana-roo","status":"publish","type":"post","link":"https:\/\/l21.mx\/?p=59212","title":{"rendered":"Con \u201cUnidades del Bienestar\u201d, fortalecen cobertura de salud en Quintana Roo"},"content":{"rendered":"<p>&nbsp;<\/p>\n<p>&#8211; A trav\u00e9s de la Secretar\u00eda de Bienestar, las unidades ofrecer\u00e1n atenci\u00f3n a todo el estado, beneficiando a 350 mil quintanarroenses<\/p>\n<p><a href=\"https:\/\/l21.mx\/wp-content\/uploads\/2023\/07\/WhatsApp-Image-2023-07-17-at-09.33.49.jpeg\" data-rel=\"penci-gallery-image-content\" ><img fetchpriority=\"high\" decoding=\"async\" class=\"alignnone size-medium wp-image-59214\" src=\"https:\/\/l21.mx\/wp-content\/uploads\/2023\/07\/WhatsApp-Image-2023-07-17-at-09.33.49-300x200.jpeg\" alt=\"\" width=\"300\" height=\"200\" srcset=\"https:\/\/l21.mx\/wp-content\/uploads\/2023\/07\/WhatsApp-Image-2023-07-17-at-09.33.49-300x200.jpeg 300w, https:\/\/l21.mx\/wp-content\/uploads\/2023\/07\/WhatsApp-Image-2023-07-17-at-09.33.49-1024x682.jpeg 1024w, https:\/\/l21.mx\/wp-content\/uploads\/2023\/07\/WhatsApp-Image-2023-07-17-at-09.33.49-768x512.jpeg 768w, https:\/\/l21.mx\/wp-content\/uploads\/2023\/07\/WhatsApp-Image-2023-07-17-at-09.33.49-1536x1023.jpeg 1536w, https:\/\/l21.mx\/wp-content\/uploads\/2023\/07\/WhatsApp-Image-2023-07-17-at-09.33.49-1200x800.jpeg 1200w, https:\/\/l21.mx\/wp-content\/uploads\/2023\/07\/WhatsApp-Image-2023-07-17-at-09.33.49-1170x780.jpeg 1170w, https:\/\/l21.mx\/wp-content\/uploads\/2023\/07\/WhatsApp-Image-2023-07-17-at-09.33.49-585x390.jpeg 585w, https:\/\/l21.mx\/wp-content\/uploads\/2023\/07\/WhatsApp-Image-2023-07-17-at-09.33.49-263x175.jpeg 263w, https:\/\/l21.mx\/wp-content\/uploads\/2023\/07\/WhatsApp-Image-2023-07-17-at-09.33.49.jpeg 1600w\" sizes=\"(max-width: 300px) 100vw, 300px\" \/><\/a><\/p>\n<p>Canc\u00fan. \u2013 Para ampliar la cobertura de salud y que estos servicios lleguen a todas las y los quintanarroenses, la gobernadora Mara Lezama Espinosa dio a conocer que se emiti\u00f3 la convocatoria para el registro al programa \u201cUnidades del Bienestar\u201d, que brindar\u00e1 atenci\u00f3n m\u00e9dica gratuita y extender\u00e1 la cobertura a todos los rincones del estado.<\/p>\n<p>Explic\u00f3 que las \u201cUnidades del Bienestar\u201d tienen proyectado beneficiar a 350 mil personas, y contar\u00e1n con servicios b\u00e1sicos de medicina preventiva y general; examen de la vista con diagn\u00f3stico y entrega de lentes; revisi\u00f3n y limpieza dental; as\u00ed como, acceso a medicamentos del cuadro b\u00e1sico y estudios de laboratorio sin costo.<\/p>\n<p>\u201cCon el Nuevo Acuerdo por el Bienestar y Desarrollo de Quintana Roo, que impulsa la transformaci\u00f3n profunda para cambiarle la vida a las personas, avanzamos en la atenci\u00f3n de las principales demandas ciudadanas, como el acceso a medicamentos gratuitos y la reducci\u00f3n de tiempos de espera en el caso de la salud\u201d, destac\u00f3 Mara Lezama.<\/p>\n<p>La Gobernadora anunci\u00f3 que a partir de este lunes 17 de julio, las personas podr\u00e1n registrarse directamente por internet a trav\u00e9s de la liga https:\/\/unidadesdelbienestar.bienestarqroo.com. Esta convocatoria estar\u00e1 abierta hasta cubrir la capacidad m\u00e1xima de 350 mil registros en donde deben estar primero los pobres, prioridad de este gobierno humanista y progresista.<\/p>\n<p>Mara Lezama detall\u00f3 que ser\u00e1n 10 unidades m\u00e9dicas distribuidas en todo el estado, atendidas por m\u00e9dicos generales, enfermeros, odont\u00f3logos, flebotomistas, optometristas, y encargados de farmacia; este programa pone adelante a quienes menos tienen y est\u00e1 dirigido a los sectores m\u00e1s vulnerables de la poblaci\u00f3n, para promover y preservar su salud.<\/p>\n<p>Las personas seleccionadas recibir\u00e1n una Tarjeta del Bienestar, la cual contendr\u00e1 un n\u00famero de folio que lo acredita como persona beneficiaria para acceder a los servicios antes mencionados.<\/p>\n<p>Entre los requisitos se encuentran identificaci\u00f3n oficial con fotograf\u00eda vigente del estado de Quintana Roo; llenar el Cuestionario \u00danico de Informaci\u00f3n Socioecon\u00f3mica (CUIS); Clave \u00danica del Registro de Poblaci\u00f3n (CURP); y comprobante de domicilio con vencimiento menor a 3 meses.<\/p>\n","protected":false},"excerpt":{"rendered":"<p>&nbsp; &#8211; A trav\u00e9s de la Secretar\u00eda de Bienestar, las unidades ofrecer\u00e1n atenci\u00f3n a todo el&hellip;<\/p>\n","protected":false},"author":100,"featured_media":59213,"comment_status":"closed","ping_status":"closed","sticky":false,"template":"","format":"standard","meta":{"_acf_changed":false,"_lmt_disableupdate":"","_lmt_disable":"","_mbp_gutenberg_autopost":false,"footnotes":""},"categories":[23,1656],"tags":[],"class_list":["post-59212","post","type-post","status-publish","format-standard","has-post-thumbnail","hentry","category-noticias","category-quintana-roo"],"acf":[],"_links":{"self":[{"href":"https:\/\/l21.mx\/index.php?rest_route=\/wp\/v2\/posts\/59212","targetHints":{"allow":["GET"]}}],"collection":[{"href":"https:\/\/l21.mx\/index.php?rest_route=\/wp\/v2\/posts"}],"about":[{"href":"https:\/\/l21.mx\/index.php?rest_route=\/wp\/v2\/types\/post"}],"author":[{"embeddable":true,"href":"https:\/\/l21.mx\/index.php?rest_route=\/wp\/v2\/users\/100"}],"replies":[{"embeddable":true,"href":"https:\/\/l21.mx\/index.php?rest_route=%2Fwp%2Fv2%2Fcomments&post=59212"}],"version-history":[{"count":0,"href":"https:\/\/l21.mx\/index.php?rest_route=\/wp\/v2\/posts\/59212\/revisions"}],"wp:featuredmedia":[{"embeddable":true,"href":"https:\/\/l21.mx\/index.php?rest_route=\/wp\/v2\/media\/59213"}],"wp:attachment":[{"href":"https:\/\/l21.mx\/index.php?rest_route=%2Fwp%2Fv2%2Fmedia&parent=59212"}],"wp:term":[{"taxonomy":"category","embeddable":true,"href":"https:\/\/l21.mx\/index.php?rest_route=%2Fwp%2Fv2%2Fcategories&post=59212"},{"taxonomy":"post_tag","embeddable":true,"href":"https:\/\/l21.mx\/index.php?rest_route=%2Fwp%2Fv2%2Ftags&post=59212"}],"curies":[{"name":"wp","href":"https:\/\/api.w.org\/{rel}","templated":true}]}}