{"id":59271,"date":"2023-07-19T15:12:22","date_gmt":"2023-07-19T20:12:22","guid":{"rendered":"https:\/\/l21.mx\/?p=59271"},"modified":"2023-07-19T15:12:22","modified_gmt":"2023-07-19T20:12:22","slug":"mil-250-vacantes-ofrecieron-30-empresas-en-la-27a-feria-municipal-de-empleo-en-playa-del-carmen","status":"publish","type":"post","link":"https:\/\/l21.mx\/?p=59271","title":{"rendered":"Mil 250 vacantes ofrecieron 30 empresas en la 27\u00aa Feria Municipal de Empleo en Playa del Carmen"},"content":{"rendered":"<p>Gobierno municipal da m\u00e1s oportunidades de empleo a la gente<\/p>\n<p>\u2022 Mil 250 vacantes ofrecieron 30 empresas en la 27\u00aa Feria Municipal de Empleo y Servicios Laborales<\/p>\n<p><a href=\"https:\/\/l21.mx\/wp-content\/uploads\/2023\/07\/feria-de-empleo-1.jpeg\" data-rel=\"penci-gallery-image-content\" ><img fetchpriority=\"high\" decoding=\"async\" class=\"alignnone size-medium wp-image-59272\" src=\"https:\/\/l21.mx\/wp-content\/uploads\/2023\/07\/feria-de-empleo-1-300x200.jpeg\" alt=\"\" width=\"300\" height=\"200\" srcset=\"https:\/\/l21.mx\/wp-content\/uploads\/2023\/07\/feria-de-empleo-1-300x200.jpeg 300w, https:\/\/l21.mx\/wp-content\/uploads\/2023\/07\/feria-de-empleo-1-1024x682.jpeg 1024w, https:\/\/l21.mx\/wp-content\/uploads\/2023\/07\/feria-de-empleo-1-768x511.jpeg 768w, https:\/\/l21.mx\/wp-content\/uploads\/2023\/07\/feria-de-empleo-1-1200x799.jpeg 1200w, https:\/\/l21.mx\/wp-content\/uploads\/2023\/07\/feria-de-empleo-1-1170x779.jpeg 1170w, https:\/\/l21.mx\/wp-content\/uploads\/2023\/07\/feria-de-empleo-1-585x389.jpeg 585w, https:\/\/l21.mx\/wp-content\/uploads\/2023\/07\/feria-de-empleo-1-263x175.jpeg 263w, https:\/\/l21.mx\/wp-content\/uploads\/2023\/07\/feria-de-empleo-1.jpeg 1280w\" sizes=\"(max-width: 300px) 100vw, 300px\" \/><\/a><\/p>\n<p>Playa del Carmen, Solidaridad, 18 de julio del 2023.- Para que m\u00e1s personas tengan la oportunidad de conseguir un empleo formal y mejor pagado, la presidenta Lili Campos instruy\u00f3 que la 27\u00aa Feria Municipal del Empleo y Servicios Laborales se realice en la colonia Nict\u00e9-H\u00e1.<\/p>\n<p>La direcci\u00f3n de Trabajo y Promoci\u00f3n del Empleo coordina esta feria que se realiza mes con mes en diversas colonias de este municipio. La titular Yuri Mayorga inform\u00f3 que en esta ocasi\u00f3n participaron 30 empresas del sector privado, las que ofrecieron a la ciudadan\u00eda mil 250 vacantes.<\/p>\n<p>Adem\u00e1s de la oferta de empleo, las y los solidarenses pudieron aprovechar los servicios laborales de distintas direcciones para realizar tr\u00e1mites, como la carta de antecedentes no penales, asesor\u00eda gratuita en el RFC, citas con el SAT, actualizaci\u00f3n del acta de nacimiento y CURP, entre otros.<\/p>\n<p><a href=\"https:\/\/l21.mx\/wp-content\/uploads\/2023\/07\/feria-de-empleo-2.jpeg\" data-rel=\"penci-gallery-image-content\" ><img decoding=\"async\" class=\"alignnone size-medium wp-image-59273\" src=\"https:\/\/l21.mx\/wp-content\/uploads\/2023\/07\/feria-de-empleo-2-300x200.jpeg\" alt=\"\" width=\"300\" height=\"200\" srcset=\"https:\/\/l21.mx\/wp-content\/uploads\/2023\/07\/feria-de-empleo-2-300x200.jpeg 300w, https:\/\/l21.mx\/wp-content\/uploads\/2023\/07\/feria-de-empleo-2-1024x682.jpeg 1024w, https:\/\/l21.mx\/wp-content\/uploads\/2023\/07\/feria-de-empleo-2-768x511.jpeg 768w, https:\/\/l21.mx\/wp-content\/uploads\/2023\/07\/feria-de-empleo-2-1200x799.jpeg 1200w, https:\/\/l21.mx\/wp-content\/uploads\/2023\/07\/feria-de-empleo-2-1170x779.jpeg 1170w, https:\/\/l21.mx\/wp-content\/uploads\/2023\/07\/feria-de-empleo-2-585x389.jpeg 585w, https:\/\/l21.mx\/wp-content\/uploads\/2023\/07\/feria-de-empleo-2-263x175.jpeg 263w, https:\/\/l21.mx\/wp-content\/uploads\/2023\/07\/feria-de-empleo-2.jpeg 1280w\" sizes=\"(max-width: 300px) 100vw, 300px\" \/><\/a><\/p>\n","protected":false},"excerpt":{"rendered":"<p>Gobierno municipal da m\u00e1s oportunidades de empleo a la gente \u2022 Mil 250 vacantes ofrecieron 30&hellip;<\/p>\n","protected":false},"author":100,"featured_media":59274,"comment_status":"closed","ping_status":"closed","sticky":false,"template":"","format":"standard","meta":{"_acf_changed":false,"_lmt_disableupdate":"","_lmt_disable":"","_mbp_gutenberg_autopost":false,"footnotes":""},"categories":[23,1654],"tags":[],"class_list":["post-59271","post","type-post","status-publish","format-standard","has-post-thumbnail","hentry","category-noticias","category-solidaridad"],"acf":[],"_links":{"self":[{"href":"https:\/\/l21.mx\/index.php?rest_route=\/wp\/v2\/posts\/59271","targetHints":{"allow":["GET"]}}],"collection":[{"href":"https:\/\/l21.mx\/index.php?rest_route=\/wp\/v2\/posts"}],"about":[{"href":"https:\/\/l21.mx\/index.php?rest_route=\/wp\/v2\/types\/post"}],"author":[{"embeddable":true,"href":"https:\/\/l21.mx\/index.php?rest_route=\/wp\/v2\/users\/100"}],"replies":[{"embeddable":true,"href":"https:\/\/l21.mx\/index.php?rest_route=%2Fwp%2Fv2%2Fcomments&post=59271"}],"version-history":[{"count":0,"href":"https:\/\/l21.mx\/index.php?rest_route=\/wp\/v2\/posts\/59271\/revisions"}],"wp:featuredmedia":[{"embeddable":true,"href":"https:\/\/l21.mx\/index.php?rest_route=\/wp\/v2\/media\/59274"}],"wp:attachment":[{"href":"https:\/\/l21.mx\/index.php?rest_route=%2Fwp%2Fv2%2Fmedia&parent=59271"}],"wp:term":[{"taxonomy":"category","embeddable":true,"href":"https:\/\/l21.mx\/index.php?rest_route=%2Fwp%2Fv2%2Fcategories&post=59271"},{"taxonomy":"post_tag","embeddable":true,"href":"https:\/\/l21.mx\/index.php?rest_route=%2Fwp%2Fv2%2Ftags&post=59271"}],"curies":[{"name":"wp","href":"https:\/\/api.w.org\/{rel}","templated":true}]}}