{"id":59422,"date":"2023-07-24T13:06:34","date_gmt":"2023-07-24T18:06:34","guid":{"rendered":"https:\/\/l21.mx\/?p=59422"},"modified":"2023-07-24T13:06:34","modified_gmt":"2023-07-24T18:06:34","slug":"arranca-operativo-de-verano-2023-en-solidaridad","status":"publish","type":"post","link":"https:\/\/l21.mx\/?p=59422","title":{"rendered":"Arranca operativo de verano 2023 en Solidaridad"},"content":{"rendered":"<p>&nbsp;<\/p>\n<p>\u2022 Este destino tur\u00edstico est\u00e1 preparado para salvaguardar la integridad de los habitantes, visitantes y turistas que estar\u00e1n durante esta temporada vacacional de verano<\/p>\n<p><a href=\"https:\/\/l21.mx\/wp-content\/uploads\/2023\/07\/policias-solidaridad-3.jpeg\" data-rel=\"penci-gallery-image-content\" ><img fetchpriority=\"high\" decoding=\"async\" class=\"alignnone size-medium wp-image-59423\" src=\"https:\/\/l21.mx\/wp-content\/uploads\/2023\/07\/policias-solidaridad-3-300x225.jpeg\" alt=\"\" width=\"300\" height=\"225\" srcset=\"https:\/\/l21.mx\/wp-content\/uploads\/2023\/07\/policias-solidaridad-3-300x225.jpeg 300w, https:\/\/l21.mx\/wp-content\/uploads\/2023\/07\/policias-solidaridad-3-768x576.jpeg 768w, https:\/\/l21.mx\/wp-content\/uploads\/2023\/07\/policias-solidaridad-3-585x439.jpeg 585w, https:\/\/l21.mx\/wp-content\/uploads\/2023\/07\/policias-solidaridad-3.jpeg 1024w\" sizes=\"(max-width: 300px) 100vw, 300px\" \/><\/a><\/p>\n<p>Playa del Carmen, Solidaridad, 24 de julio de 2023.- Arranc\u00f3 en Solidaridad el Plan Operativo de Verano 2023, con que el gobierno municipal dirigido por Lili Campos, en coordinaci\u00f3n con dependencias de los tres \u00f3rdenes de gobierno y voluntarios, trabajar\u00e1n en equipo para salvaguardar la seguridad de locales, turistas nacionales y extranjeros.<\/p>\n<p>En representaci\u00f3n de la presidenta municipal Lili Campos, la secretaria general del ayuntamiento Kira Iris San reafirm\u00f3: \u201choy este gran equipo se re\u00fane para dar el banderazo y decirle a la ciudadan\u00eda y a nuestros turistas nacionales e internacionales que Solidaridad est\u00e1 listo para el verano 2023\u201d.<\/p>\n<p>Kira Iris se\u00f1al\u00f3 que para que todas y todos regresen con bien a sus hogares y satisfechos de su periodo vacacional, la Secretar\u00eda de Protecci\u00f3n Civil ser\u00e1 reforzada por personal de Seguridad P\u00fablica, Marina, Defensa Nacional, Polic\u00eda Estatal Preventiva, Guardia Nacional, Cruz Roja, grupos de voluntarios y \u00c1ngeles Verdes, \u201cquienes nos apoyar\u00e1n antes de llegar a este centro tur\u00edstico internacional\u201d.<\/p>\n<p><a href=\"https:\/\/l21.mx\/wp-content\/uploads\/2023\/07\/policias-solidaridad-1.jpeg\" data-rel=\"penci-gallery-image-content\" ><img decoding=\"async\" class=\"alignnone size-medium wp-image-59424\" src=\"https:\/\/l21.mx\/wp-content\/uploads\/2023\/07\/policias-solidaridad-1-300x200.jpeg\" alt=\"\" width=\"300\" height=\"200\" srcset=\"https:\/\/l21.mx\/wp-content\/uploads\/2023\/07\/policias-solidaridad-1-300x200.jpeg 300w, https:\/\/l21.mx\/wp-content\/uploads\/2023\/07\/policias-solidaridad-1-768x512.jpeg 768w, https:\/\/l21.mx\/wp-content\/uploads\/2023\/07\/policias-solidaridad-1-585x390.jpeg 585w, https:\/\/l21.mx\/wp-content\/uploads\/2023\/07\/policias-solidaridad-1-263x175.jpeg 263w, https:\/\/l21.mx\/wp-content\/uploads\/2023\/07\/policias-solidaridad-1.jpeg 800w\" sizes=\"(max-width: 300px) 100vw, 300px\" \/><\/a><\/p>\n<p>El secretario de Protecci\u00f3n Civil, Prevenci\u00f3n de Riesgos y Bomberos, Jorge Luis Oropeza, indic\u00f3 que se cuenta con 50 elementos, 2 ambulancias, 3 unidades y 8 cuatrimotos, para que los visitantes est\u00e9n protegidos y disfruten de sus vacaciones. \u201cLas instrucciones de la presidenta est\u00e1n cubiertas y estamos listos para la temporada vacacional 2023\u201d afirm\u00f3.<\/p>\n","protected":false},"excerpt":{"rendered":"<p>&nbsp; \u2022 Este destino tur\u00edstico est\u00e1 preparado para salvaguardar la integridad de los habitantes, visitantes y&hellip;<\/p>\n","protected":false},"author":100,"featured_media":59425,"comment_status":"closed","ping_status":"closed","sticky":false,"template":"","format":"standard","meta":{"_acf_changed":false,"_lmt_disableupdate":"","_lmt_disable":"","_mbp_gutenberg_autopost":false,"footnotes":""},"categories":[23,1654],"tags":[],"class_list":["post-59422","post","type-post","status-publish","format-standard","has-post-thumbnail","hentry","category-noticias","category-solidaridad"],"acf":[],"_links":{"self":[{"href":"https:\/\/l21.mx\/index.php?rest_route=\/wp\/v2\/posts\/59422","targetHints":{"allow":["GET"]}}],"collection":[{"href":"https:\/\/l21.mx\/index.php?rest_route=\/wp\/v2\/posts"}],"about":[{"href":"https:\/\/l21.mx\/index.php?rest_route=\/wp\/v2\/types\/post"}],"author":[{"embeddable":true,"href":"https:\/\/l21.mx\/index.php?rest_route=\/wp\/v2\/users\/100"}],"replies":[{"embeddable":true,"href":"https:\/\/l21.mx\/index.php?rest_route=%2Fwp%2Fv2%2Fcomments&post=59422"}],"version-history":[{"count":0,"href":"https:\/\/l21.mx\/index.php?rest_route=\/wp\/v2\/posts\/59422\/revisions"}],"wp:featuredmedia":[{"embeddable":true,"href":"https:\/\/l21.mx\/index.php?rest_route=\/wp\/v2\/media\/59425"}],"wp:attachment":[{"href":"https:\/\/l21.mx\/index.php?rest_route=%2Fwp%2Fv2%2Fmedia&parent=59422"}],"wp:term":[{"taxonomy":"category","embeddable":true,"href":"https:\/\/l21.mx\/index.php?rest_route=%2Fwp%2Fv2%2Fcategories&post=59422"},{"taxonomy":"post_tag","embeddable":true,"href":"https:\/\/l21.mx\/index.php?rest_route=%2Fwp%2Fv2%2Ftags&post=59422"}],"curies":[{"name":"wp","href":"https:\/\/api.w.org\/{rel}","templated":true}]}}