{"id":59504,"date":"2023-07-26T16:20:24","date_gmt":"2023-07-26T21:20:24","guid":{"rendered":"https:\/\/l21.mx\/?p=59504"},"modified":"2023-07-26T16:20:24","modified_gmt":"2023-07-26T21:20:24","slug":"mara-lezama-gestiona-recursos-para-potenciar-el-campo-de-quintana-roo","status":"publish","type":"post","link":"https:\/\/l21.mx\/?p=59504","title":{"rendered":"Mara Lezama gestiona recursos para potenciar el campo de Quintana Roo\u00a0"},"content":{"rendered":"<p>&nbsp;<\/p>\n<p>-La gobernadora del estado se reuni\u00f3 esta ma\u00f1ana en la capital Chetumal, con el secretario de la SADER, V\u00edctor Villalobos donde present\u00f3 proyectos en fruticultura, apicultura, ganader\u00eda, pesca y acuacultura para hacer justicia al pueblo que trabaja la tierra en Quintana Roo<\/p>\n<p>-Se\u00f1al\u00f3 la necesidad de m\u00e1s recursos para el campo que tendr\u00eda participaci\u00f3n federal, estatal y del sector para robustecer el desarrollo y la suficiencia alimentaria<\/p>\n<p><a href=\"https:\/\/l21.mx\/wp-content\/uploads\/2023\/07\/WhatsApp-Image-2023-07-26-at-12.55.39.jpeg\" data-rel=\"penci-gallery-image-content\" ><img fetchpriority=\"high\" decoding=\"async\" class=\"alignnone size-medium wp-image-59505\" src=\"https:\/\/l21.mx\/wp-content\/uploads\/2023\/07\/WhatsApp-Image-2023-07-26-at-12.55.39-300x200.jpeg\" alt=\"\" width=\"300\" height=\"200\" srcset=\"https:\/\/l21.mx\/wp-content\/uploads\/2023\/07\/WhatsApp-Image-2023-07-26-at-12.55.39-300x200.jpeg 300w, https:\/\/l21.mx\/wp-content\/uploads\/2023\/07\/WhatsApp-Image-2023-07-26-at-12.55.39-1024x682.jpeg 1024w, https:\/\/l21.mx\/wp-content\/uploads\/2023\/07\/WhatsApp-Image-2023-07-26-at-12.55.39-768x512.jpeg 768w, https:\/\/l21.mx\/wp-content\/uploads\/2023\/07\/WhatsApp-Image-2023-07-26-at-12.55.39-1536x1023.jpeg 1536w, https:\/\/l21.mx\/wp-content\/uploads\/2023\/07\/WhatsApp-Image-2023-07-26-at-12.55.39-1200x800.jpeg 1200w, https:\/\/l21.mx\/wp-content\/uploads\/2023\/07\/WhatsApp-Image-2023-07-26-at-12.55.39-1170x780.jpeg 1170w, https:\/\/l21.mx\/wp-content\/uploads\/2023\/07\/WhatsApp-Image-2023-07-26-at-12.55.39-585x390.jpeg 585w, https:\/\/l21.mx\/wp-content\/uploads\/2023\/07\/WhatsApp-Image-2023-07-26-at-12.55.39-263x175.jpeg 263w, https:\/\/l21.mx\/wp-content\/uploads\/2023\/07\/WhatsApp-Image-2023-07-26-at-12.55.39.jpeg 1600w\" sizes=\"(max-width: 300px) 100vw, 300px\" \/><\/a><\/p>\n<p>Chetumal.- Quintana Roo fue sede de la reuni\u00f3n regional Sur-Sureste de la Asociaci\u00f3n Mexicana de Secretarios de Desarrollo Agropecuario (AMSDA), en la que particip\u00f3 la gobernadora Mara Lezama Espinosa quien destac\u00f3 el compromiso del Gobierno de M\u00e9xico y los estados para impulsar el campo y atender sus necesidades con inversi\u00f3n a trav\u00e9s de diversos programas como la fruticultura, pesca, acuacultura, biof\u00e1bricas, viveros y ganader\u00eda.<\/p>\n<p>Acompa\u00f1ada del secretario de Agricultura y Desarrollo Rural del Gobierno de M\u00e9xico (SADER) V\u00edctor Villalobos Ar\u00e1mbula, Mara Lezama particip\u00f3 en esta reuni\u00f3n a la que asisten secretarios de desarrollo agropecuario de siete estados del Sur-Sureste: Campeche, Chiapas, Tabasco, Oaxaca, Quintana Roo, Veracruz y Yucat\u00e1n, para dar continuidad a los acuerdos para fortalecer el desarrollo regional a partir de los resultados obtenidos en Ciudad Obreg\u00f3n, Sonora.<\/p>\n<p>La Gobernadora se reuni\u00f3 previamente con el titular de SADER ante quien realiz\u00f3 la gesti\u00f3n de recursos para el campo y que de la mano del Gobierno de M\u00e9xico se impulsen los proyectos como la fruticultura, apicultura, la pesca, la ganader\u00eda, entre otros sectores.<\/p>\n<p>La gobernadora de Quintana Roo destac\u00f3 que a trav\u00e9s del Nuevo Acuerdo por el Bienestar y Desarrollo se establecen estrategias para la transformaci\u00f3n del campo, erradicar la pobreza alimentaria, el rezago y la marginaci\u00f3n de las comunidades y pueblos ind\u00edgenas, colocando a las personas en el centro de las decisiones.<\/p>\n<p>El secretario de la SADER, Villalobos Ar\u00e1mbula destac\u00f3 que esta es una reuni\u00f3n hist\u00f3rica, sin precedentes, con un objetivo com\u00fan de impulsar el desarrollo respecto al potencial que tiene el Sur-Sureste que qued\u00f3 rezagada por muchas d\u00e9cadas y por diversas circunstancias.<\/p>\n<p>A\u00f1adi\u00f3 que esta regi\u00f3n tiene tres elementos fundamentales para fincar su desarrollo: agua, tierra y gente, que se suma a la gran voluntad pol\u00edtica del Gobierno de M\u00e9xico por rescatar al Sur-Sureste e incorporarla al desarrollo productivo.<\/p>\n<p>Se cuenta con la participaci\u00f3n del presidente y coordinadora Regional Sur-Sureste de la AMSDA, Jaime Montes Salas y Zayni Gil V\u00e1zquez respectivamente, as\u00ed como los integrantes de esta organizaci\u00f3n y representantes de agricultura de los estados de Campeche, Chiapas, Tabasco, Oaxaca, Quintana Roo, Veracruz y Yucat\u00e1n.<\/p>\n<p>Estuvieron en la reuni\u00f3n el Jefe de la Oficina de la Gobernadora, Artemio Santos Santos; la secretaria de Desarrollo Agropecuario, Rural y Pesca de Quintana Roo, Linda Saray Cobos Castro; el presidente de la AMSDA Jaime Montes Salas; la coordinadora regional Sur-Sureste de la AMSDA Zaynia Andrea Gil V\u00e1zquez; el presidente municipal de Bacalar, Jos\u00e9 Alfredo Contreras M\u00e9ndez, as\u00ed como secretario estatales de Desarrollo Agropecuario y funcionarios federales del sector.<\/p>\n","protected":false},"excerpt":{"rendered":"<p>&nbsp; -La gobernadora del estado se reuni\u00f3 esta ma\u00f1ana en la capital Chetumal, con el secretario&hellip;<\/p>\n","protected":false},"author":100,"featured_media":59506,"comment_status":"closed","ping_status":"closed","sticky":false,"template":"","format":"standard","meta":{"_acf_changed":false,"_lmt_disableupdate":"","_lmt_disable":"","_mbp_gutenberg_autopost":false,"footnotes":""},"categories":[23,1656],"tags":[],"class_list":["post-59504","post","type-post","status-publish","format-standard","has-post-thumbnail","hentry","category-noticias","category-quintana-roo"],"acf":[],"_links":{"self":[{"href":"https:\/\/l21.mx\/index.php?rest_route=\/wp\/v2\/posts\/59504","targetHints":{"allow":["GET"]}}],"collection":[{"href":"https:\/\/l21.mx\/index.php?rest_route=\/wp\/v2\/posts"}],"about":[{"href":"https:\/\/l21.mx\/index.php?rest_route=\/wp\/v2\/types\/post"}],"author":[{"embeddable":true,"href":"https:\/\/l21.mx\/index.php?rest_route=\/wp\/v2\/users\/100"}],"replies":[{"embeddable":true,"href":"https:\/\/l21.mx\/index.php?rest_route=%2Fwp%2Fv2%2Fcomments&post=59504"}],"version-history":[{"count":0,"href":"https:\/\/l21.mx\/index.php?rest_route=\/wp\/v2\/posts\/59504\/revisions"}],"wp:featuredmedia":[{"embeddable":true,"href":"https:\/\/l21.mx\/index.php?rest_route=\/wp\/v2\/media\/59506"}],"wp:attachment":[{"href":"https:\/\/l21.mx\/index.php?rest_route=%2Fwp%2Fv2%2Fmedia&parent=59504"}],"wp:term":[{"taxonomy":"category","embeddable":true,"href":"https:\/\/l21.mx\/index.php?rest_route=%2Fwp%2Fv2%2Fcategories&post=59504"},{"taxonomy":"post_tag","embeddable":true,"href":"https:\/\/l21.mx\/index.php?rest_route=%2Fwp%2Fv2%2Ftags&post=59504"}],"curies":[{"name":"wp","href":"https:\/\/api.w.org\/{rel}","templated":true}]}}