{"id":59531,"date":"2023-07-28T07:25:38","date_gmt":"2023-07-28T12:25:38","guid":{"rendered":"https:\/\/l21.mx\/?p=59531"},"modified":"2023-07-28T07:25:38","modified_gmt":"2023-07-28T12:25:38","slug":"lili-campos-tomo-protesta-al-consejo-directivo-de-la-anmtur","status":"publish","type":"post","link":"https:\/\/l21.mx\/?p=59531","title":{"rendered":"Lili Campos tom\u00f3 protesta al Consejo Directivo de la ANMTUR"},"content":{"rendered":"<p>&nbsp;<\/p>\n<p>\u2022 Entre la agenda de trabajo se tiene la tarea de actualizar la programaci\u00f3n de actividades, con un Consejo totalmente integrado<\/p>\n<p><a href=\"https:\/\/l21.mx\/wp-content\/uploads\/2023\/07\/WhatsApp-Image-2023-07-27-at-22.03.48.jpeg\" data-rel=\"penci-gallery-image-content\" ><img fetchpriority=\"high\" decoding=\"async\" class=\"alignnone size-medium wp-image-59533\" src=\"https:\/\/l21.mx\/wp-content\/uploads\/2023\/07\/WhatsApp-Image-2023-07-27-at-22.03.48-300x225.jpeg\" alt=\"\" width=\"300\" height=\"225\" srcset=\"https:\/\/l21.mx\/wp-content\/uploads\/2023\/07\/WhatsApp-Image-2023-07-27-at-22.03.48-300x225.jpeg 300w, https:\/\/l21.mx\/wp-content\/uploads\/2023\/07\/WhatsApp-Image-2023-07-27-at-22.03.48-1024x768.jpeg 1024w, https:\/\/l21.mx\/wp-content\/uploads\/2023\/07\/WhatsApp-Image-2023-07-27-at-22.03.48-768x576.jpeg 768w, https:\/\/l21.mx\/wp-content\/uploads\/2023\/07\/WhatsApp-Image-2023-07-27-at-22.03.48-1200x900.jpeg 1200w, https:\/\/l21.mx\/wp-content\/uploads\/2023\/07\/WhatsApp-Image-2023-07-27-at-22.03.48-1170x878.jpeg 1170w, https:\/\/l21.mx\/wp-content\/uploads\/2023\/07\/WhatsApp-Image-2023-07-27-at-22.03.48-585x439.jpeg 585w, https:\/\/l21.mx\/wp-content\/uploads\/2023\/07\/WhatsApp-Image-2023-07-27-at-22.03.48.jpeg 1280w\" sizes=\"(max-width: 300px) 100vw, 300px\" \/><\/a><\/p>\n<p>Playa del Carmen, Solidaridad, 27 de julio del 2023.- Luego de una productiva reuni\u00f3n de trabajo, la presidenta municipal Lili Campos tom\u00f3 protesta a quienes integran el Consejo Directivo de la Asociaci\u00f3n Nacional de Municipios Tur\u00edsticos (ANMTUR), que tiene a bien presidir.<\/p>\n<p>Como presidenta de la ANMTUR, Lili Campos se\u00f1al\u00f3 que en la agenda de trabajo se tiene la tarea de actualizar el temario tur\u00edstico, trabajar en la capacitaci\u00f3n, profesionalizaci\u00f3n y certificaci\u00f3n de municipios, aunado al impulso que se le debe de dar a los destinos vacacionales.<\/p>\n<p>El Consejo Directivo que trabajar\u00e1 con Lili Campos est\u00e1 integrado por los alcaldes de Macuspana, Tabasco, Julio Guti\u00e9rrez Bocanegra; de Morole\u00f3n, Guanajuato, Alma Denisse S\u00e1nchez; de Chignahuapan, Puebla, Lorenzo Rivera Nava; de Le\u00f3n, Guanajuato, Alejandra Guti\u00e9rrez; de San Crist\u00f3bal de las Casas, Chiapas, Mariano Alberto D\u00edaz; de Esc\u00e1rcega, Campeche, Silvestre Lemus Orozco, entre otros.<\/p>\n<p><a href=\"https:\/\/l21.mx\/wp-content\/uploads\/2023\/07\/WhatsApp-Image-2023-07-27-at-22.03.49-1.jpeg\" data-rel=\"penci-gallery-image-content\" ><img decoding=\"async\" class=\"alignnone size-medium wp-image-59534\" src=\"https:\/\/l21.mx\/wp-content\/uploads\/2023\/07\/WhatsApp-Image-2023-07-27-at-22.03.49-1-300x200.jpeg\" alt=\"\" width=\"300\" height=\"200\" srcset=\"https:\/\/l21.mx\/wp-content\/uploads\/2023\/07\/WhatsApp-Image-2023-07-27-at-22.03.49-1-300x200.jpeg 300w, https:\/\/l21.mx\/wp-content\/uploads\/2023\/07\/WhatsApp-Image-2023-07-27-at-22.03.49-1-1024x682.jpeg 1024w, https:\/\/l21.mx\/wp-content\/uploads\/2023\/07\/WhatsApp-Image-2023-07-27-at-22.03.49-1-768x512.jpeg 768w, https:\/\/l21.mx\/wp-content\/uploads\/2023\/07\/WhatsApp-Image-2023-07-27-at-22.03.49-1-1200x800.jpeg 1200w, https:\/\/l21.mx\/wp-content\/uploads\/2023\/07\/WhatsApp-Image-2023-07-27-at-22.03.49-1-1170x780.jpeg 1170w, https:\/\/l21.mx\/wp-content\/uploads\/2023\/07\/WhatsApp-Image-2023-07-27-at-22.03.49-1-585x390.jpeg 585w, https:\/\/l21.mx\/wp-content\/uploads\/2023\/07\/WhatsApp-Image-2023-07-27-at-22.03.49-1-263x175.jpeg 263w, https:\/\/l21.mx\/wp-content\/uploads\/2023\/07\/WhatsApp-Image-2023-07-27-at-22.03.49-1.jpeg 1280w\" sizes=\"(max-width: 300px) 100vw, 300px\" \/><\/a><\/p>\n","protected":false},"excerpt":{"rendered":"<p>&nbsp; \u2022 Entre la agenda de trabajo se tiene la tarea de actualizar la programaci\u00f3n de&hellip;<\/p>\n","protected":false},"author":100,"featured_media":59532,"comment_status":"closed","ping_status":"closed","sticky":false,"template":"","format":"standard","meta":{"_acf_changed":false,"_lmt_disableupdate":"","_lmt_disable":"","_mbp_gutenberg_autopost":false,"footnotes":""},"categories":[23,1654],"tags":[],"class_list":["post-59531","post","type-post","status-publish","format-standard","has-post-thumbnail","hentry","category-noticias","category-solidaridad"],"acf":[],"_links":{"self":[{"href":"https:\/\/l21.mx\/index.php?rest_route=\/wp\/v2\/posts\/59531","targetHints":{"allow":["GET"]}}],"collection":[{"href":"https:\/\/l21.mx\/index.php?rest_route=\/wp\/v2\/posts"}],"about":[{"href":"https:\/\/l21.mx\/index.php?rest_route=\/wp\/v2\/types\/post"}],"author":[{"embeddable":true,"href":"https:\/\/l21.mx\/index.php?rest_route=\/wp\/v2\/users\/100"}],"replies":[{"embeddable":true,"href":"https:\/\/l21.mx\/index.php?rest_route=%2Fwp%2Fv2%2Fcomments&post=59531"}],"version-history":[{"count":0,"href":"https:\/\/l21.mx\/index.php?rest_route=\/wp\/v2\/posts\/59531\/revisions"}],"wp:featuredmedia":[{"embeddable":true,"href":"https:\/\/l21.mx\/index.php?rest_route=\/wp\/v2\/media\/59532"}],"wp:attachment":[{"href":"https:\/\/l21.mx\/index.php?rest_route=%2Fwp%2Fv2%2Fmedia&parent=59531"}],"wp:term":[{"taxonomy":"category","embeddable":true,"href":"https:\/\/l21.mx\/index.php?rest_route=%2Fwp%2Fv2%2Fcategories&post=59531"},{"taxonomy":"post_tag","embeddable":true,"href":"https:\/\/l21.mx\/index.php?rest_route=%2Fwp%2Fv2%2Ftags&post=59531"}],"curies":[{"name":"wp","href":"https:\/\/api.w.org\/{rel}","templated":true}]}}