{"id":59665,"date":"2023-08-01T16:54:57","date_gmt":"2023-08-01T21:54:57","guid":{"rendered":"https:\/\/l21.mx\/?p=59665"},"modified":"2023-08-01T16:54:57","modified_gmt":"2023-08-01T21:54:57","slug":"agosto-19-20-festival-del-globo-maya","status":"publish","type":"post","link":"https:\/\/l21.mx\/?p=59665","title":{"rendered":"Agosto 19-20 \u2022 Festival del Globo Maya"},"content":{"rendered":"<p><b>La tercera edici\u00f3n de este evento que poco a poco se est\u00e1 consolidando en la regi\u00f3n, se llevar\u00e1 a cabo en Tahmek, Yucat\u00e1n.<span class=\"Apple-converted-space\">\u00a0 <\/span>Los invitados podr\u00e1n observar el cielo encenderse con decenas de luminarias flotantes de globeros locales e invitados. La finalidad del festival es darle identidad al municipio para que lo conozcan como un pueblo de artesanos globeros que junto con los dem\u00e1s productores que se encuentran en el corredor cultural puedan vender sus obras que los ayude a mejorar su econom\u00eda. Se tiene previsto la llegada de artesanos invitados de Brasil y Colombia as\u00ed como del Estado de M\u00e9xico, Hidalgo, Michoac\u00e1n, Morelos, Veracruz y por supuesto, de diversos pueblos de Yucat\u00e1n.<\/b><\/p>\n","protected":false},"excerpt":{"rendered":"<p>La tercera edici\u00f3n de este evento que poco a poco se est\u00e1 consolidando en la regi\u00f3n,&hellip;<\/p>\n","protected":false},"author":95,"featured_media":59656,"comment_status":"closed","ping_status":"closed","sticky":false,"template":"","format":"standard","meta":{"_acf_changed":false,"_lmt_disableupdate":"","_lmt_disable":"","_mbp_gutenberg_autopost":false,"footnotes":""},"categories":[476],"tags":[],"class_list":["post-59665","post","type-post","status-publish","format-standard","has-post-thumbnail","hentry","category-agenda"],"acf":[],"_links":{"self":[{"href":"https:\/\/l21.mx\/index.php?rest_route=\/wp\/v2\/posts\/59665","targetHints":{"allow":["GET"]}}],"collection":[{"href":"https:\/\/l21.mx\/index.php?rest_route=\/wp\/v2\/posts"}],"about":[{"href":"https:\/\/l21.mx\/index.php?rest_route=\/wp\/v2\/types\/post"}],"author":[{"embeddable":true,"href":"https:\/\/l21.mx\/index.php?rest_route=\/wp\/v2\/users\/95"}],"replies":[{"embeddable":true,"href":"https:\/\/l21.mx\/index.php?rest_route=%2Fwp%2Fv2%2Fcomments&post=59665"}],"version-history":[{"count":0,"href":"https:\/\/l21.mx\/index.php?rest_route=\/wp\/v2\/posts\/59665\/revisions"}],"wp:featuredmedia":[{"embeddable":true,"href":"https:\/\/l21.mx\/index.php?rest_route=\/wp\/v2\/media\/59656"}],"wp:attachment":[{"href":"https:\/\/l21.mx\/index.php?rest_route=%2Fwp%2Fv2%2Fmedia&parent=59665"}],"wp:term":[{"taxonomy":"category","embeddable":true,"href":"https:\/\/l21.mx\/index.php?rest_route=%2Fwp%2Fv2%2Fcategories&post=59665"},{"taxonomy":"post_tag","embeddable":true,"href":"https:\/\/l21.mx\/index.php?rest_route=%2Fwp%2Fv2%2Ftags&post=59665"}],"curies":[{"name":"wp","href":"https:\/\/api.w.org\/{rel}","templated":true}]}}