{"id":59673,"date":"2023-08-01T16:56:20","date_gmt":"2023-08-01T21:56:20","guid":{"rendered":"https:\/\/l21.mx\/?p=59673"},"modified":"2023-08-01T16:56:20","modified_gmt":"2023-08-01T21:56:20","slug":"agosto-12-13-musica-de-lenguas-originarias","status":"publish","type":"post","link":"https:\/\/l21.mx\/?p=59673","title":{"rendered":"Agosto 12-13 \u2022 M\u00fasica de\u00a0Lenguas Originarias"},"content":{"rendered":"<p>&nbsp;<\/p>\n<p><b>Canc\u00fan ser\u00e1 sede del Primer Festival Internacional de M\u00fasica de Lenguas Originarias, evento que contempla conferencias, talleres, danza, ponencias y muchas otras actividades. La cita es en el Planetario Ka\u2019 Yok; entre los invitados destacan Antu Liwen, cantautora de la cultura mapuche, proveniente de Chile; tambi\u00e9n Idelfonso Palem\u00f3n Silva, quien disertar\u00e1 una ponencia acerca de la interculturalidad y su importancia para el turismo. Adem\u00e1s, la cantautora Roc\u00edo Pat, originaria de Jos\u00e9 Mar\u00eda Morelos, en la zona maya de Quintana Roo, representando las comunidades ind\u00edgenas del Caribe Mexicano.<span class=\"Apple-converted-space\">\u00a0<\/span><\/b><\/p>\n","protected":false},"excerpt":{"rendered":"<p>&nbsp; Canc\u00fan ser\u00e1 sede del Primer Festival Internacional de M\u00fasica de Lenguas Originarias, evento que contempla&hellip;<\/p>\n","protected":false},"author":95,"featured_media":59661,"comment_status":"closed","ping_status":"closed","sticky":false,"template":"","format":"standard","meta":{"_acf_changed":false,"_lmt_disableupdate":"","_lmt_disable":"","_mbp_gutenberg_autopost":false,"footnotes":""},"categories":[476],"tags":[],"class_list":["post-59673","post","type-post","status-publish","format-standard","has-post-thumbnail","hentry","category-agenda"],"acf":[],"_links":{"self":[{"href":"https:\/\/l21.mx\/index.php?rest_route=\/wp\/v2\/posts\/59673","targetHints":{"allow":["GET"]}}],"collection":[{"href":"https:\/\/l21.mx\/index.php?rest_route=\/wp\/v2\/posts"}],"about":[{"href":"https:\/\/l21.mx\/index.php?rest_route=\/wp\/v2\/types\/post"}],"author":[{"embeddable":true,"href":"https:\/\/l21.mx\/index.php?rest_route=\/wp\/v2\/users\/95"}],"replies":[{"embeddable":true,"href":"https:\/\/l21.mx\/index.php?rest_route=%2Fwp%2Fv2%2Fcomments&post=59673"}],"version-history":[{"count":0,"href":"https:\/\/l21.mx\/index.php?rest_route=\/wp\/v2\/posts\/59673\/revisions"}],"wp:featuredmedia":[{"embeddable":true,"href":"https:\/\/l21.mx\/index.php?rest_route=\/wp\/v2\/media\/59661"}],"wp:attachment":[{"href":"https:\/\/l21.mx\/index.php?rest_route=%2Fwp%2Fv2%2Fmedia&parent=59673"}],"wp:term":[{"taxonomy":"category","embeddable":true,"href":"https:\/\/l21.mx\/index.php?rest_route=%2Fwp%2Fv2%2Fcategories&post=59673"},{"taxonomy":"post_tag","embeddable":true,"href":"https:\/\/l21.mx\/index.php?rest_route=%2Fwp%2Fv2%2Ftags&post=59673"}],"curies":[{"name":"wp","href":"https:\/\/api.w.org\/{rel}","templated":true}]}}