{"id":59700,"date":"2023-08-01T17:03:13","date_gmt":"2023-08-01T22:03:13","guid":{"rendered":"https:\/\/l21.mx\/?p=59700"},"modified":"2023-08-01T17:03:13","modified_gmt":"2023-08-01T22:03:13","slug":"celebra-mara-lezama-el-30-aniversario-de-solidaridad-con-su-pueblo","status":"publish","type":"post","link":"https:\/\/l21.mx\/?p=59700","title":{"rendered":"Celebra Mara Lezama el 30 aniversario de Solidaridad con su pueblo"},"content":{"rendered":"<p>&nbsp;<\/p>\n<p>-La gobernadora de territorio, felicit\u00f3 a su pueblo, y se\u00f1al\u00f3 que Solidaridad est\u00e1 llamado a tener un destino de grandeza<\/p>\n<p>-Al participar en la sesi\u00f3n solemne de Cabildo dej\u00f3 en claro que se requerir\u00e1n capacidad de gesti\u00f3n, creatividad para que la prosperidad llegue, primero, a quienes menos tienen<\/p>\n<p><a href=\"https:\/\/l21.mx\/wp-content\/uploads\/2023\/08\/WhatsApp-Image-2023-07-28-at-22.40.04.jpeg\" data-rel=\"penci-gallery-image-content\" ><img fetchpriority=\"high\" decoding=\"async\" class=\"alignnone size-medium wp-image-59701\" src=\"https:\/\/l21.mx\/wp-content\/uploads\/2023\/08\/WhatsApp-Image-2023-07-28-at-22.40.04-200x300.jpeg\" alt=\"\" width=\"200\" height=\"300\" srcset=\"https:\/\/l21.mx\/wp-content\/uploads\/2023\/08\/WhatsApp-Image-2023-07-28-at-22.40.04-200x300.jpeg 200w, https:\/\/l21.mx\/wp-content\/uploads\/2023\/08\/WhatsApp-Image-2023-07-28-at-22.40.04-682x1024.jpeg 682w, https:\/\/l21.mx\/wp-content\/uploads\/2023\/08\/WhatsApp-Image-2023-07-28-at-22.40.04-768x1153.jpeg 768w, https:\/\/l21.mx\/wp-content\/uploads\/2023\/08\/WhatsApp-Image-2023-07-28-at-22.40.04-1023x1536.jpeg 1023w, https:\/\/l21.mx\/wp-content\/uploads\/2023\/08\/WhatsApp-Image-2023-07-28-at-22.40.04-600x900.jpeg 600w, https:\/\/l21.mx\/wp-content\/uploads\/2023\/08\/WhatsApp-Image-2023-07-28-at-22.40.04-585x878.jpeg 585w, https:\/\/l21.mx\/wp-content\/uploads\/2023\/08\/WhatsApp-Image-2023-07-28-at-22.40.04.jpeg 1066w\" sizes=\"(max-width: 200px) 100vw, 200px\" \/><\/a><\/p>\n<p>Playa del Carmen.- En el marco de la sesi\u00f3n solemne de Cabildo por el 30 aniversario de la creaci\u00f3n del municipio de Solidaridad, la gobernadora Mara Lezama Espinosa celebr\u00f3 con las y los ciudadanos y asegur\u00f3 que la transformaci\u00f3n de Quintana Roo no es solo una decisi\u00f3n pol\u00edtica o un proyecto personal o de unos cuantos sino un contundente mandato que la sociedad dio para trabajar por los que menos tienen.<\/p>\n<p>Ante los solidarenses que estuvieron en la plaza 28 de Julio Mara Lezama afirm\u00f3: \u201cque se oiga fuerte y se oiga claro\u2026 tengo la decidida voluntad de extender esa transformaci\u00f3n de la vida p\u00fablica a cada oficina de gobierno, a cada espacio y a cada rinc\u00f3n de nuestro Quintana Roo\u201d.<\/p>\n<p>Con la presencia de los representantes de los poderes, de los sectores sociales, de la ciudadan\u00eda en general, la gobernadora del estado destac\u00f3 que Solidaridad est\u00e1 llamado a tener un destino de grandeza\u2026 y un destino de grandeza no armoniza con un presente contaminado por bullicios pol\u00edticos inconducentes, que no, aportan al crecimiento, al desarrollo ni a la tranquilidad social.<\/p>\n<p>Mara Lezama propuso trabajar juntas y juntos por Solidaridad, por las y los ciudadanos que exigen altura de miras, grandeza de esp\u00edritu, voluntad personal y pol\u00edtica, dedicaci\u00f3n plena y honradez.<\/p>\n<p><a href=\"https:\/\/l21.mx\/wp-content\/uploads\/2023\/08\/WhatsApp-Image-2023-07-28-at-22.40.02.jpeg\" data-rel=\"penci-gallery-image-content\" ><img decoding=\"async\" class=\"alignnone size-medium wp-image-59703\" src=\"https:\/\/l21.mx\/wp-content\/uploads\/2023\/08\/WhatsApp-Image-2023-07-28-at-22.40.02-300x200.jpeg\" alt=\"\" width=\"300\" height=\"200\" srcset=\"https:\/\/l21.mx\/wp-content\/uploads\/2023\/08\/WhatsApp-Image-2023-07-28-at-22.40.02-300x200.jpeg 300w, https:\/\/l21.mx\/wp-content\/uploads\/2023\/08\/WhatsApp-Image-2023-07-28-at-22.40.02-1024x682.jpeg 1024w, https:\/\/l21.mx\/wp-content\/uploads\/2023\/08\/WhatsApp-Image-2023-07-28-at-22.40.02-768x512.jpeg 768w, https:\/\/l21.mx\/wp-content\/uploads\/2023\/08\/WhatsApp-Image-2023-07-28-at-22.40.02-1536x1023.jpeg 1536w, https:\/\/l21.mx\/wp-content\/uploads\/2023\/08\/WhatsApp-Image-2023-07-28-at-22.40.02-1200x800.jpeg 1200w, https:\/\/l21.mx\/wp-content\/uploads\/2023\/08\/WhatsApp-Image-2023-07-28-at-22.40.02-1170x780.jpeg 1170w, https:\/\/l21.mx\/wp-content\/uploads\/2023\/08\/WhatsApp-Image-2023-07-28-at-22.40.02-585x390.jpeg 585w, https:\/\/l21.mx\/wp-content\/uploads\/2023\/08\/WhatsApp-Image-2023-07-28-at-22.40.02-263x175.jpeg 263w, https:\/\/l21.mx\/wp-content\/uploads\/2023\/08\/WhatsApp-Image-2023-07-28-at-22.40.02.jpeg 1600w\" sizes=\"(max-width: 300px) 100vw, 300px\" \/><\/a><\/p>\n<p>Despu\u00e9s de saludar y felicitar a todos y cada uno de los solidarenses por este aniversario, la gobernadora de Quintana Roo advirti\u00f3 en los a\u00f1os siguientes traer\u00e1n para Solidaridad nuevos horizontes de desarrollo, pero tambi\u00e9n de nuevos retos.<\/p>\n<p>Record\u00f3 que por aqu\u00ed pasar\u00e1 el Tren Maya, un extraordinario proyecto del gobierno federal que es impulso al desarrollo econ\u00f3mico y la justicia social; en el municipio vecino estar\u00e1 el aeropuerto internacional \u201cFelipe Carrillo Puerto\u201d que detonar\u00e1 la regi\u00f3n y tendr\u00e1 vinculaci\u00f3n directa con la Riviera Maya.<\/p>\n","protected":false},"excerpt":{"rendered":"<p>&nbsp; -La gobernadora de territorio, felicit\u00f3 a su pueblo, y se\u00f1al\u00f3 que Solidaridad est\u00e1 llamado a&hellip;<\/p>\n","protected":false},"author":100,"featured_media":59702,"comment_status":"closed","ping_status":"closed","sticky":false,"template":"","format":"standard","meta":{"_acf_changed":false,"_lmt_disableupdate":"","_lmt_disable":"","_mbp_gutenberg_autopost":false,"footnotes":""},"categories":[23,1656],"tags":[],"class_list":["post-59700","post","type-post","status-publish","format-standard","has-post-thumbnail","hentry","category-noticias","category-quintana-roo"],"acf":[],"_links":{"self":[{"href":"https:\/\/l21.mx\/index.php?rest_route=\/wp\/v2\/posts\/59700","targetHints":{"allow":["GET"]}}],"collection":[{"href":"https:\/\/l21.mx\/index.php?rest_route=\/wp\/v2\/posts"}],"about":[{"href":"https:\/\/l21.mx\/index.php?rest_route=\/wp\/v2\/types\/post"}],"author":[{"embeddable":true,"href":"https:\/\/l21.mx\/index.php?rest_route=\/wp\/v2\/users\/100"}],"replies":[{"embeddable":true,"href":"https:\/\/l21.mx\/index.php?rest_route=%2Fwp%2Fv2%2Fcomments&post=59700"}],"version-history":[{"count":0,"href":"https:\/\/l21.mx\/index.php?rest_route=\/wp\/v2\/posts\/59700\/revisions"}],"wp:featuredmedia":[{"embeddable":true,"href":"https:\/\/l21.mx\/index.php?rest_route=\/wp\/v2\/media\/59702"}],"wp:attachment":[{"href":"https:\/\/l21.mx\/index.php?rest_route=%2Fwp%2Fv2%2Fmedia&parent=59700"}],"wp:term":[{"taxonomy":"category","embeddable":true,"href":"https:\/\/l21.mx\/index.php?rest_route=%2Fwp%2Fv2%2Fcategories&post=59700"},{"taxonomy":"post_tag","embeddable":true,"href":"https:\/\/l21.mx\/index.php?rest_route=%2Fwp%2Fv2%2Ftags&post=59700"}],"curies":[{"name":"wp","href":"https:\/\/api.w.org\/{rel}","templated":true}]}}