{"id":59801,"date":"2023-07-28T17:25:18","date_gmt":"2023-07-28T22:25:18","guid":{"rendered":"https:\/\/l21.mx\/?p=59801"},"modified":"2023-08-01T17:26:50","modified_gmt":"2023-08-01T22:26:50","slug":"inaugura-lili-campos-avenida-heroico-colegio-militar","status":"publish","type":"post","link":"https:\/\/l21.mx\/?p=59801","title":{"rendered":"Inaugura Lili Campos avenida Heroico Colegio Militar"},"content":{"rendered":"<p>&nbsp;<\/p>\n<p>\u2022 Un reconocimiento para la posteridad del Bicentenario del Heroico Colegio Militar, en el marco del 30 Aniversario de la creaci\u00f3n de Solidaridad como municipio libre<\/p>\n<p><a href=\"https:\/\/l21.mx\/wp-content\/uploads\/2023\/08\/WhatsApp-Image-2023-07-28-at-12.58.37.jpeg\" data-rel=\"penci-gallery-image-content\" ><img fetchpriority=\"high\" decoding=\"async\" class=\"alignnone size-medium wp-image-59804\" src=\"https:\/\/l21.mx\/wp-content\/uploads\/2023\/08\/WhatsApp-Image-2023-07-28-at-12.58.37-300x187.jpeg\" alt=\"\" width=\"300\" height=\"187\" srcset=\"https:\/\/l21.mx\/wp-content\/uploads\/2023\/08\/WhatsApp-Image-2023-07-28-at-12.58.37-300x187.jpeg 300w, https:\/\/l21.mx\/wp-content\/uploads\/2023\/08\/WhatsApp-Image-2023-07-28-at-12.58.37-1024x637.jpeg 1024w, https:\/\/l21.mx\/wp-content\/uploads\/2023\/08\/WhatsApp-Image-2023-07-28-at-12.58.37-768x478.jpeg 768w, https:\/\/l21.mx\/wp-content\/uploads\/2023\/08\/WhatsApp-Image-2023-07-28-at-12.58.37-1200x747.jpeg 1200w, https:\/\/l21.mx\/wp-content\/uploads\/2023\/08\/WhatsApp-Image-2023-07-28-at-12.58.37-1170x728.jpeg 1170w, https:\/\/l21.mx\/wp-content\/uploads\/2023\/08\/WhatsApp-Image-2023-07-28-at-12.58.37-585x364.jpeg 585w, https:\/\/l21.mx\/wp-content\/uploads\/2023\/08\/WhatsApp-Image-2023-07-28-at-12.58.37.jpeg 1279w\" sizes=\"(max-width: 300px) 100vw, 300px\" \/><\/a><\/p>\n<p>Playa del Carmen, Solidaridad, 28 de Julio del 2023.- \u00abUniendo dos celebraciones, el bicentenario del Heroico Colegio Militar y el 30 Aniversario de Solidaridad, es como iniciamos este d\u00eda tan especial para nosotros los solidarenses\u00bb, destac\u00f3 la presidenta Lili Campos en la revelaci\u00f3n de la placa y bustos de los Ni\u00f1os H\u00e9roes y el nombramiento de la Avenida en honor al Heroico Colegio Militar.<\/p>\n<p>Durante el evento, la edil solidarense precis\u00f3: \u00abhoy estamos conmemorando, reconociendo y agradeciendo a nuestras fuerzas militares, no solamente a quienes est\u00e1n presentes aqu\u00ed, sino a todos los que conforman el Ej\u00e9rcito, la Guardia Nacional, la Fuerza A\u00e9rea, la Marina, porque todas y todos ellos dan la vida por cada mexicano, por lo que hoy es reconocido por ese bicentenario aqu\u00ed en una avenida denominada Heroico Colegio Militar\u00bb.<\/p>\n<p>Posteriormente la presidenta Lili Campos, en compa\u00f1\u00eda de las autoridades militares, devel\u00f3 la placa alusiva a la inauguraci\u00f3n de la \u201cAvenida Heroico Colegio Militar\u201d y la colocaci\u00f3n de seis bustos de los Ni\u00f1os H\u00e9roes.<\/p>\n<p><a href=\"https:\/\/l21.mx\/wp-content\/uploads\/2023\/08\/WhatsApp-Image-2023-07-28-at-12.59.52.jpeg\" data-rel=\"penci-gallery-image-content\" ><img decoding=\"async\" class=\"alignnone size-medium wp-image-59803\" src=\"https:\/\/l21.mx\/wp-content\/uploads\/2023\/08\/WhatsApp-Image-2023-07-28-at-12.59.52-300x200.jpeg\" alt=\"\" width=\"300\" height=\"200\" srcset=\"https:\/\/l21.mx\/wp-content\/uploads\/2023\/08\/WhatsApp-Image-2023-07-28-at-12.59.52-300x200.jpeg 300w, https:\/\/l21.mx\/wp-content\/uploads\/2023\/08\/WhatsApp-Image-2023-07-28-at-12.59.52-1024x683.jpeg 1024w, https:\/\/l21.mx\/wp-content\/uploads\/2023\/08\/WhatsApp-Image-2023-07-28-at-12.59.52-768x512.jpeg 768w, https:\/\/l21.mx\/wp-content\/uploads\/2023\/08\/WhatsApp-Image-2023-07-28-at-12.59.52-1200x800.jpeg 1200w, https:\/\/l21.mx\/wp-content\/uploads\/2023\/08\/WhatsApp-Image-2023-07-28-at-12.59.52-1170x780.jpeg 1170w, https:\/\/l21.mx\/wp-content\/uploads\/2023\/08\/WhatsApp-Image-2023-07-28-at-12.59.52-585x390.jpeg 585w, https:\/\/l21.mx\/wp-content\/uploads\/2023\/08\/WhatsApp-Image-2023-07-28-at-12.59.52-263x175.jpeg 263w, https:\/\/l21.mx\/wp-content\/uploads\/2023\/08\/WhatsApp-Image-2023-07-28-at-12.59.52.jpeg 1279w\" sizes=\"(max-width: 300px) 100vw, 300px\" \/><\/a><\/p>\n<p>Asimismo, el General de Brigada Diplomado Estado Mayor, H\u00e9ctor Jim\u00e9nez Aldana, Comandante de la 34 Zona Militar, dijo: \u00abes un honor estar aqu\u00ed con ustedes para celebrar la conmemoraci\u00f3n del 30 aniversario de la creaci\u00f3n del municipio de Solidaridad y, al mismo tiempo, reconocer a nuestra Alma M\u00e1ter, el Heroico Colegio Militar. Hoy, a 200 a\u00f1os de su creaci\u00f3n, sigue siendo una de las instituciones de mayor tradici\u00f3n en M\u00e9xico, en donde se forjan los futuros mandos del Ej\u00e9rcito Mexicano\u00bb.<\/p>\n<p>Asimismo, el subteniente Tapia, la cirujano dentista Le\u00f3n Moreno y la soldado de la Guardia Nacional Esther Ketz declamaron el poema \u201cEl Credo\u201d. Posteriormente, el comandante H\u00e9ctor Jim\u00e9nez hizo el pase de lista de honor a los h\u00e9roes de Chapultepec y de Veracruz de 1846 y de 1914.<\/p>\n","protected":false},"excerpt":{"rendered":"<p>&nbsp; \u2022 Un reconocimiento para la posteridad del Bicentenario del Heroico Colegio Militar, en el marco&hellip;<\/p>\n","protected":false},"author":100,"featured_media":59802,"comment_status":"closed","ping_status":"closed","sticky":false,"template":"","format":"standard","meta":{"_acf_changed":false,"_lmt_disableupdate":"","_lmt_disable":"","_mbp_gutenberg_autopost":false,"footnotes":""},"categories":[1654],"tags":[],"class_list":["post-59801","post","type-post","status-publish","format-standard","has-post-thumbnail","hentry","category-solidaridad"],"acf":[],"_links":{"self":[{"href":"https:\/\/l21.mx\/index.php?rest_route=\/wp\/v2\/posts\/59801","targetHints":{"allow":["GET"]}}],"collection":[{"href":"https:\/\/l21.mx\/index.php?rest_route=\/wp\/v2\/posts"}],"about":[{"href":"https:\/\/l21.mx\/index.php?rest_route=\/wp\/v2\/types\/post"}],"author":[{"embeddable":true,"href":"https:\/\/l21.mx\/index.php?rest_route=\/wp\/v2\/users\/100"}],"replies":[{"embeddable":true,"href":"https:\/\/l21.mx\/index.php?rest_route=%2Fwp%2Fv2%2Fcomments&post=59801"}],"version-history":[{"count":0,"href":"https:\/\/l21.mx\/index.php?rest_route=\/wp\/v2\/posts\/59801\/revisions"}],"wp:featuredmedia":[{"embeddable":true,"href":"https:\/\/l21.mx\/index.php?rest_route=\/wp\/v2\/media\/59802"}],"wp:attachment":[{"href":"https:\/\/l21.mx\/index.php?rest_route=%2Fwp%2Fv2%2Fmedia&parent=59801"}],"wp:term":[{"taxonomy":"category","embeddable":true,"href":"https:\/\/l21.mx\/index.php?rest_route=%2Fwp%2Fv2%2Fcategories&post=59801"},{"taxonomy":"post_tag","embeddable":true,"href":"https:\/\/l21.mx\/index.php?rest_route=%2Fwp%2Fv2%2Ftags&post=59801"}],"curies":[{"name":"wp","href":"https:\/\/api.w.org\/{rel}","templated":true}]}}