{"id":59823,"date":"2023-07-30T17:32:17","date_gmt":"2023-07-30T22:32:17","guid":{"rendered":"https:\/\/l21.mx\/?p=59823"},"modified":"2023-08-01T17:33:21","modified_gmt":"2023-08-01T22:33:21","slug":"ofrece-solidaridad-playas-de-altos-estandares-de-calidad-a-turistas","status":"publish","type":"post","link":"https:\/\/l21.mx\/?p=59823","title":{"rendered":"Ofrece Solidaridad Playas de altos est\u00e1ndares de calidad a turistas"},"content":{"rendered":"<p>&nbsp;<\/p>\n<p>Playa del Carmen Solidaridad a 30 de julio del 2023.- Con una exitosa temporada vacacional las diversas playas de Solidaridad se encuentran en \u00f3ptimas condiciones para recibir a turistas nacionales y extranjeros, entre estas las seis playas Blue Flag y dos inclusivas que el gobierno municipal que preside Lili Campos administra y dot\u00f3 de servicios p\u00fablicos en beneficio de personas con alguna discapacidad y adultos mayores.<\/p>\n<p><a href=\"https:\/\/l21.mx\/wp-content\/uploads\/2023\/08\/WhatsApp-Image-2023-07-30-at-14.04.09.jpeg\" data-rel=\"penci-gallery-image-content\" ><img fetchpriority=\"high\" decoding=\"async\" class=\"alignnone size-medium wp-image-59824\" src=\"https:\/\/l21.mx\/wp-content\/uploads\/2023\/08\/WhatsApp-Image-2023-07-30-at-14.04.09-300x200.jpeg\" alt=\"\" width=\"300\" height=\"200\" srcset=\"https:\/\/l21.mx\/wp-content\/uploads\/2023\/08\/WhatsApp-Image-2023-07-30-at-14.04.09-300x200.jpeg 300w, https:\/\/l21.mx\/wp-content\/uploads\/2023\/08\/WhatsApp-Image-2023-07-30-at-14.04.09-1024x682.jpeg 1024w, https:\/\/l21.mx\/wp-content\/uploads\/2023\/08\/WhatsApp-Image-2023-07-30-at-14.04.09-768x512.jpeg 768w, https:\/\/l21.mx\/wp-content\/uploads\/2023\/08\/WhatsApp-Image-2023-07-30-at-14.04.09-1200x800.jpeg 1200w, https:\/\/l21.mx\/wp-content\/uploads\/2023\/08\/WhatsApp-Image-2023-07-30-at-14.04.09-1170x780.jpeg 1170w, https:\/\/l21.mx\/wp-content\/uploads\/2023\/08\/WhatsApp-Image-2023-07-30-at-14.04.09-585x390.jpeg 585w, https:\/\/l21.mx\/wp-content\/uploads\/2023\/08\/WhatsApp-Image-2023-07-30-at-14.04.09-263x175.jpeg 263w, https:\/\/l21.mx\/wp-content\/uploads\/2023\/08\/WhatsApp-Image-2023-07-30-at-14.04.09.jpeg 1280w\" sizes=\"(max-width: 300px) 100vw, 300px\" \/><\/a><\/p>\n<p>La secretaria de medio ambiente sustentable y cambio clim\u00e1tico, Lourdes V\u00e1rgues Ocampo asegur\u00f3 que las playas ubicadas entre playa Caribe y Xccalacoco, as\u00ed como los 20 accesos a las mismas, se encuentran en \u00f3ptimas condiciones para su uso y disfrute, trabajando con los tres \u00f3rdenes de gobierno para garantizar la integridad f\u00edsica de locales y visitantes.<\/p>\n<p>Record\u00f3 que con la inauguraci\u00f3n de la playa Pel\u00edcanos con certificaci\u00f3n y distintivo Blue flag y platino, suman seis a cargo de la autoridad municipal, dos de estas inclusivas (Punta Esmeralda y Pel\u00edcanos) y dotadas de servicios p\u00fablicos como: acceso digno, sanitarios, regaderas, palapas para sombra, aunado al apoyo humano para utilizar equipo acu\u00e1tico y disfrutar del mar Caribe.<\/p>\n<p>A una semana del inicio de las vacaciones de verano, el arribo de locales visitantes y turistas se cuenta por miles cada d\u00eda en los arenales de este polo vacacional, principalmente en las c\u00e9ntricas playas, Constituyentes, Mamita&#8217;s, calle 72, calle 88, Pel\u00edcanos, Golondrinas, Punta Esmeralda e Xcalacoco, donde afortunadamente todo ha transcurrido en calma.<\/p>\n<p><a href=\"https:\/\/l21.mx\/wp-content\/uploads\/2023\/08\/WhatsApp-Image-2023-07-30-at-14.04.12.jpeg\" data-rel=\"penci-gallery-image-content\" ><img decoding=\"async\" class=\"alignnone size-medium wp-image-59826\" src=\"https:\/\/l21.mx\/wp-content\/uploads\/2023\/08\/WhatsApp-Image-2023-07-30-at-14.04.12-300x200.jpeg\" alt=\"\" width=\"300\" height=\"200\" srcset=\"https:\/\/l21.mx\/wp-content\/uploads\/2023\/08\/WhatsApp-Image-2023-07-30-at-14.04.12-300x200.jpeg 300w, https:\/\/l21.mx\/wp-content\/uploads\/2023\/08\/WhatsApp-Image-2023-07-30-at-14.04.12-1024x683.jpeg 1024w, https:\/\/l21.mx\/wp-content\/uploads\/2023\/08\/WhatsApp-Image-2023-07-30-at-14.04.12-768x512.jpeg 768w, https:\/\/l21.mx\/wp-content\/uploads\/2023\/08\/WhatsApp-Image-2023-07-30-at-14.04.12-1200x800.jpeg 1200w, https:\/\/l21.mx\/wp-content\/uploads\/2023\/08\/WhatsApp-Image-2023-07-30-at-14.04.12-1170x780.jpeg 1170w, https:\/\/l21.mx\/wp-content\/uploads\/2023\/08\/WhatsApp-Image-2023-07-30-at-14.04.12-585x390.jpeg 585w, https:\/\/l21.mx\/wp-content\/uploads\/2023\/08\/WhatsApp-Image-2023-07-30-at-14.04.12-263x175.jpeg 263w, https:\/\/l21.mx\/wp-content\/uploads\/2023\/08\/WhatsApp-Image-2023-07-30-at-14.04.12.jpeg 1296w\" sizes=\"(max-width: 300px) 100vw, 300px\" \/><\/a><\/p>\n","protected":false},"excerpt":{"rendered":"<p>&nbsp; Playa del Carmen Solidaridad a 30 de julio del 2023.- Con una exitosa temporada vacacional&hellip;<\/p>\n","protected":false},"author":100,"featured_media":59825,"comment_status":"closed","ping_status":"closed","sticky":false,"template":"","format":"standard","meta":{"_acf_changed":false,"_lmt_disableupdate":"","_lmt_disable":"","_mbp_gutenberg_autopost":false,"footnotes":""},"categories":[1654],"tags":[],"class_list":["post-59823","post","type-post","status-publish","format-standard","has-post-thumbnail","hentry","category-solidaridad"],"acf":[],"_links":{"self":[{"href":"https:\/\/l21.mx\/index.php?rest_route=\/wp\/v2\/posts\/59823","targetHints":{"allow":["GET"]}}],"collection":[{"href":"https:\/\/l21.mx\/index.php?rest_route=\/wp\/v2\/posts"}],"about":[{"href":"https:\/\/l21.mx\/index.php?rest_route=\/wp\/v2\/types\/post"}],"author":[{"embeddable":true,"href":"https:\/\/l21.mx\/index.php?rest_route=\/wp\/v2\/users\/100"}],"replies":[{"embeddable":true,"href":"https:\/\/l21.mx\/index.php?rest_route=%2Fwp%2Fv2%2Fcomments&post=59823"}],"version-history":[{"count":0,"href":"https:\/\/l21.mx\/index.php?rest_route=\/wp\/v2\/posts\/59823\/revisions"}],"wp:featuredmedia":[{"embeddable":true,"href":"https:\/\/l21.mx\/index.php?rest_route=\/wp\/v2\/media\/59825"}],"wp:attachment":[{"href":"https:\/\/l21.mx\/index.php?rest_route=%2Fwp%2Fv2%2Fmedia&parent=59823"}],"wp:term":[{"taxonomy":"category","embeddable":true,"href":"https:\/\/l21.mx\/index.php?rest_route=%2Fwp%2Fv2%2Fcategories&post=59823"},{"taxonomy":"post_tag","embeddable":true,"href":"https:\/\/l21.mx\/index.php?rest_route=%2Fwp%2Fv2%2Ftags&post=59823"}],"curies":[{"name":"wp","href":"https:\/\/api.w.org\/{rel}","templated":true}]}}