{"id":59862,"date":"2023-07-31T17:50:50","date_gmt":"2023-07-31T22:50:50","guid":{"rendered":"https:\/\/l21.mx\/?p=59862"},"modified":"2023-08-01T17:52:16","modified_gmt":"2023-08-01T22:52:16","slug":"quintanarroenses-logran-3-preseas-en-el-clasificatorio-nacional-2023-de-luchas-asociadas","status":"publish","type":"post","link":"https:\/\/l21.mx\/?p=59862","title":{"rendered":"Quintanarroenses logran 3 preseas en el Clasificatorio Nacional 2023 de luchas asociadas"},"content":{"rendered":"<p>&nbsp;<\/p>\n<p>&#8211; Una medalla de oro y dos m\u00e1s de bronce, fue lo que lograron los representantes del estado en el certamen realizado en Oaxtepec<\/p>\n<p><a href=\"https:\/\/l21.mx\/wp-content\/uploads\/2023\/08\/WhatsApp-Image-2023-07-31-at-15.34.29.jpeg\" data-rel=\"penci-gallery-image-content\" ><img fetchpriority=\"high\" decoding=\"async\" class=\"alignnone size-medium wp-image-59865\" src=\"https:\/\/l21.mx\/wp-content\/uploads\/2023\/08\/WhatsApp-Image-2023-07-31-at-15.34.29-300x224.jpeg\" alt=\"\" width=\"300\" height=\"224\" srcset=\"https:\/\/l21.mx\/wp-content\/uploads\/2023\/08\/WhatsApp-Image-2023-07-31-at-15.34.29-300x224.jpeg 300w, https:\/\/l21.mx\/wp-content\/uploads\/2023\/08\/WhatsApp-Image-2023-07-31-at-15.34.29-1024x766.jpeg 1024w, https:\/\/l21.mx\/wp-content\/uploads\/2023\/08\/WhatsApp-Image-2023-07-31-at-15.34.29-768x575.jpeg 768w, https:\/\/l21.mx\/wp-content\/uploads\/2023\/08\/WhatsApp-Image-2023-07-31-at-15.34.29-1170x875.jpeg 1170w, https:\/\/l21.mx\/wp-content\/uploads\/2023\/08\/WhatsApp-Image-2023-07-31-at-15.34.29-585x438.jpeg 585w, https:\/\/l21.mx\/wp-content\/uploads\/2023\/08\/WhatsApp-Image-2023-07-31-at-15.34.29.jpeg 1187w\" sizes=\"(max-width: 300px) 100vw, 300px\" \/><\/a><\/p>\n<p>Un equipo de Quintana Roo en la disciplina de luchas asociadas y que estuvo conformado por tres atletas, dos entrenadores y un \u00e1rbitro, tuvo una destacada participaci\u00f3n durante el torneo \u201c4\u00ba Clasificatorio Nacional 2023\u201d, esto luego de obtener un total de tres preseas (un oro y dos bronces), en el certamen realizado en Oaxtepec, Morelos<\/p>\n<p>\u201cSiempre ser\u00e1 de mucha alegr\u00eda anunciar que las y los deportistas de Quintana Roo dan buenos resultados en sus respectivas competencias y ahora fue el caso para tres j\u00f3venes de luchas asociadas, que adem\u00e1s de lograr medalla, est\u00e1n en la posibilidad y la pelea de conformar la preselecci\u00f3n de M\u00e9xico, para nosotros son un gran orgullo para el estado\u201d, coment\u00f3 Eric Arcila Arjona, presidente de la Comisi\u00f3n para la Juventud y el Deporte de Quintana Roo (COJUDEQ).<\/p>\n<p>Cabe resaltar que este torneo fue de suma importancia para la disciplina de luchas asociadas, y a que sirvi\u00f3 para conformar a las preselecciones nacionales, las cuales aspiran a representar a M\u00e9xico en los eventos internacionales para este 2023 y en el caso de los quintanarroenses, quienes viajaron con respaldo de la COJUDEQ, se mantienen en es posibilidad de ser llamados.<\/p>\n<p>El primero que entr\u00f3 en acci\u00f3n, fue el oriundo de Felipe Carrillo Puerto, Jos\u00e9 Adri\u00e1n Chan Canul, quien hizo muestra de su gran t\u00e9cnica y brill\u00f3 con luz propia al obtener una presea de oro, esto en la prueba de los 52 kilos de la categor\u00eda Escolar y correspondiente a la especialidad de Grecorromana.<\/p>\n<p>Por su parte, en lo que fue la prueba de los 48 kilos de la especialidad Libre de la categor\u00eda Escolar, Quintana Roo volvi\u00f3 a estar entre los mejores, ya que el cozumele\u00f1o \u00c1ngel Guadalupe Sulub Gamboa se adjudic\u00f3 una medalla de bronce.<\/p>\n<p>El otro metal de bronce, fue gracias a la gran actuaci\u00f3n del oriundo de Chetumal, Jos\u00e9 Fernando Hern\u00e1ndez Bautista, quien se subi\u00f3 al podio como mejor tercero de la divisi\u00f3n de los 52 kilos, correspondiente a la categor\u00eda Escolares de la especialidad Libre.<\/p>\n<p>Estos tres luchadores quintanarroenses ya cuentan con experiencia y es que hay que recordar que durante los Nacionales CONADE 2023, Hern\u00e1ndez Bautista y Chan Canul se colgaron cada uno una presea de oro; mientras Sulub Gamboa se adjudic\u00f3 un metal de plata.<\/p>\n<p>Los j\u00f3venes atletas estuvieron acompa\u00f1ados por los entrenadores Lauriano Licea Jim\u00e9nez y Pascual Rodr\u00edguez Rodr\u00edguez, adem\u00e1s del \u00e1rbitro Jos\u00e9 Manuel Beytia Carde\u00f1a.<\/p>\n","protected":false},"excerpt":{"rendered":"<p>&nbsp; &#8211; Una medalla de oro y dos m\u00e1s de bronce, fue lo que lograron los&hellip;<\/p>\n","protected":false},"author":100,"featured_media":59864,"comment_status":"closed","ping_status":"closed","sticky":false,"template":"","format":"standard","meta":{"_acf_changed":false,"_lmt_disableupdate":"","_lmt_disable":"","_mbp_gutenberg_autopost":false,"footnotes":""},"categories":[1689],"tags":[],"class_list":["post-59862","post","type-post","status-publish","format-standard","has-post-thumbnail","hentry","category-deporte-y-salud"],"acf":[],"_links":{"self":[{"href":"https:\/\/l21.mx\/index.php?rest_route=\/wp\/v2\/posts\/59862","targetHints":{"allow":["GET"]}}],"collection":[{"href":"https:\/\/l21.mx\/index.php?rest_route=\/wp\/v2\/posts"}],"about":[{"href":"https:\/\/l21.mx\/index.php?rest_route=\/wp\/v2\/types\/post"}],"author":[{"embeddable":true,"href":"https:\/\/l21.mx\/index.php?rest_route=\/wp\/v2\/users\/100"}],"replies":[{"embeddable":true,"href":"https:\/\/l21.mx\/index.php?rest_route=%2Fwp%2Fv2%2Fcomments&post=59862"}],"version-history":[{"count":0,"href":"https:\/\/l21.mx\/index.php?rest_route=\/wp\/v2\/posts\/59862\/revisions"}],"wp:featuredmedia":[{"embeddable":true,"href":"https:\/\/l21.mx\/index.php?rest_route=\/wp\/v2\/media\/59864"}],"wp:attachment":[{"href":"https:\/\/l21.mx\/index.php?rest_route=%2Fwp%2Fv2%2Fmedia&parent=59862"}],"wp:term":[{"taxonomy":"category","embeddable":true,"href":"https:\/\/l21.mx\/index.php?rest_route=%2Fwp%2Fv2%2Fcategories&post=59862"},{"taxonomy":"post_tag","embeddable":true,"href":"https:\/\/l21.mx\/index.php?rest_route=%2Fwp%2Fv2%2Ftags&post=59862"}],"curies":[{"name":"wp","href":"https:\/\/api.w.org\/{rel}","templated":true}]}}