{"id":59931,"date":"2023-08-01T08:52:09","date_gmt":"2023-08-01T13:52:09","guid":{"rendered":"https:\/\/l21.mx\/?p=59931"},"modified":"2023-08-02T08:52:53","modified_gmt":"2023-08-02T13:52:53","slug":"las-cosas-no-son-infinitas","status":"publish","type":"post","link":"https:\/\/l21.mx\/?p=59931","title":{"rendered":"Las cosas no son infinitas"},"content":{"rendered":"<p>&nbsp;<\/p>\n<p>&nbsp;<\/p>\n<p>Definitivamente las cosas no son infinitas, ya que si lo fueran \u00a1no tendr\u00edan valor!<\/p>\n<p>\u00bfTe ha pasado que de pronto le reclamas al universo la falta de tiempo?<\/p>\n<p>Despiertas, tomas un caf\u00e9 r\u00e1pidamente, te vistes, conduces hacia el trabajo, apenas comes algo o muchas veces lo haces en el transporte mismo; todo eso en modo autom\u00e1tico, con el pensamiento en las tareas pendientes o en los problemas por resolver. Empiezas a contestar el tel\u00e9fono, atender las cosas \u00aburgentes\u00bb y tienes la sensaci\u00f3n de que algo te falta o se te est\u00e1 olvidando alguna de las cosas que pensabas o necesitabas hacer.<\/p>\n<p>Llegas al trabajo y atiendes los mensajes, WhatsApp, redes sociales y muchas veces haces dos o tres cosas al mismo tiempo. \u00bfEn qu\u00e9 momento empezaste a vivir as\u00ed?<\/p>\n<p>\u00bfY si respiras? \u00bfSi te das la oportunidad de tomar conciencia del momento presente, si agradecemos el pasado, sea cual sea, y so\u00f1amos con un futuro prometedor&#8230;?<\/p>\n<p>Si todo el d\u00eda estamos haciendo cosas y la mayor\u00eda de ellas son de manera mec\u00e1nica, al finalizar la noche estaremos f\u00edsicamente cansados y sin energ\u00eda. Pero si durante el d\u00eda nos permitimos momentos de conciencia, de respiraci\u00f3n profunda, de estiramiento, de ejercicio y de risas, sabremos que vamos por buen camino.<\/p>\n<p>Dicen que cada paso es y ser\u00e1 siempre un avance, incluso cuando sea muy peque\u00f1o&#8230; Pero el mejor momento es este, ahora, el presente&#8230;<\/p>\n<p>\u00bfCu\u00e1ntas cosas dejamos para despu\u00e9s, inmersos en la cotidianidad del d\u00eda a d\u00eda?<\/p>\n<p>Hace unos d\u00edas falleci\u00f3 una persona con la que ten\u00eda pendiente tomar un caf\u00e9, y varias veces pospusimos ese encuentro debido a nuestras actividades, y ahora se ha vuelto eterno&#8230; ya no podr\u00e9 verla ni platicar como se hab\u00eda planeado.<\/p>\n<p>No dejemos pasar las oportunidades de decirle a las personas que amamos cu\u00e1nto las queremos; no dejemos de abrazarlas, besarlas, preocuparnos por ellas, no permitamos que el enojo o el rencor perduren, perdonemos, pidamos perd\u00f3n, no dejemos que los sentimientos se empolven, no dejemos que sea demasiado tarde&#8230;<\/p>\n<p>S\u00e9 que en alg\u00fan momento, en el otro plano, podremos tomar ese caf\u00e9 pendiente, pero por ahora te mando un abrazo hasta el cielo @JoeSilva.<\/p>\n","protected":false},"excerpt":{"rendered":"<p>&nbsp; &nbsp; Definitivamente las cosas no son infinitas, ya que si lo fueran \u00a1no tendr\u00edan valor!&hellip;<\/p>\n","protected":false},"author":100,"featured_media":49556,"comment_status":"closed","ping_status":"closed","sticky":false,"template":"","format":"standard","meta":{"_acf_changed":false,"_lmt_disableupdate":"","_lmt_disable":"","_mbp_gutenberg_autopost":false,"footnotes":""},"categories":[671],"tags":[],"class_list":["post-59931","post","type-post","status-publish","format-standard","has-post-thumbnail","hentry","category-david-asencio"],"acf":[],"yoast_head":"<!-- This site is optimized with the Yoast SEO plugin v27.3 - https:\/\/yoast.com\/product\/yoast-seo-wordpress\/ -->\n<title>Las cosas no son infinitas | Revista Latitud 21<\/title>\n<meta name=\"description\" content=\"L21, Emprendedores y Negocios en el Caribe Mexicano, es la revista l\u00edder entre el Sector Empresarial y Tur\u00edstico del Caribe Mexicano.\" \/>\n<meta name=\"robots\" content=\"index, follow, max-snippet:-1, max-image-preview:large, max-video-preview:-1\" \/>\n<link rel=\"canonical\" href=\"https:\/\/l21.mx\/?p=59931\" \/>\n<meta name=\"twitter:card\" content=\"summary_large_image\" \/>\n<meta name=\"twitter:title\" content=\"Las cosas no son infinitas | Revista Latitud 21\" \/>\n<meta name=\"twitter:description\" content=\"L21, Emprendedores y Negocios en el Caribe Mexicano, es la revista l\u00edder entre el Sector Empresarial y Tur\u00edstico del Caribe Mexicano.\" \/>\n<meta name=\"twitter:image\" content=\"https:\/\/l21.mx\/wp-content\/uploads\/2021\/04\/david-asencio-empleate.jpg\" \/>\n<meta name=\"twitter:creator\" content=\"@Latitud21mx\" \/>\n<meta name=\"twitter:site\" content=\"@Latitud21mx\" \/>\n<meta name=\"twitter:label1\" content=\"Escrito por\" \/>\n\t<meta name=\"twitter:data1\" content=\"NellyG\" \/>\n\t<meta name=\"twitter:label2\" content=\"Tiempo de lectura\" \/>\n\t<meta name=\"twitter:data2\" content=\"2 minutos\" \/>\n<script type=\"application\/ld+json\" class=\"yoast-schema-graph\">{\"@context\":\"https:\\\/\\\/schema.org\",\"@graph\":[{\"@type\":\"Article\",\"@id\":\"https:\\\/\\\/l21.mx\\\/?p=59931#article\",\"isPartOf\":{\"@id\":\"https:\\\/\\\/l21.mx\\\/?p=59931\"},\"author\":{\"name\":\"NellyG\",\"@id\":\"https:\\\/\\\/l21.mx\\\/#\\\/schema\\\/person\\\/cca68595b80b2f6c4c55a8b254bfbb2a\"},\"headline\":\"Las cosas no son infinitas\",\"datePublished\":\"2023-08-01T13:52:09+00:00\",\"dateModified\":\"2023-08-02T13:52:53+00:00\",\"mainEntityOfPage\":{\"@id\":\"https:\\\/\\\/l21.mx\\\/?p=59931\"},\"wordCount\":389,\"publisher\":{\"@id\":\"https:\\\/\\\/l21.mx\\\/#organization\"},\"image\":{\"@id\":\"https:\\\/\\\/l21.mx\\\/?p=59931#primaryimage\"},\"thumbnailUrl\":\"https:\\\/\\\/l21.mx\\\/wp-content\\\/uploads\\\/2021\\\/04\\\/david-asencio-empleate.jpg\",\"articleSection\":[\"David Asencio\"],\"inLanguage\":\"es\"},{\"@type\":\"WebPage\",\"@id\":\"https:\\\/\\\/l21.mx\\\/?p=59931\",\"url\":\"https:\\\/\\\/l21.mx\\\/?p=59931\",\"name\":\"Las cosas no son infinitas | Revista Latitud 21\",\"isPartOf\":{\"@id\":\"https:\\\/\\\/l21.mx\\\/#website\"},\"primaryImageOfPage\":{\"@id\":\"https:\\\/\\\/l21.mx\\\/?p=59931#primaryimage\"},\"image\":{\"@id\":\"https:\\\/\\\/l21.mx\\\/?p=59931#primaryimage\"},\"thumbnailUrl\":\"https:\\\/\\\/l21.mx\\\/wp-content\\\/uploads\\\/2021\\\/04\\\/david-asencio-empleate.jpg\",\"datePublished\":\"2023-08-01T13:52:09+00:00\",\"dateModified\":\"2023-08-02T13:52:53+00:00\",\"description\":\"L21, Emprendedores y Negocios en el Caribe Mexicano, es la revista l\u00edder entre el Sector Empresarial y Tur\u00edstico del Caribe Mexicano.\",\"breadcrumb\":{\"@id\":\"https:\\\/\\\/l21.mx\\\/?p=59931#breadcrumb\"},\"inLanguage\":\"es\",\"potentialAction\":[{\"@type\":\"ReadAction\",\"target\":[\"https:\\\/\\\/l21.mx\\\/?p=59931\"]}]},{\"@type\":\"ImageObject\",\"inLanguage\":\"es\",\"@id\":\"https:\\\/\\\/l21.mx\\\/?p=59931#primaryimage\",\"url\":\"https:\\\/\\\/l21.mx\\\/wp-content\\\/uploads\\\/2021\\\/04\\\/david-asencio-empleate.jpg\",\"contentUrl\":\"https:\\\/\\\/l21.mx\\\/wp-content\\\/uploads\\\/2021\\\/04\\\/david-asencio-empleate.jpg\",\"width\":\"900\",\"height\":\"599\"},{\"@type\":\"BreadcrumbList\",\"@id\":\"https:\\\/\\\/l21.mx\\\/?p=59931#breadcrumb\",\"itemListElement\":[{\"@type\":\"ListItem\",\"position\":1,\"name\":\"Portada\",\"item\":\"https:\\\/\\\/l21.mx\\\/\"},{\"@type\":\"ListItem\",\"position\":2,\"name\":\"Las cosas no son infinitas\"}]},{\"@type\":\"WebSite\",\"@id\":\"https:\\\/\\\/l21.mx\\\/#website\",\"url\":\"https:\\\/\\\/l21.mx\\\/\",\"name\":\"Revista Latitud 21\",\"description\":\"Emprendedores  y negocios en el Caribe Mexicano\",\"publisher\":{\"@id\":\"https:\\\/\\\/l21.mx\\\/#organization\"},\"potentialAction\":[{\"@type\":\"SearchAction\",\"target\":{\"@type\":\"EntryPoint\",\"urlTemplate\":\"https:\\\/\\\/l21.mx\\\/?s={search_term_string}\"},\"query-input\":{\"@type\":\"PropertyValueSpecification\",\"valueRequired\":true,\"valueName\":\"search_term_string\"}}],\"inLanguage\":\"es\"},{\"@type\":\"Organization\",\"@id\":\"https:\\\/\\\/l21.mx\\\/#organization\",\"name\":\"Grupo Editorial Latitud 21 SA de CV\",\"url\":\"https:\\\/\\\/l21.mx\\\/\",\"logo\":{\"@type\":\"ImageObject\",\"inLanguage\":\"es\",\"@id\":\"https:\\\/\\\/l21.mx\\\/#\\\/schema\\\/logo\\\/image\\\/\",\"url\":\"https:\\\/\\\/l21.mx\\\/wp-content\\\/uploads\\\/2020\\\/10\\\/logo-l21-baja.jpg\",\"contentUrl\":\"https:\\\/\\\/l21.mx\\\/wp-content\\\/uploads\\\/2020\\\/10\\\/logo-l21-baja.jpg\",\"width\":250,\"height\":250,\"caption\":\"Grupo Editorial Latitud 21 SA de CV\"},\"image\":{\"@id\":\"https:\\\/\\\/l21.mx\\\/#\\\/schema\\\/logo\\\/image\\\/\"},\"sameAs\":[\"https:\\\/\\\/www.facebook.com\\\/RevistaLatitud21\\\/\",\"https:\\\/\\\/x.com\\\/Latitud21mx\"]},{\"@type\":\"Person\",\"@id\":\"https:\\\/\\\/l21.mx\\\/#\\\/schema\\\/person\\\/cca68595b80b2f6c4c55a8b254bfbb2a\",\"name\":\"NellyG\",\"url\":\"https:\\\/\\\/l21.mx\\\/?author=100\"}]}<\/script>\n<!-- \/ Yoast SEO plugin. -->","yoast_head_json":{"title":"Las cosas no son infinitas | Revista Latitud 21","description":"L21, Emprendedores y Negocios en el Caribe Mexicano, es la revista l\u00edder entre el Sector Empresarial y Tur\u00edstico del Caribe Mexicano.","robots":{"index":"index","follow":"follow","max-snippet":"max-snippet:-1","max-image-preview":"max-image-preview:large","max-video-preview":"max-video-preview:-1"},"canonical":"https:\/\/l21.mx\/?p=59931","twitter_card":"summary_large_image","twitter_title":"Las cosas no son infinitas | Revista Latitud 21","twitter_description":"L21, Emprendedores y Negocios en el Caribe Mexicano, es la revista l\u00edder entre el Sector Empresarial y Tur\u00edstico del Caribe Mexicano.","twitter_image":"https:\/\/l21.mx\/wp-content\/uploads\/2021\/04\/david-asencio-empleate.jpg","twitter_creator":"@Latitud21mx","twitter_site":"@Latitud21mx","twitter_misc":{"Escrito por":"NellyG","Tiempo de lectura":"2 minutos"},"schema":{"@context":"https:\/\/schema.org","@graph":[{"@type":"Article","@id":"https:\/\/l21.mx\/?p=59931#article","isPartOf":{"@id":"https:\/\/l21.mx\/?p=59931"},"author":{"name":"NellyG","@id":"https:\/\/l21.mx\/#\/schema\/person\/cca68595b80b2f6c4c55a8b254bfbb2a"},"headline":"Las cosas no son infinitas","datePublished":"2023-08-01T13:52:09+00:00","dateModified":"2023-08-02T13:52:53+00:00","mainEntityOfPage":{"@id":"https:\/\/l21.mx\/?p=59931"},"wordCount":389,"publisher":{"@id":"https:\/\/l21.mx\/#organization"},"image":{"@id":"https:\/\/l21.mx\/?p=59931#primaryimage"},"thumbnailUrl":"https:\/\/l21.mx\/wp-content\/uploads\/2021\/04\/david-asencio-empleate.jpg","articleSection":["David Asencio"],"inLanguage":"es"},{"@type":"WebPage","@id":"https:\/\/l21.mx\/?p=59931","url":"https:\/\/l21.mx\/?p=59931","name":"Las cosas no son infinitas | Revista Latitud 21","isPartOf":{"@id":"https:\/\/l21.mx\/#website"},"primaryImageOfPage":{"@id":"https:\/\/l21.mx\/?p=59931#primaryimage"},"image":{"@id":"https:\/\/l21.mx\/?p=59931#primaryimage"},"thumbnailUrl":"https:\/\/l21.mx\/wp-content\/uploads\/2021\/04\/david-asencio-empleate.jpg","datePublished":"2023-08-01T13:52:09+00:00","dateModified":"2023-08-02T13:52:53+00:00","description":"L21, Emprendedores y Negocios en el Caribe Mexicano, es la revista l\u00edder entre el Sector Empresarial y Tur\u00edstico del Caribe Mexicano.","breadcrumb":{"@id":"https:\/\/l21.mx\/?p=59931#breadcrumb"},"inLanguage":"es","potentialAction":[{"@type":"ReadAction","target":["https:\/\/l21.mx\/?p=59931"]}]},{"@type":"ImageObject","inLanguage":"es","@id":"https:\/\/l21.mx\/?p=59931#primaryimage","url":"https:\/\/l21.mx\/wp-content\/uploads\/2021\/04\/david-asencio-empleate.jpg","contentUrl":"https:\/\/l21.mx\/wp-content\/uploads\/2021\/04\/david-asencio-empleate.jpg","width":"900","height":"599"},{"@type":"BreadcrumbList","@id":"https:\/\/l21.mx\/?p=59931#breadcrumb","itemListElement":[{"@type":"ListItem","position":1,"name":"Portada","item":"https:\/\/l21.mx\/"},{"@type":"ListItem","position":2,"name":"Las cosas no son infinitas"}]},{"@type":"WebSite","@id":"https:\/\/l21.mx\/#website","url":"https:\/\/l21.mx\/","name":"Revista Latitud 21","description":"Emprendedores  y negocios en el Caribe Mexicano","publisher":{"@id":"https:\/\/l21.mx\/#organization"},"potentialAction":[{"@type":"SearchAction","target":{"@type":"EntryPoint","urlTemplate":"https:\/\/l21.mx\/?s={search_term_string}"},"query-input":{"@type":"PropertyValueSpecification","valueRequired":true,"valueName":"search_term_string"}}],"inLanguage":"es"},{"@type":"Organization","@id":"https:\/\/l21.mx\/#organization","name":"Grupo Editorial Latitud 21 SA de CV","url":"https:\/\/l21.mx\/","logo":{"@type":"ImageObject","inLanguage":"es","@id":"https:\/\/l21.mx\/#\/schema\/logo\/image\/","url":"https:\/\/l21.mx\/wp-content\/uploads\/2020\/10\/logo-l21-baja.jpg","contentUrl":"https:\/\/l21.mx\/wp-content\/uploads\/2020\/10\/logo-l21-baja.jpg","width":250,"height":250,"caption":"Grupo Editorial Latitud 21 SA de CV"},"image":{"@id":"https:\/\/l21.mx\/#\/schema\/logo\/image\/"},"sameAs":["https:\/\/www.facebook.com\/RevistaLatitud21\/","https:\/\/x.com\/Latitud21mx"]},{"@type":"Person","@id":"https:\/\/l21.mx\/#\/schema\/person\/cca68595b80b2f6c4c55a8b254bfbb2a","name":"NellyG","url":"https:\/\/l21.mx\/?author=100"}]}},"amp_enabled":true,"_links":{"self":[{"href":"https:\/\/l21.mx\/index.php?rest_route=\/wp\/v2\/posts\/59931","targetHints":{"allow":["GET"]}}],"collection":[{"href":"https:\/\/l21.mx\/index.php?rest_route=\/wp\/v2\/posts"}],"about":[{"href":"https:\/\/l21.mx\/index.php?rest_route=\/wp\/v2\/types\/post"}],"author":[{"embeddable":true,"href":"https:\/\/l21.mx\/index.php?rest_route=\/wp\/v2\/users\/100"}],"replies":[{"embeddable":true,"href":"https:\/\/l21.mx\/index.php?rest_route=%2Fwp%2Fv2%2Fcomments&post=59931"}],"version-history":[{"count":1,"href":"https:\/\/l21.mx\/index.php?rest_route=\/wp\/v2\/posts\/59931\/revisions"}],"predecessor-version":[{"id":59932,"href":"https:\/\/l21.mx\/index.php?rest_route=\/wp\/v2\/posts\/59931\/revisions\/59932"}],"wp:featuredmedia":[{"embeddable":true,"href":"https:\/\/l21.mx\/index.php?rest_route=\/wp\/v2\/media\/49556"}],"wp:attachment":[{"href":"https:\/\/l21.mx\/index.php?rest_route=%2Fwp%2Fv2%2Fmedia&parent=59931"}],"wp:term":[{"taxonomy":"category","embeddable":true,"href":"https:\/\/l21.mx\/index.php?rest_route=%2Fwp%2Fv2%2Fcategories&post=59931"},{"taxonomy":"post_tag","embeddable":true,"href":"https:\/\/l21.mx\/index.php?rest_route=%2Fwp%2Fv2%2Ftags&post=59931"}],"curies":[{"name":"wp","href":"https:\/\/api.w.org\/{rel}","templated":true}]}}