{"id":5996,"date":"2014-01-30T13:27:53","date_gmt":"2014-01-30T19:27:53","guid":{"rendered":"http:\/\/innovatori.space\/lat21\/?p=5996"},"modified":"2014-01-30T13:27:53","modified_gmt":"2014-01-30T19:27:53","slug":"de-quintana-roo-al-mundo","status":"publish","type":"post","link":"https:\/\/l21.mx\/?p=5996","title":{"rendered":"De Quintana Roo al mundo"},"content":{"rendered":"<p><a href=\"http:\/\/l21.mx\/wp-content\/uploads\/2014\/01\/Jos\u00e9-Luis-Mart\u00ednez-manuel-M\u00e9ndez-Rudolf-Bittorf..jpg\" data-rel=\"penci-gallery-image-content\" ><img fetchpriority=\"high\" decoding=\"async\" class=\"alignleft size-medium wp-image-5997\" title=\"Jos\u00e9 Luis Mart\u00ednez, manuel M\u00e9ndez, Rudolf Bittorf.\" src=\"http:\/\/l21.mx\/wp-content\/uploads\/2014\/01\/Jos\u00e9-Luis-Mart\u00ednez-manuel-M\u00e9ndez-Rudolf-Bittorf.-300x214.jpg\" alt=\"\" width=\"300\" height=\"214\" srcset=\"https:\/\/l21.mx\/wp-content\/uploads\/2014\/01\/Jos\u00e9-Luis-Mart\u00ednez-manuel-M\u00e9ndez-Rudolf-Bittorf.-300x214.jpg 300w, https:\/\/l21.mx\/wp-content\/uploads\/2014\/01\/Jos\u00e9-Luis-Mart\u00ednez-manuel-M\u00e9ndez-Rudolf-Bittorf..jpg 480w\" sizes=\"(max-width: 300px) 100vw, 300px\" \/><\/a><\/p>\n<p>Mexico News Network, proyecto de web TV nacido en Quintana Roo, logra su primer paso formal para el intercambio de contenidos al mercado europeo, tras la firma del acuerdo de colaboraci\u00f3n con Deutsche Welle (DW), la plataforma alemana global de comunicaci\u00f3n con presencia en m\u00e1s de 80 pa\u00edses.<\/p>\n<p>La casa productora, que forma parte del Grupo Lomas Travel y presiden Jos\u00e9 Luis Mart\u00ednez Alday y Lolita L\u00f3pez Lira, subir\u00e1 informaci\u00f3n a la plataforma de DW sobre las bondades del Caribe mexicano, arrancando con una participaci\u00f3n directa en el programa \u201cReporteros en el mundo\u201d.<\/p>\n<p>En el protocolo de la firma, que encabezaron Mart\u00ednez Alday y Manuel M\u00e9ndez, representante en M\u00e9xico de DW, el presidente de Lomas Travel reconoci\u00f3 la acci\u00f3n como \u201cun gran salto de gente comprometida, transmitiendo al mundo lo que es M\u00e9xico\u201d.<\/p>\n<p>\u201cEmpezamos como medio para difundir los atractivos de Quintana Roo y M\u00e9xico, con programas en vivo y noticias por Internet, y ahora crecemos a una velocidad fuera de programa. Tendremos m\u00e1s firmas, m\u00e1s alianzas, entre ellas pr\u00f3ximamente con China, y seguiremos creando contenidos de calidad\u201d.<\/p>\n<p>Miguel Flores Alonso, director general de Mexico News Netwoork, dijo que representan un \u201ccorta fuegos\u201d para contrarrestar informaci\u00f3n convulsa y delicada, pues hay muchas buenas noticias que no se difunden y el mercado europeo est\u00e1 \u00e1vido de ellas. \u201cNos ha llevado tiempo, pues el tema de web TV todav\u00eda est\u00e1 en proceso de crecimiento y potencialidad a futuro\u201d.<\/p>\n<p>El representante de DW en M\u00e9xico, destac\u00f3 los beneficios del acuerdo, ya que la firma teutona, que calific\u00f3 de propuesta global de comunicaci\u00f3n, tiene presencia en tiempo real v\u00eda sat\u00e9lite con m\u00e1s de 100 millones de seguidores en 30 idiomas, que adem\u00e1s retransmiten cuatro mil 400 socios en todo el mundo.<\/p>\n<p>[editor]empresas-y-negocios[\/editor]<\/p>\n<div><\/div>\n","protected":false},"excerpt":{"rendered":"<p>Mexico News Network, proyecto de web TV nacido en Quintana Roo, logra su primer paso formal&hellip;<\/p>\n","protected":false},"author":2,"featured_media":5998,"comment_status":"open","ping_status":"open","sticky":false,"template":"","format":"standard","meta":{"_acf_changed":false,"_lmt_disableupdate":"","_lmt_disable":"","_mbp_gutenberg_autopost":false,"footnotes":""},"categories":[4],"tags":[],"class_list":["post-5996","post","type-post","status-publish","format-standard","has-post-thumbnail","hentry","category-empresas-y-negocios"],"acf":[],"yoast_head":"<!-- This site is optimized with the Yoast SEO plugin v27.3 - https:\/\/yoast.com\/product\/yoast-seo-wordpress\/ -->\n<title>De Quintana Roo al mundo | Revista Latitud 21<\/title>\n<meta name=\"description\" content=\"L21, Emprendedores y Negocios en el Caribe Mexicano, es la revista l\u00edder entre el Sector Empresarial y Tur\u00edstico del Caribe Mexicano.\" \/>\n<meta name=\"robots\" content=\"index, follow, max-snippet:-1, max-image-preview:large, max-video-preview:-1\" \/>\n<link rel=\"canonical\" href=\"https:\/\/l21.mx\/?p=5996\" \/>\n<meta name=\"twitter:card\" content=\"summary_large_image\" \/>\n<meta name=\"twitter:title\" content=\"De Quintana Roo al mundo | Revista Latitud 21\" \/>\n<meta name=\"twitter:description\" content=\"L21, Emprendedores y Negocios en el Caribe Mexicano, es la revista l\u00edder entre el Sector Empresarial y Tur\u00edstico del Caribe Mexicano.\" \/>\n<meta name=\"twitter:image\" content=\"https:\/\/l21.mx\/wp-content\/uploads\/2014\/01\/Jos\u00e9-Luis-Mart\u00ednez-manuel-M\u00e9ndez-Rudolf-Bittorf.-m.jpg\" \/>\n<meta name=\"twitter:creator\" content=\"@Latitud21mx\" \/>\n<meta name=\"twitter:site\" content=\"@Latitud21mx\" \/>\n<meta name=\"twitter:label1\" content=\"Escrito por\" \/>\n\t<meta name=\"twitter:data1\" content=\"Latitud21 Redacci\u00f3n\" \/>\n\t<meta name=\"twitter:label2\" content=\"Tiempo de lectura\" \/>\n\t<meta name=\"twitter:data2\" content=\"2 minutos\" \/>\n<script type=\"application\/ld+json\" class=\"yoast-schema-graph\">{\"@context\":\"https:\\\/\\\/schema.org\",\"@graph\":[{\"@type\":\"Article\",\"@id\":\"https:\\\/\\\/l21.mx\\\/?p=5996#article\",\"isPartOf\":{\"@id\":\"https:\\\/\\\/l21.mx\\\/?p=5996\"},\"author\":{\"name\":\"Latitud21 Redacci\u00f3n\",\"@id\":\"https:\\\/\\\/l21.mx\\\/#\\\/schema\\\/person\\\/4b571cc212089f95579f3b66253728f1\"},\"headline\":\"De Quintana Roo al mundo\",\"datePublished\":\"2014-01-30T19:27:53+00:00\",\"mainEntityOfPage\":{\"@id\":\"https:\\\/\\\/l21.mx\\\/?p=5996\"},\"wordCount\":316,\"commentCount\":0,\"publisher\":{\"@id\":\"https:\\\/\\\/l21.mx\\\/#organization\"},\"image\":{\"@id\":\"https:\\\/\\\/l21.mx\\\/?p=5996#primaryimage\"},\"thumbnailUrl\":\"https:\\\/\\\/l21.mx\\\/wp-content\\\/uploads\\\/2014\\\/01\\\/Jos\u00e9-Luis-Mart\u00ednez-manuel-M\u00e9ndez-Rudolf-Bittorf.-m.jpg\",\"articleSection\":[\"Empresas y Negocios\"],\"inLanguage\":\"es\",\"potentialAction\":[{\"@type\":\"CommentAction\",\"name\":\"Comment\",\"target\":[\"https:\\\/\\\/l21.mx\\\/?p=5996#respond\"]}]},{\"@type\":\"WebPage\",\"@id\":\"https:\\\/\\\/l21.mx\\\/?p=5996\",\"url\":\"https:\\\/\\\/l21.mx\\\/?p=5996\",\"name\":\"De Quintana Roo al mundo | Revista Latitud 21\",\"isPartOf\":{\"@id\":\"https:\\\/\\\/l21.mx\\\/#website\"},\"primaryImageOfPage\":{\"@id\":\"https:\\\/\\\/l21.mx\\\/?p=5996#primaryimage\"},\"image\":{\"@id\":\"https:\\\/\\\/l21.mx\\\/?p=5996#primaryimage\"},\"thumbnailUrl\":\"https:\\\/\\\/l21.mx\\\/wp-content\\\/uploads\\\/2014\\\/01\\\/Jos\u00e9-Luis-Mart\u00ednez-manuel-M\u00e9ndez-Rudolf-Bittorf.-m.jpg\",\"datePublished\":\"2014-01-30T19:27:53+00:00\",\"description\":\"L21, Emprendedores y Negocios en el Caribe Mexicano, es la revista l\u00edder entre el Sector Empresarial y Tur\u00edstico del Caribe Mexicano.\",\"breadcrumb\":{\"@id\":\"https:\\\/\\\/l21.mx\\\/?p=5996#breadcrumb\"},\"inLanguage\":\"es\",\"potentialAction\":[{\"@type\":\"ReadAction\",\"target\":[\"https:\\\/\\\/l21.mx\\\/?p=5996\"]}]},{\"@type\":\"ImageObject\",\"inLanguage\":\"es\",\"@id\":\"https:\\\/\\\/l21.mx\\\/?p=5996#primaryimage\",\"url\":\"https:\\\/\\\/l21.mx\\\/wp-content\\\/uploads\\\/2014\\\/01\\\/Jos\u00e9-Luis-Mart\u00ednez-manuel-M\u00e9ndez-Rudolf-Bittorf.-m.jpg\",\"contentUrl\":\"https:\\\/\\\/l21.mx\\\/wp-content\\\/uploads\\\/2014\\\/01\\\/Jos\u00e9-Luis-Mart\u00ednez-manuel-M\u00e9ndez-Rudolf-Bittorf.-m.jpg\",\"width\":167,\"height\":108},{\"@type\":\"BreadcrumbList\",\"@id\":\"https:\\\/\\\/l21.mx\\\/?p=5996#breadcrumb\",\"itemListElement\":[{\"@type\":\"ListItem\",\"position\":1,\"name\":\"Portada\",\"item\":\"https:\\\/\\\/l21.mx\\\/\"},{\"@type\":\"ListItem\",\"position\":2,\"name\":\"De Quintana Roo al mundo\"}]},{\"@type\":\"WebSite\",\"@id\":\"https:\\\/\\\/l21.mx\\\/#website\",\"url\":\"https:\\\/\\\/l21.mx\\\/\",\"name\":\"Revista Latitud 21\",\"description\":\"Emprendedores  y negocios en el Caribe Mexicano\",\"publisher\":{\"@id\":\"https:\\\/\\\/l21.mx\\\/#organization\"},\"potentialAction\":[{\"@type\":\"SearchAction\",\"target\":{\"@type\":\"EntryPoint\",\"urlTemplate\":\"https:\\\/\\\/l21.mx\\\/?s={search_term_string}\"},\"query-input\":{\"@type\":\"PropertyValueSpecification\",\"valueRequired\":true,\"valueName\":\"search_term_string\"}}],\"inLanguage\":\"es\"},{\"@type\":\"Organization\",\"@id\":\"https:\\\/\\\/l21.mx\\\/#organization\",\"name\":\"Grupo Editorial Latitud 21 SA de CV\",\"url\":\"https:\\\/\\\/l21.mx\\\/\",\"logo\":{\"@type\":\"ImageObject\",\"inLanguage\":\"es\",\"@id\":\"https:\\\/\\\/l21.mx\\\/#\\\/schema\\\/logo\\\/image\\\/\",\"url\":\"https:\\\/\\\/l21.mx\\\/wp-content\\\/uploads\\\/2020\\\/10\\\/logo-l21-baja.jpg\",\"contentUrl\":\"https:\\\/\\\/l21.mx\\\/wp-content\\\/uploads\\\/2020\\\/10\\\/logo-l21-baja.jpg\",\"width\":250,\"height\":250,\"caption\":\"Grupo Editorial Latitud 21 SA de CV\"},\"image\":{\"@id\":\"https:\\\/\\\/l21.mx\\\/#\\\/schema\\\/logo\\\/image\\\/\"},\"sameAs\":[\"https:\\\/\\\/www.facebook.com\\\/RevistaLatitud21\\\/\",\"https:\\\/\\\/x.com\\\/Latitud21mx\"]},{\"@type\":\"Person\",\"@id\":\"https:\\\/\\\/l21.mx\\\/#\\\/schema\\\/person\\\/4b571cc212089f95579f3b66253728f1\",\"name\":\"Latitud21 Redacci\u00f3n\",\"url\":\"https:\\\/\\\/l21.mx\\\/?author=2\"}]}<\/script>\n<!-- \/ Yoast SEO plugin. -->","yoast_head_json":{"title":"De Quintana Roo al mundo | Revista Latitud 21","description":"L21, Emprendedores y Negocios en el Caribe Mexicano, es la revista l\u00edder entre el Sector Empresarial y Tur\u00edstico del Caribe Mexicano.","robots":{"index":"index","follow":"follow","max-snippet":"max-snippet:-1","max-image-preview":"max-image-preview:large","max-video-preview":"max-video-preview:-1"},"canonical":"https:\/\/l21.mx\/?p=5996","twitter_card":"summary_large_image","twitter_title":"De Quintana Roo al mundo | Revista Latitud 21","twitter_description":"L21, Emprendedores y Negocios en el Caribe Mexicano, es la revista l\u00edder entre el Sector Empresarial y Tur\u00edstico del Caribe Mexicano.","twitter_image":"https:\/\/l21.mx\/wp-content\/uploads\/2014\/01\/Jos\u00e9-Luis-Mart\u00ednez-manuel-M\u00e9ndez-Rudolf-Bittorf.-m.jpg","twitter_creator":"@Latitud21mx","twitter_site":"@Latitud21mx","twitter_misc":{"Escrito por":"Latitud21 Redacci\u00f3n","Tiempo de lectura":"2 minutos"},"schema":{"@context":"https:\/\/schema.org","@graph":[{"@type":"Article","@id":"https:\/\/l21.mx\/?p=5996#article","isPartOf":{"@id":"https:\/\/l21.mx\/?p=5996"},"author":{"name":"Latitud21 Redacci\u00f3n","@id":"https:\/\/l21.mx\/#\/schema\/person\/4b571cc212089f95579f3b66253728f1"},"headline":"De Quintana Roo al mundo","datePublished":"2014-01-30T19:27:53+00:00","mainEntityOfPage":{"@id":"https:\/\/l21.mx\/?p=5996"},"wordCount":316,"commentCount":0,"publisher":{"@id":"https:\/\/l21.mx\/#organization"},"image":{"@id":"https:\/\/l21.mx\/?p=5996#primaryimage"},"thumbnailUrl":"https:\/\/l21.mx\/wp-content\/uploads\/2014\/01\/Jos\u00e9-Luis-Mart\u00ednez-manuel-M\u00e9ndez-Rudolf-Bittorf.-m.jpg","articleSection":["Empresas y Negocios"],"inLanguage":"es","potentialAction":[{"@type":"CommentAction","name":"Comment","target":["https:\/\/l21.mx\/?p=5996#respond"]}]},{"@type":"WebPage","@id":"https:\/\/l21.mx\/?p=5996","url":"https:\/\/l21.mx\/?p=5996","name":"De Quintana Roo al mundo | Revista Latitud 21","isPartOf":{"@id":"https:\/\/l21.mx\/#website"},"primaryImageOfPage":{"@id":"https:\/\/l21.mx\/?p=5996#primaryimage"},"image":{"@id":"https:\/\/l21.mx\/?p=5996#primaryimage"},"thumbnailUrl":"https:\/\/l21.mx\/wp-content\/uploads\/2014\/01\/Jos\u00e9-Luis-Mart\u00ednez-manuel-M\u00e9ndez-Rudolf-Bittorf.-m.jpg","datePublished":"2014-01-30T19:27:53+00:00","description":"L21, Emprendedores y Negocios en el Caribe Mexicano, es la revista l\u00edder entre el Sector Empresarial y Tur\u00edstico del Caribe Mexicano.","breadcrumb":{"@id":"https:\/\/l21.mx\/?p=5996#breadcrumb"},"inLanguage":"es","potentialAction":[{"@type":"ReadAction","target":["https:\/\/l21.mx\/?p=5996"]}]},{"@type":"ImageObject","inLanguage":"es","@id":"https:\/\/l21.mx\/?p=5996#primaryimage","url":"https:\/\/l21.mx\/wp-content\/uploads\/2014\/01\/Jos\u00e9-Luis-Mart\u00ednez-manuel-M\u00e9ndez-Rudolf-Bittorf.-m.jpg","contentUrl":"https:\/\/l21.mx\/wp-content\/uploads\/2014\/01\/Jos\u00e9-Luis-Mart\u00ednez-manuel-M\u00e9ndez-Rudolf-Bittorf.-m.jpg","width":167,"height":108},{"@type":"BreadcrumbList","@id":"https:\/\/l21.mx\/?p=5996#breadcrumb","itemListElement":[{"@type":"ListItem","position":1,"name":"Portada","item":"https:\/\/l21.mx\/"},{"@type":"ListItem","position":2,"name":"De Quintana Roo al mundo"}]},{"@type":"WebSite","@id":"https:\/\/l21.mx\/#website","url":"https:\/\/l21.mx\/","name":"Revista Latitud 21","description":"Emprendedores  y negocios en el Caribe Mexicano","publisher":{"@id":"https:\/\/l21.mx\/#organization"},"potentialAction":[{"@type":"SearchAction","target":{"@type":"EntryPoint","urlTemplate":"https:\/\/l21.mx\/?s={search_term_string}"},"query-input":{"@type":"PropertyValueSpecification","valueRequired":true,"valueName":"search_term_string"}}],"inLanguage":"es"},{"@type":"Organization","@id":"https:\/\/l21.mx\/#organization","name":"Grupo Editorial Latitud 21 SA de CV","url":"https:\/\/l21.mx\/","logo":{"@type":"ImageObject","inLanguage":"es","@id":"https:\/\/l21.mx\/#\/schema\/logo\/image\/","url":"https:\/\/l21.mx\/wp-content\/uploads\/2020\/10\/logo-l21-baja.jpg","contentUrl":"https:\/\/l21.mx\/wp-content\/uploads\/2020\/10\/logo-l21-baja.jpg","width":250,"height":250,"caption":"Grupo Editorial Latitud 21 SA de CV"},"image":{"@id":"https:\/\/l21.mx\/#\/schema\/logo\/image\/"},"sameAs":["https:\/\/www.facebook.com\/RevistaLatitud21\/","https:\/\/x.com\/Latitud21mx"]},{"@type":"Person","@id":"https:\/\/l21.mx\/#\/schema\/person\/4b571cc212089f95579f3b66253728f1","name":"Latitud21 Redacci\u00f3n","url":"https:\/\/l21.mx\/?author=2"}]}},"amp_enabled":true,"_links":{"self":[{"href":"https:\/\/l21.mx\/index.php?rest_route=\/wp\/v2\/posts\/5996","targetHints":{"allow":["GET"]}}],"collection":[{"href":"https:\/\/l21.mx\/index.php?rest_route=\/wp\/v2\/posts"}],"about":[{"href":"https:\/\/l21.mx\/index.php?rest_route=\/wp\/v2\/types\/post"}],"author":[{"embeddable":true,"href":"https:\/\/l21.mx\/index.php?rest_route=\/wp\/v2\/users\/2"}],"replies":[{"embeddable":true,"href":"https:\/\/l21.mx\/index.php?rest_route=%2Fwp%2Fv2%2Fcomments&post=5996"}],"version-history":[{"count":0,"href":"https:\/\/l21.mx\/index.php?rest_route=\/wp\/v2\/posts\/5996\/revisions"}],"wp:featuredmedia":[{"embeddable":true,"href":"https:\/\/l21.mx\/index.php?rest_route=\/wp\/v2\/media\/5998"}],"wp:attachment":[{"href":"https:\/\/l21.mx\/index.php?rest_route=%2Fwp%2Fv2%2Fmedia&parent=5996"}],"wp:term":[{"taxonomy":"category","embeddable":true,"href":"https:\/\/l21.mx\/index.php?rest_route=%2Fwp%2Fv2%2Fcategories&post=5996"},{"taxonomy":"post_tag","embeddable":true,"href":"https:\/\/l21.mx\/index.php?rest_route=%2Fwp%2Fv2%2Ftags&post=5996"}],"curies":[{"name":"wp","href":"https:\/\/api.w.org\/{rel}","templated":true}]}}