{"id":60147,"date":"2023-08-01T14:10:03","date_gmt":"2023-08-01T19:10:03","guid":{"rendered":"https:\/\/l21.mx\/?p=60147"},"modified":"2023-08-04T14:10:45","modified_gmt":"2023-08-04T19:10:45","slug":"cine-educativo","status":"publish","type":"post","link":"https:\/\/l21.mx\/?p=60147","title":{"rendered":"Cine educativo"},"content":{"rendered":"<p>Promueven el cuidado de las selvas y las especies que albergan<\/p>\n<p>&nbsp;<\/p>\n<p>Para conmemorar el \u201cD\u00eda internacional de la educaci\u00f3n ambiental\u201d, en el centro de interpretaci\u00f3n de la naturaleza llamado \u201cTumben-Lu \u0301um\u201d se llev\u00f3 a cabo un ciclo de \u201cCine Consciente\u201d, proyectando una serie de cortometrajes que invitan a tomar conciencia y empatizar con la naturaleza.<\/p>\n<p>El mensaje de cada corto permite a los visitantes ampliar la cosmovisi\u00f3n sobre el respecto a la naturaleza.<\/p>\n<p>\u201cComo fundacio\u0301n estamos muy contentos de que parte de nuestras acciones se vean reflejadas en estos eventos y nos hagan parte de ello, teniendo un alcance a nivel institucional, privado y gubernamental, privado, institucional y social, coment\u00f3 la gerente de Eco-Bahia, Yuritzi Espino.<\/p>\n<p>A\u00f1adi\u00f3 que seguir\u00e1n trabajando de la mano con organizaciones de cualquier tipo para que estas alianzas tengan un gran alcance.<\/p>\n<p>Record\u00f3 que han trabajado en conjunto con el Centro Ecol\u00f3gico de Akumal y voluntarios de diferentes ciudades del pa\u00eds, para promover el cuidado de las especies de flora y fauna.<\/p>\n<p>&nbsp;<\/p>\n<p>&nbsp;<\/p>\n<p>&nbsp;<\/p>\n","protected":false},"excerpt":{"rendered":"<p>Promueven el cuidado de las selvas y las especies que albergan &nbsp; Para conmemorar el \u201cD\u00eda&hellip;<\/p>\n","protected":false},"author":100,"featured_media":59985,"comment_status":"closed","ping_status":"closed","sticky":false,"template":"","format":"standard","meta":{"_acf_changed":false,"_lmt_disableupdate":"","_lmt_disable":"","_mbp_gutenberg_autopost":false,"footnotes":""},"categories":[35],"tags":[],"class_list":["post-60147","post","type-post","status-publish","format-standard","has-post-thumbnail","hentry","category-responsabilidad-social"],"acf":[],"_links":{"self":[{"href":"https:\/\/l21.mx\/index.php?rest_route=\/wp\/v2\/posts\/60147","targetHints":{"allow":["GET"]}}],"collection":[{"href":"https:\/\/l21.mx\/index.php?rest_route=\/wp\/v2\/posts"}],"about":[{"href":"https:\/\/l21.mx\/index.php?rest_route=\/wp\/v2\/types\/post"}],"author":[{"embeddable":true,"href":"https:\/\/l21.mx\/index.php?rest_route=\/wp\/v2\/users\/100"}],"replies":[{"embeddable":true,"href":"https:\/\/l21.mx\/index.php?rest_route=%2Fwp%2Fv2%2Fcomments&post=60147"}],"version-history":[{"count":0,"href":"https:\/\/l21.mx\/index.php?rest_route=\/wp\/v2\/posts\/60147\/revisions"}],"wp:featuredmedia":[{"embeddable":true,"href":"https:\/\/l21.mx\/index.php?rest_route=\/wp\/v2\/media\/59985"}],"wp:attachment":[{"href":"https:\/\/l21.mx\/index.php?rest_route=%2Fwp%2Fv2%2Fmedia&parent=60147"}],"wp:term":[{"taxonomy":"category","embeddable":true,"href":"https:\/\/l21.mx\/index.php?rest_route=%2Fwp%2Fv2%2Fcategories&post=60147"},{"taxonomy":"post_tag","embeddable":true,"href":"https:\/\/l21.mx\/index.php?rest_route=%2Fwp%2Fv2%2Ftags&post=60147"}],"curies":[{"name":"wp","href":"https:\/\/api.w.org\/{rel}","templated":true}]}}