{"id":60188,"date":"2023-08-07T11:56:19","date_gmt":"2023-08-07T16:56:19","guid":{"rendered":"https:\/\/l21.mx\/?p=60188"},"modified":"2023-08-07T11:56:19","modified_gmt":"2023-08-07T16:56:19","slug":"tradicional-guelaguetza-cautiva-a-familias-de-puerto-morelos","status":"publish","type":"post","link":"https:\/\/l21.mx\/?p=60188","title":{"rendered":"Tradicional Guelaguetza cautiva a familias de Puerto Morelos"},"content":{"rendered":"<p>*La presidenta municipal Blanca Merari Tziu asiste a la festividad en el parque principal de la comunidad, donde destaca este intercambio cultural<\/p>\n<p><a href=\"https:\/\/l21.mx\/wp-content\/uploads\/2023\/08\/guelaguetza-1.jpeg\" data-rel=\"penci-gallery-image-content\" ><img fetchpriority=\"high\" decoding=\"async\" class=\"alignnone size-medium wp-image-60190\" src=\"https:\/\/l21.mx\/wp-content\/uploads\/2023\/08\/guelaguetza-1-300x200.jpeg\" alt=\"\" width=\"300\" height=\"200\" srcset=\"https:\/\/l21.mx\/wp-content\/uploads\/2023\/08\/guelaguetza-1-300x200.jpeg 300w, https:\/\/l21.mx\/wp-content\/uploads\/2023\/08\/guelaguetza-1-1024x683.jpeg 1024w, https:\/\/l21.mx\/wp-content\/uploads\/2023\/08\/guelaguetza-1-768x512.jpeg 768w, https:\/\/l21.mx\/wp-content\/uploads\/2023\/08\/guelaguetza-1-1536x1024.jpeg 1536w, https:\/\/l21.mx\/wp-content\/uploads\/2023\/08\/guelaguetza-1-1200x800.jpeg 1200w, https:\/\/l21.mx\/wp-content\/uploads\/2023\/08\/guelaguetza-1-1170x780.jpeg 1170w, https:\/\/l21.mx\/wp-content\/uploads\/2023\/08\/guelaguetza-1-585x390.jpeg 585w, https:\/\/l21.mx\/wp-content\/uploads\/2023\/08\/guelaguetza-1-263x175.jpeg 263w, https:\/\/l21.mx\/wp-content\/uploads\/2023\/08\/guelaguetza-1.jpeg 1599w\" sizes=\"(max-width: 300px) 100vw, 300px\" \/><\/a><br \/>\nLeona Vicario, Puerto Morelos, Quintana Roo, 7 de agosto de 2023.- Noche de bailes tradicionales, m\u00fasica y mucho colorido se vivi\u00f3 ayer en el parque principal de esta comunidad, con la presentaci\u00f3n de la Guelaguetza 2023, a la que asisti\u00f3 la presidenta municipal Blanca Merari Tziu Mu\u00f1oz, en compa\u00f1\u00eda del secretario general del Ayuntamiento, Jos\u00e9 de Jes\u00fas Espinosa Pay\u00e1n.<br \/>\nEn este marco, la Alcaldesa se\u00f1al\u00f3 que el evento es como un hermanamiento de Puerto Morelos y Quintana Roo con el estado de Oaxaca y sus diversas regiones, representadas en la tradicional festividad que tiene su origen en la \u00e9poca prehisp\u00e1nica y que cada a\u00f1o se lleva a cabo en la capital oaxaque\u00f1a.<br \/>\n\u201cEstamos muy contentos de recibir a tanto talento aqu\u00ed, en nuestra comunidad de Leona Vicario. Agradezco al maestro Antonio Cruz Casillas, director de la Compa\u00f1\u00eda Folcl\u00f3rica Xochiquetzal, y a todos los que hicieron posible este intercambio cultural que nos llena de mucha alegr\u00eda\u201d, dijo.<\/p>\n<p><a href=\"https:\/\/l21.mx\/wp-content\/uploads\/2023\/08\/guelaguetza-2.jpeg\" data-rel=\"penci-gallery-image-content\" ><img decoding=\"async\" class=\"alignnone size-medium wp-image-60191\" src=\"https:\/\/l21.mx\/wp-content\/uploads\/2023\/08\/guelaguetza-2-300x200.jpeg\" alt=\"\" width=\"300\" height=\"200\" srcset=\"https:\/\/l21.mx\/wp-content\/uploads\/2023\/08\/guelaguetza-2-300x200.jpeg 300w, https:\/\/l21.mx\/wp-content\/uploads\/2023\/08\/guelaguetza-2-1024x683.jpeg 1024w, https:\/\/l21.mx\/wp-content\/uploads\/2023\/08\/guelaguetza-2-768x512.jpeg 768w, https:\/\/l21.mx\/wp-content\/uploads\/2023\/08\/guelaguetza-2-1536x1024.jpeg 1536w, https:\/\/l21.mx\/wp-content\/uploads\/2023\/08\/guelaguetza-2-1200x800.jpeg 1200w, https:\/\/l21.mx\/wp-content\/uploads\/2023\/08\/guelaguetza-2-1170x780.jpeg 1170w, https:\/\/l21.mx\/wp-content\/uploads\/2023\/08\/guelaguetza-2-585x390.jpeg 585w, https:\/\/l21.mx\/wp-content\/uploads\/2023\/08\/guelaguetza-2-263x175.jpeg 263w, https:\/\/l21.mx\/wp-content\/uploads\/2023\/08\/guelaguetza-2.jpeg 1599w\" sizes=\"(max-width: 300px) 100vw, 300px\" \/><\/a><br \/>\nBlanca Merari Tziu destac\u00f3 que el municipio de Puerto Morelos va por el camino correcto, \u201cel de la promoci\u00f3n de la cultura, la defensa de nuestras ra\u00edces y la preservaci\u00f3n de las tradiciones que nos dan sentido de pertenencia\u201d.<br \/>\nCabe mencionar que la Guelaguetza engloba magia, tradici\u00f3n, reciprocidad, cultura y uni\u00f3n; en la actualidad, esta festividad es compartida con otros estados como Quintana Roo, que este fin de semana recibi\u00f3 diversas compa\u00f1\u00edas folcl\u00f3ricas en Leona Vicario y la ciudad de Canc\u00fan.<br \/>\nAl evento, que es una muestra de la cultura y danza oaxaque\u00f1a, acompa\u00f1ada de gran cantidad de bailarines, tambi\u00e9n acudieron el delegado municipal Limbert Cruz Pancardo; la directora general de Cultura y las Artes, Brittany Janney L\u00f3pez Garc\u00eda, y el noveno regidor Rodrigo May Rivero.<\/p>\n","protected":false},"excerpt":{"rendered":"<p>*La presidenta municipal Blanca Merari Tziu asiste a la festividad en el parque principal de la&hellip;<\/p>\n","protected":false},"author":100,"featured_media":60189,"comment_status":"closed","ping_status":"closed","sticky":false,"template":"","format":"standard","meta":{"_acf_changed":false,"_lmt_disableupdate":"","_lmt_disable":"","_mbp_gutenberg_autopost":false,"footnotes":""},"categories":[23,1656],"tags":[],"class_list":["post-60188","post","type-post","status-publish","format-standard","has-post-thumbnail","hentry","category-noticias","category-quintana-roo"],"acf":[],"_links":{"self":[{"href":"https:\/\/l21.mx\/index.php?rest_route=\/wp\/v2\/posts\/60188","targetHints":{"allow":["GET"]}}],"collection":[{"href":"https:\/\/l21.mx\/index.php?rest_route=\/wp\/v2\/posts"}],"about":[{"href":"https:\/\/l21.mx\/index.php?rest_route=\/wp\/v2\/types\/post"}],"author":[{"embeddable":true,"href":"https:\/\/l21.mx\/index.php?rest_route=\/wp\/v2\/users\/100"}],"replies":[{"embeddable":true,"href":"https:\/\/l21.mx\/index.php?rest_route=%2Fwp%2Fv2%2Fcomments&post=60188"}],"version-history":[{"count":0,"href":"https:\/\/l21.mx\/index.php?rest_route=\/wp\/v2\/posts\/60188\/revisions"}],"wp:featuredmedia":[{"embeddable":true,"href":"https:\/\/l21.mx\/index.php?rest_route=\/wp\/v2\/media\/60189"}],"wp:attachment":[{"href":"https:\/\/l21.mx\/index.php?rest_route=%2Fwp%2Fv2%2Fmedia&parent=60188"}],"wp:term":[{"taxonomy":"category","embeddable":true,"href":"https:\/\/l21.mx\/index.php?rest_route=%2Fwp%2Fv2%2Fcategories&post=60188"},{"taxonomy":"post_tag","embeddable":true,"href":"https:\/\/l21.mx\/index.php?rest_route=%2Fwp%2Fv2%2Ftags&post=60188"}],"curies":[{"name":"wp","href":"https:\/\/api.w.org\/{rel}","templated":true}]}}