{"id":60223,"date":"2023-08-08T11:21:35","date_gmt":"2023-08-08T16:21:35","guid":{"rendered":"https:\/\/l21.mx\/?p=60223"},"modified":"2023-08-08T11:21:35","modified_gmt":"2023-08-08T16:21:35","slug":"mara-lezama-revisa-con-semarnat-proyectos-para-desarrollo-sustentable-en-quintana-roo","status":"publish","type":"post","link":"https:\/\/l21.mx\/?p=60223","title":{"rendered":"Mara Lezama revisa con Semarnat proyectos para desarrollo sustentable en Quintana Roo"},"content":{"rendered":"<p>&nbsp;<\/p>\n<p>-En reuni\u00f3n con Mar\u00eda Luisa Albores, la gobernadora del estado revis\u00f3 diversos temas que permitan potenciar el desarrollo el sur de Quintana Roo en materia ambiental<\/p>\n<p><a href=\"https:\/\/l21.mx\/wp-content\/uploads\/2023\/08\/WhatsApp-Image-2023-08-08-at-09.29.35.jpeg\" data-rel=\"penci-gallery-image-content\" ><img fetchpriority=\"high\" decoding=\"async\" class=\"alignnone size-medium wp-image-60224\" src=\"https:\/\/l21.mx\/wp-content\/uploads\/2023\/08\/WhatsApp-Image-2023-08-08-at-09.29.35-300x200.jpeg\" alt=\"\" width=\"300\" height=\"200\" srcset=\"https:\/\/l21.mx\/wp-content\/uploads\/2023\/08\/WhatsApp-Image-2023-08-08-at-09.29.35-300x200.jpeg 300w, https:\/\/l21.mx\/wp-content\/uploads\/2023\/08\/WhatsApp-Image-2023-08-08-at-09.29.35-1024x682.jpeg 1024w, https:\/\/l21.mx\/wp-content\/uploads\/2023\/08\/WhatsApp-Image-2023-08-08-at-09.29.35-768x512.jpeg 768w, https:\/\/l21.mx\/wp-content\/uploads\/2023\/08\/WhatsApp-Image-2023-08-08-at-09.29.35-1536x1023.jpeg 1536w, https:\/\/l21.mx\/wp-content\/uploads\/2023\/08\/WhatsApp-Image-2023-08-08-at-09.29.35-1200x800.jpeg 1200w, https:\/\/l21.mx\/wp-content\/uploads\/2023\/08\/WhatsApp-Image-2023-08-08-at-09.29.35-1170x780.jpeg 1170w, https:\/\/l21.mx\/wp-content\/uploads\/2023\/08\/WhatsApp-Image-2023-08-08-at-09.29.35-585x390.jpeg 585w, https:\/\/l21.mx\/wp-content\/uploads\/2023\/08\/WhatsApp-Image-2023-08-08-at-09.29.35-263x175.jpeg 263w, https:\/\/l21.mx\/wp-content\/uploads\/2023\/08\/WhatsApp-Image-2023-08-08-at-09.29.35.jpeg 1600w\" sizes=\"(max-width: 300px) 100vw, 300px\" \/><\/a><\/p>\n<p>Ciudad de M\u00e9xico.- Durante una reuni\u00f3n con la Secretaria de Medio Ambiente y Recursos Naturales (SEMARNAT) Mar\u00eda Luisa Albores, la gobernadora Mara Lezama Espinosa se\u00f1al\u00f3 que se trabaja en equipo para dar viabilidad a los proyectos tur\u00edsticos en materia medioambiental y temas de desarrollo en Quintana Roo, as\u00ed como proyectos para potenciar al sur de Quintana Roo.<\/p>\n<p>\u201cEstamos trabajando en pro siempre de Quintana Roo y su desarrollo, con sostenibilidad y sustentabilidad\u201d explic\u00f3 Mara Lezama.<\/p>\n<p>Entre los temas analizados son los referentes al Tren Maya, avances de las solicitudes sobre tr\u00e1mites ambientales del estado, siempre en el marco del Nuevo Acuerdo por el Bienestar y Desarrollo.<\/p>\n<p>La gobernadora destac\u00f3 que de la mano del Gobierno de M\u00e9xico se avanza en la transformaci\u00f3n de Quintana Roo con crecimiento ordenado y sustentable.<\/p>\n<p>A las titulares, les acompa\u00f1aron sus equipos de trabajo para abordar los diferentes temas del estado.<\/p>\n","protected":false},"excerpt":{"rendered":"<p>&nbsp; -En reuni\u00f3n con Mar\u00eda Luisa Albores, la gobernadora del estado revis\u00f3 diversos temas que permitan&hellip;<\/p>\n","protected":false},"author":100,"featured_media":60225,"comment_status":"closed","ping_status":"closed","sticky":false,"template":"","format":"standard","meta":{"_acf_changed":false,"_lmt_disableupdate":"","_lmt_disable":"","_mbp_gutenberg_autopost":false,"footnotes":""},"categories":[23,1656],"tags":[],"class_list":["post-60223","post","type-post","status-publish","format-standard","has-post-thumbnail","hentry","category-noticias","category-quintana-roo"],"acf":[],"_links":{"self":[{"href":"https:\/\/l21.mx\/index.php?rest_route=\/wp\/v2\/posts\/60223","targetHints":{"allow":["GET"]}}],"collection":[{"href":"https:\/\/l21.mx\/index.php?rest_route=\/wp\/v2\/posts"}],"about":[{"href":"https:\/\/l21.mx\/index.php?rest_route=\/wp\/v2\/types\/post"}],"author":[{"embeddable":true,"href":"https:\/\/l21.mx\/index.php?rest_route=\/wp\/v2\/users\/100"}],"replies":[{"embeddable":true,"href":"https:\/\/l21.mx\/index.php?rest_route=%2Fwp%2Fv2%2Fcomments&post=60223"}],"version-history":[{"count":0,"href":"https:\/\/l21.mx\/index.php?rest_route=\/wp\/v2\/posts\/60223\/revisions"}],"wp:featuredmedia":[{"embeddable":true,"href":"https:\/\/l21.mx\/index.php?rest_route=\/wp\/v2\/media\/60225"}],"wp:attachment":[{"href":"https:\/\/l21.mx\/index.php?rest_route=%2Fwp%2Fv2%2Fmedia&parent=60223"}],"wp:term":[{"taxonomy":"category","embeddable":true,"href":"https:\/\/l21.mx\/index.php?rest_route=%2Fwp%2Fv2%2Fcategories&post=60223"},{"taxonomy":"post_tag","embeddable":true,"href":"https:\/\/l21.mx\/index.php?rest_route=%2Fwp%2Fv2%2Ftags&post=60223"}],"curies":[{"name":"wp","href":"https:\/\/api.w.org\/{rel}","templated":true}]}}