{"id":60250,"date":"2023-08-08T08:24:44","date_gmt":"2023-08-08T13:24:44","guid":{"rendered":"https:\/\/l21.mx\/?p=60250"},"modified":"2023-08-09T08:25:38","modified_gmt":"2023-08-09T13:25:38","slug":"por-primera-vez-en-solidaridad-logran-jubilacion-de-policias","status":"publish","type":"post","link":"https:\/\/l21.mx\/?p=60250","title":{"rendered":"Por primera vez en Solidaridad logran jubilaci\u00f3n de polic\u00edas"},"content":{"rendered":"<p>&nbsp;<\/p>\n<p>\u2022 Una petici\u00f3n a\u00f1eja que escuch\u00f3 e hicieron realidad Lili Campos y cabildo; reconocen el trabajo de 17 elementos que seguir\u00e1n disfrutando de los mismos beneficios<\/p>\n<p><a href=\"https:\/\/l21.mx\/wp-content\/uploads\/2023\/08\/WhatsApp-Image-2023-08-08-at-14.34.15.jpeg\" data-rel=\"penci-gallery-image-content\" ><img fetchpriority=\"high\" decoding=\"async\" class=\"alignnone size-medium wp-image-60251\" src=\"https:\/\/l21.mx\/wp-content\/uploads\/2023\/08\/WhatsApp-Image-2023-08-08-at-14.34.15-300x200.jpeg\" alt=\"\" width=\"300\" height=\"200\" srcset=\"https:\/\/l21.mx\/wp-content\/uploads\/2023\/08\/WhatsApp-Image-2023-08-08-at-14.34.15-300x200.jpeg 300w, https:\/\/l21.mx\/wp-content\/uploads\/2023\/08\/WhatsApp-Image-2023-08-08-at-14.34.15-1024x683.jpeg 1024w, https:\/\/l21.mx\/wp-content\/uploads\/2023\/08\/WhatsApp-Image-2023-08-08-at-14.34.15-768x512.jpeg 768w, https:\/\/l21.mx\/wp-content\/uploads\/2023\/08\/WhatsApp-Image-2023-08-08-at-14.34.15-1200x801.jpeg 1200w, https:\/\/l21.mx\/wp-content\/uploads\/2023\/08\/WhatsApp-Image-2023-08-08-at-14.34.15-1170x781.jpeg 1170w, https:\/\/l21.mx\/wp-content\/uploads\/2023\/08\/WhatsApp-Image-2023-08-08-at-14.34.15-585x390.jpeg 585w, https:\/\/l21.mx\/wp-content\/uploads\/2023\/08\/WhatsApp-Image-2023-08-08-at-14.34.15-263x175.jpeg 263w, https:\/\/l21.mx\/wp-content\/uploads\/2023\/08\/WhatsApp-Image-2023-08-08-at-14.34.15.jpeg 1280w\" sizes=\"(max-width: 300px) 100vw, 300px\" \/><\/a><\/p>\n<p>Playa del Carmen, Solidaridad, 8 de agosto del 2023.- Por primera vez en la historia de Solidaridad, gracias a la buena voluntad del gobierno que encabeza Lili Campos, reconocen y logran dar un retiro digno a 17 polic\u00edas municipales de entre 25 y 30 a\u00f1os de servicio, dedicados a proteger a la ciudadan\u00eda y a los turistas.<\/p>\n<p>Sobre esto, Lili Campos enfatiz\u00f3: \u201clleg\u00f3 el momento de colgar su camisola y guardar sus insignias, pero no por ello dejan de ser polic\u00edas. Agradezco y reconozco lo que representan, para nosotros siempre ser\u00e1n un modelo de orgullo a seguir, hombres y mujeres colmados de experiencia y ejemplo que ser\u00e1n legado para las nuevas generaciones\u201d.<\/p>\n<p>La edil manifest\u00f3 que los polic\u00edas jubilados van a cobrar como si estuvieran en activo. \u201cLa idea es que sigan teniendo los mismos beneficios que tuvieron durante toda su vida policial; merecen que se reconozcan y vivan dignamente\u201d.<\/p>\n<p>En su intervenci\u00f3n, el secretario de Seguridad P\u00fablica y Tr\u00e1nsito Municipal Ra\u00fal Tassinari dijo: \u00abla presidenta Lili Campos escuch\u00f3 y reconoci\u00f3 la a\u00f1eja demanda y en conjunto con la buena voluntad del Honorable Cabildo y a la Comisi\u00f3n Edilicia de Seguridad y Justicia, la primera generaci\u00f3n de comandantes jubilados; hoy es una realidad\u00bb.<\/p>\n<p>El secretario abund\u00f3 y reconoci\u00f3 la activa participaci\u00f3n del sexto regidor Rodolfo del \u00c1ngel Campos, del s\u00edndico Adri\u00e1n P\u00e9rez, as\u00ed como de los regidores Gabriel Mendicuti, Cecilio Puc y Anaiza Quian Medina.<\/p>\n<p>En representaci\u00f3n de los 17 elementos, el comandante Jos\u00e9 Manuel Ak\u00e9 May dijo: \u201choy vemos este sue\u00f1o cumplido, gracias a que la presidenta Lili Campos nos escuch\u00f3 y lo llev\u00f3 a la realidad. Es una fecha que recordaremos porque simboliza el reconocimiento de una vida profesional\u201d.<\/p>\n","protected":false},"excerpt":{"rendered":"<p>&nbsp; \u2022 Una petici\u00f3n a\u00f1eja que escuch\u00f3 e hicieron realidad Lili Campos y cabildo; reconocen el&hellip;<\/p>\n","protected":false},"author":100,"featured_media":60252,"comment_status":"closed","ping_status":"closed","sticky":false,"template":"","format":"standard","meta":{"_acf_changed":false,"_lmt_disableupdate":"","_lmt_disable":"","_mbp_gutenberg_autopost":false,"footnotes":""},"categories":[1654],"tags":[],"class_list":["post-60250","post","type-post","status-publish","format-standard","has-post-thumbnail","hentry","category-solidaridad"],"acf":[],"_links":{"self":[{"href":"https:\/\/l21.mx\/index.php?rest_route=\/wp\/v2\/posts\/60250","targetHints":{"allow":["GET"]}}],"collection":[{"href":"https:\/\/l21.mx\/index.php?rest_route=\/wp\/v2\/posts"}],"about":[{"href":"https:\/\/l21.mx\/index.php?rest_route=\/wp\/v2\/types\/post"}],"author":[{"embeddable":true,"href":"https:\/\/l21.mx\/index.php?rest_route=\/wp\/v2\/users\/100"}],"replies":[{"embeddable":true,"href":"https:\/\/l21.mx\/index.php?rest_route=%2Fwp%2Fv2%2Fcomments&post=60250"}],"version-history":[{"count":0,"href":"https:\/\/l21.mx\/index.php?rest_route=\/wp\/v2\/posts\/60250\/revisions"}],"wp:featuredmedia":[{"embeddable":true,"href":"https:\/\/l21.mx\/index.php?rest_route=\/wp\/v2\/media\/60252"}],"wp:attachment":[{"href":"https:\/\/l21.mx\/index.php?rest_route=%2Fwp%2Fv2%2Fmedia&parent=60250"}],"wp:term":[{"taxonomy":"category","embeddable":true,"href":"https:\/\/l21.mx\/index.php?rest_route=%2Fwp%2Fv2%2Fcategories&post=60250"},{"taxonomy":"post_tag","embeddable":true,"href":"https:\/\/l21.mx\/index.php?rest_route=%2Fwp%2Fv2%2Ftags&post=60250"}],"curies":[{"name":"wp","href":"https:\/\/api.w.org\/{rel}","templated":true}]}}