{"id":60342,"date":"2023-08-14T09:01:21","date_gmt":"2023-08-14T14:01:21","guid":{"rendered":"https:\/\/l21.mx\/?p=60342"},"modified":"2023-08-14T09:02:22","modified_gmt":"2023-08-14T14:02:22","slug":"mantiene-gobierno-de-puerto-morelos-coordinacion-con-la-marina-y-sema-para-hacer-frente-al-sargazo","status":"publish","type":"post","link":"https:\/\/l21.mx\/?p=60342","title":{"rendered":"Mantiene gobierno de Puerto Morelos coordinaci\u00f3n con la Marina y SEMA para hacer frente al sargazo"},"content":{"rendered":"<p>*La Direcci\u00f3n de Zofemat en el municipio realiza un monitoreo permanente sobre el arribo de la macroalga a la zona costera y trabajos diarios de limpieza de playas<\/p>\n<p><a href=\"https:\/\/l21.mx\/wp-content\/uploads\/2023\/08\/sargazo-2-1.jpeg\" data-rel=\"penci-gallery-image-content\" ><img fetchpriority=\"high\" decoding=\"async\" class=\"alignnone size-medium wp-image-60346\" src=\"https:\/\/l21.mx\/wp-content\/uploads\/2023\/08\/sargazo-2-1-300x200.jpeg\" alt=\"\" width=\"300\" height=\"200\" srcset=\"https:\/\/l21.mx\/wp-content\/uploads\/2023\/08\/sargazo-2-1-300x200.jpeg 300w, https:\/\/l21.mx\/wp-content\/uploads\/2023\/08\/sargazo-2-1-1024x682.jpeg 1024w, https:\/\/l21.mx\/wp-content\/uploads\/2023\/08\/sargazo-2-1-768x512.jpeg 768w, https:\/\/l21.mx\/wp-content\/uploads\/2023\/08\/sargazo-2-1-1200x800.jpeg 1200w, https:\/\/l21.mx\/wp-content\/uploads\/2023\/08\/sargazo-2-1-1170x780.jpeg 1170w, https:\/\/l21.mx\/wp-content\/uploads\/2023\/08\/sargazo-2-1-585x390.jpeg 585w, https:\/\/l21.mx\/wp-content\/uploads\/2023\/08\/sargazo-2-1-263x175.jpeg 263w, https:\/\/l21.mx\/wp-content\/uploads\/2023\/08\/sargazo-2-1.jpeg 1280w\" sizes=\"(max-width: 300px) 100vw, 300px\" \/><\/a><br \/>\nPuerto Morelos, Quintana Roo, 13 de agosto de 2023.- La direcci\u00f3n de la Zona Federal Mar\u00edtimo Terrestre (Zofemat) de Puerto Morelos mantiene estrecha coordinaci\u00f3n con los gobiernos federal y estatal, a trav\u00e9s de la Secretar\u00eda de Marina (Semar) y la Secretar\u00eda de Ecolog\u00eda y Medio Ambiente (SEMA), respectivamente, para atajar de manera contundente el arribo del sargazo a las costas del municipio, manifest\u00f3 el titular de la dependencia, Gerardo Rosas Garc\u00eda, al informar que ingres\u00f3 maquinaria del estado a apoyar en esas labores.<br \/>\nEl funcionario municipal indic\u00f3 que atender\u00e1n el barrido y colecta de sargazo de sur a norte del hotel The Fives al Desire Riviera Maya, y de norte a sur de Bah\u00eda Petempich a Crococun, en donde incluso existe estrecha coordinaci\u00f3n con el Parque Nacional Arrecife de Puerto Morelos, perteneciente a la Comisi\u00f3n Nacional de \u00c1reas Naturales Protegidas (Conanp), y la Universidad Nacional Aut\u00f3noma de M\u00e9xico (UNAM), para el acceso y salida de la maquinaria.<br \/>\n\u201cEste a\u00f1o ha sido at\u00edpica la llegada de la planta marina, ya que desde enero hizo su aparici\u00f3n y al inicio del verano nos dio alguna tregua. Sin embargo, nos mantenemos en monitoreo permanente y atendiendo zonas donde est\u00e1 haciendo su arribo, ya que el calentamiento del agua del mar genera un desprendimiento mayor de sargazo, de acuerdo con especialistas\u201d, explic\u00f3.<\/p>\n<p><a href=\"https:\/\/l21.mx\/wp-content\/uploads\/2023\/08\/sargazo-3-1.jpeg\" data-rel=\"penci-gallery-image-content\" ><img decoding=\"async\" class=\"alignnone size-medium wp-image-60347\" src=\"https:\/\/l21.mx\/wp-content\/uploads\/2023\/08\/sargazo-3-1-300x169.jpeg\" alt=\"\" width=\"300\" height=\"169\" srcset=\"https:\/\/l21.mx\/wp-content\/uploads\/2023\/08\/sargazo-3-1-300x169.jpeg 300w, https:\/\/l21.mx\/wp-content\/uploads\/2023\/08\/sargazo-3-1-1024x576.jpeg 1024w, https:\/\/l21.mx\/wp-content\/uploads\/2023\/08\/sargazo-3-1-768x432.jpeg 768w, https:\/\/l21.mx\/wp-content\/uploads\/2023\/08\/sargazo-3-1-1536x864.jpeg 1536w, https:\/\/l21.mx\/wp-content\/uploads\/2023\/08\/sargazo-3-1-1200x675.jpeg 1200w, https:\/\/l21.mx\/wp-content\/uploads\/2023\/08\/sargazo-3-1-1170x663.jpeg 1170w, https:\/\/l21.mx\/wp-content\/uploads\/2023\/08\/sargazo-3-1-585x329.jpeg 585w, https:\/\/l21.mx\/wp-content\/uploads\/2023\/08\/sargazo-3-1.jpeg 1599w\" sizes=\"(max-width: 300px) 100vw, 300px\" \/><\/a><br \/>\nGerardo Rosas detall\u00f3 que en el primer semestre del a\u00f1o se levantaron 6 mil 220 toneladas en las costas del municipio. Enero tuvo un recale de 456 toneladas, febrero 396, marzo lleg\u00f3 a mil 777, abril mil 644, mayo mil 560 y junio tuvo un descenso considerable con s\u00f3lo 387.<br \/>\nAsimismo, coment\u00f3 que en el mes de julio la macroalga registr\u00f3 vol\u00famenes de entre 9 y 20 toneladas por d\u00eda, mismas que se levantaron con el personal de limpieza de playas, tanto de la Zofemat como los trabajadores de Servicios P\u00fablicos municipales. El acumulado final fue de 410 toneladas en ese mes.<br \/>\nEn cuanto a los trabajos en coordinaci\u00f3n con la SEMAR, puntualiz\u00f3 que se encuentra frente a las costas de Puerto Morelos el buque oce\u00e1nico Natans, que es una embarcaci\u00f3n sargacera costera, y dos buques menores para atajar el sargazo en aguas someras y profundas, con 18 elementos de la instituci\u00f3n. mismos que en la semana del 7 al 11 de agosto recolectaron m\u00e1s de 100 toneladas, mismas que son llevadas al muelle fiscal para trasladarlas a la zona de confinamiento.<br \/>\nRecord\u00f3 que los aproximadamente 2 kil\u00f3metros de la barrera antisargazo contienen en gran parte los impactos de la macroalga en los arenales.<br \/>\nFinalmente, el director de Zofemat dijo que con retroexcavadoras y un manipulador telesc\u00f3pico, ubicados en el kil\u00f3metro 1.5 de la Ruta de los Cenotes, donde se encuentra la zona de dep\u00f3sito de sargazo, se expande la macroalga para su secado y evitar la formaci\u00f3n de lixiviados que puedan contaminar la zona.<\/p>\n","protected":false},"excerpt":{"rendered":"<p>*La Direcci\u00f3n de Zofemat en el municipio realiza un monitoreo permanente sobre el arribo de la&hellip;<\/p>\n","protected":false},"author":100,"featured_media":60345,"comment_status":"closed","ping_status":"closed","sticky":false,"template":"","format":"standard","meta":{"_acf_changed":false,"_lmt_disableupdate":"","_lmt_disable":"","_mbp_gutenberg_autopost":false,"footnotes":""},"categories":[23,1656],"tags":[],"class_list":["post-60342","post","type-post","status-publish","format-standard","has-post-thumbnail","hentry","category-noticias","category-quintana-roo"],"acf":[],"yoast_head":"<!-- This site is optimized with the Yoast SEO plugin v27.3 - https:\/\/yoast.com\/product\/yoast-seo-wordpress\/ -->\n<title>Mantiene gobierno de Puerto Morelos coordinaci\u00f3n con la Marina y SEMA para hacer frente al sargazo<\/title>\n<meta name=\"description\" content=\"L21, Emprendedores y Negocios en el Caribe Mexicano, es la revista l\u00edder entre el Sector Empresarial y Tur\u00edstico del Caribe Mexicano.\" \/>\n<meta name=\"robots\" content=\"index, follow, max-snippet:-1, max-image-preview:large, max-video-preview:-1\" \/>\n<link rel=\"canonical\" href=\"https:\/\/l21.mx\/?p=60342\" \/>\n<meta name=\"twitter:card\" content=\"summary_large_image\" \/>\n<meta name=\"twitter:title\" content=\"Mantiene gobierno de Puerto Morelos coordinaci\u00f3n con la Marina y SEMA para hacer frente al sargazo\" \/>\n<meta name=\"twitter:description\" content=\"L21, Emprendedores y Negocios en el Caribe Mexicano, es la revista l\u00edder entre el Sector Empresarial y Tur\u00edstico del Caribe Mexicano.\" \/>\n<meta name=\"twitter:image\" content=\"https:\/\/l21.mx\/wp-content\/uploads\/2023\/08\/sargazo-1.jpeg\" \/>\n<meta name=\"twitter:creator\" content=\"@Latitud21mx\" \/>\n<meta name=\"twitter:site\" content=\"@Latitud21mx\" \/>\n<meta name=\"twitter:label1\" content=\"Escrito por\" \/>\n\t<meta name=\"twitter:data1\" content=\"NellyG\" \/>\n\t<meta name=\"twitter:label2\" content=\"Tiempo de lectura\" \/>\n\t<meta name=\"twitter:data2\" content=\"3 minutos\" \/>\n<script type=\"application\/ld+json\" class=\"yoast-schema-graph\">{\"@context\":\"https:\\\/\\\/schema.org\",\"@graph\":[{\"@type\":\"Article\",\"@id\":\"https:\\\/\\\/l21.mx\\\/?p=60342#article\",\"isPartOf\":{\"@id\":\"https:\\\/\\\/l21.mx\\\/?p=60342\"},\"author\":{\"name\":\"NellyG\",\"@id\":\"https:\\\/\\\/l21.mx\\\/#\\\/schema\\\/person\\\/cca68595b80b2f6c4c55a8b254bfbb2a\"},\"headline\":\"Mantiene gobierno de Puerto Morelos coordinaci\u00f3n con la Marina y SEMA para hacer frente al sargazo\",\"datePublished\":\"2023-08-14T14:01:21+00:00\",\"dateModified\":\"2023-08-14T14:02:22+00:00\",\"mainEntityOfPage\":{\"@id\":\"https:\\\/\\\/l21.mx\\\/?p=60342\"},\"wordCount\":533,\"publisher\":{\"@id\":\"https:\\\/\\\/l21.mx\\\/#organization\"},\"image\":{\"@id\":\"https:\\\/\\\/l21.mx\\\/?p=60342#primaryimage\"},\"thumbnailUrl\":\"https:\\\/\\\/l21.mx\\\/wp-content\\\/uploads\\\/2023\\\/08\\\/sargazo-1.jpeg\",\"articleSection\":[\"Noticias\",\"Quintana Roo\"],\"inLanguage\":\"es\"},{\"@type\":\"WebPage\",\"@id\":\"https:\\\/\\\/l21.mx\\\/?p=60342\",\"url\":\"https:\\\/\\\/l21.mx\\\/?p=60342\",\"name\":\"Mantiene gobierno de Puerto Morelos coordinaci\u00f3n con la Marina y SEMA para hacer frente al sargazo\",\"isPartOf\":{\"@id\":\"https:\\\/\\\/l21.mx\\\/#website\"},\"primaryImageOfPage\":{\"@id\":\"https:\\\/\\\/l21.mx\\\/?p=60342#primaryimage\"},\"image\":{\"@id\":\"https:\\\/\\\/l21.mx\\\/?p=60342#primaryimage\"},\"thumbnailUrl\":\"https:\\\/\\\/l21.mx\\\/wp-content\\\/uploads\\\/2023\\\/08\\\/sargazo-1.jpeg\",\"datePublished\":\"2023-08-14T14:01:21+00:00\",\"dateModified\":\"2023-08-14T14:02:22+00:00\",\"description\":\"L21, Emprendedores y Negocios en el Caribe Mexicano, es la revista l\u00edder entre el Sector Empresarial y Tur\u00edstico del Caribe Mexicano.\",\"breadcrumb\":{\"@id\":\"https:\\\/\\\/l21.mx\\\/?p=60342#breadcrumb\"},\"inLanguage\":\"es\",\"potentialAction\":[{\"@type\":\"ReadAction\",\"target\":[\"https:\\\/\\\/l21.mx\\\/?p=60342\"]}]},{\"@type\":\"ImageObject\",\"inLanguage\":\"es\",\"@id\":\"https:\\\/\\\/l21.mx\\\/?p=60342#primaryimage\",\"url\":\"https:\\\/\\\/l21.mx\\\/wp-content\\\/uploads\\\/2023\\\/08\\\/sargazo-1.jpeg\",\"contentUrl\":\"https:\\\/\\\/l21.mx\\\/wp-content\\\/uploads\\\/2023\\\/08\\\/sargazo-1.jpeg\",\"width\":1600,\"height\":1200},{\"@type\":\"BreadcrumbList\",\"@id\":\"https:\\\/\\\/l21.mx\\\/?p=60342#breadcrumb\",\"itemListElement\":[{\"@type\":\"ListItem\",\"position\":1,\"name\":\"Portada\",\"item\":\"https:\\\/\\\/l21.mx\\\/\"},{\"@type\":\"ListItem\",\"position\":2,\"name\":\"Mantiene gobierno de Puerto Morelos coordinaci\u00f3n con la Marina y SEMA para hacer frente al sargazo\"}]},{\"@type\":\"WebSite\",\"@id\":\"https:\\\/\\\/l21.mx\\\/#website\",\"url\":\"https:\\\/\\\/l21.mx\\\/\",\"name\":\"Revista Latitud 21\",\"description\":\"Emprendedores  y negocios en el Caribe Mexicano\",\"publisher\":{\"@id\":\"https:\\\/\\\/l21.mx\\\/#organization\"},\"potentialAction\":[{\"@type\":\"SearchAction\",\"target\":{\"@type\":\"EntryPoint\",\"urlTemplate\":\"https:\\\/\\\/l21.mx\\\/?s={search_term_string}\"},\"query-input\":{\"@type\":\"PropertyValueSpecification\",\"valueRequired\":true,\"valueName\":\"search_term_string\"}}],\"inLanguage\":\"es\"},{\"@type\":\"Organization\",\"@id\":\"https:\\\/\\\/l21.mx\\\/#organization\",\"name\":\"Grupo Editorial Latitud 21 SA de CV\",\"url\":\"https:\\\/\\\/l21.mx\\\/\",\"logo\":{\"@type\":\"ImageObject\",\"inLanguage\":\"es\",\"@id\":\"https:\\\/\\\/l21.mx\\\/#\\\/schema\\\/logo\\\/image\\\/\",\"url\":\"https:\\\/\\\/l21.mx\\\/wp-content\\\/uploads\\\/2020\\\/10\\\/logo-l21-baja.jpg\",\"contentUrl\":\"https:\\\/\\\/l21.mx\\\/wp-content\\\/uploads\\\/2020\\\/10\\\/logo-l21-baja.jpg\",\"width\":250,\"height\":250,\"caption\":\"Grupo Editorial Latitud 21 SA de CV\"},\"image\":{\"@id\":\"https:\\\/\\\/l21.mx\\\/#\\\/schema\\\/logo\\\/image\\\/\"},\"sameAs\":[\"https:\\\/\\\/www.facebook.com\\\/RevistaLatitud21\\\/\",\"https:\\\/\\\/x.com\\\/Latitud21mx\"]},{\"@type\":\"Person\",\"@id\":\"https:\\\/\\\/l21.mx\\\/#\\\/schema\\\/person\\\/cca68595b80b2f6c4c55a8b254bfbb2a\",\"name\":\"NellyG\",\"url\":\"https:\\\/\\\/l21.mx\\\/?author=100\"}]}<\/script>\n<!-- \/ Yoast SEO plugin. -->","yoast_head_json":{"title":"Mantiene gobierno de Puerto Morelos coordinaci\u00f3n con la Marina y SEMA para hacer frente al sargazo","description":"L21, Emprendedores y Negocios en el Caribe Mexicano, es la revista l\u00edder entre el Sector Empresarial y Tur\u00edstico del Caribe Mexicano.","robots":{"index":"index","follow":"follow","max-snippet":"max-snippet:-1","max-image-preview":"max-image-preview:large","max-video-preview":"max-video-preview:-1"},"canonical":"https:\/\/l21.mx\/?p=60342","twitter_card":"summary_large_image","twitter_title":"Mantiene gobierno de Puerto Morelos coordinaci\u00f3n con la Marina y SEMA para hacer frente al sargazo","twitter_description":"L21, Emprendedores y Negocios en el Caribe Mexicano, es la revista l\u00edder entre el Sector Empresarial y Tur\u00edstico del Caribe Mexicano.","twitter_image":"https:\/\/l21.mx\/wp-content\/uploads\/2023\/08\/sargazo-1.jpeg","twitter_creator":"@Latitud21mx","twitter_site":"@Latitud21mx","twitter_misc":{"Escrito por":"NellyG","Tiempo de lectura":"3 minutos"},"schema":{"@context":"https:\/\/schema.org","@graph":[{"@type":"Article","@id":"https:\/\/l21.mx\/?p=60342#article","isPartOf":{"@id":"https:\/\/l21.mx\/?p=60342"},"author":{"name":"NellyG","@id":"https:\/\/l21.mx\/#\/schema\/person\/cca68595b80b2f6c4c55a8b254bfbb2a"},"headline":"Mantiene gobierno de Puerto Morelos coordinaci\u00f3n con la Marina y SEMA para hacer frente al sargazo","datePublished":"2023-08-14T14:01:21+00:00","dateModified":"2023-08-14T14:02:22+00:00","mainEntityOfPage":{"@id":"https:\/\/l21.mx\/?p=60342"},"wordCount":533,"publisher":{"@id":"https:\/\/l21.mx\/#organization"},"image":{"@id":"https:\/\/l21.mx\/?p=60342#primaryimage"},"thumbnailUrl":"https:\/\/l21.mx\/wp-content\/uploads\/2023\/08\/sargazo-1.jpeg","articleSection":["Noticias","Quintana Roo"],"inLanguage":"es"},{"@type":"WebPage","@id":"https:\/\/l21.mx\/?p=60342","url":"https:\/\/l21.mx\/?p=60342","name":"Mantiene gobierno de Puerto Morelos coordinaci\u00f3n con la Marina y SEMA para hacer frente al sargazo","isPartOf":{"@id":"https:\/\/l21.mx\/#website"},"primaryImageOfPage":{"@id":"https:\/\/l21.mx\/?p=60342#primaryimage"},"image":{"@id":"https:\/\/l21.mx\/?p=60342#primaryimage"},"thumbnailUrl":"https:\/\/l21.mx\/wp-content\/uploads\/2023\/08\/sargazo-1.jpeg","datePublished":"2023-08-14T14:01:21+00:00","dateModified":"2023-08-14T14:02:22+00:00","description":"L21, Emprendedores y Negocios en el Caribe Mexicano, es la revista l\u00edder entre el Sector Empresarial y Tur\u00edstico del Caribe Mexicano.","breadcrumb":{"@id":"https:\/\/l21.mx\/?p=60342#breadcrumb"},"inLanguage":"es","potentialAction":[{"@type":"ReadAction","target":["https:\/\/l21.mx\/?p=60342"]}]},{"@type":"ImageObject","inLanguage":"es","@id":"https:\/\/l21.mx\/?p=60342#primaryimage","url":"https:\/\/l21.mx\/wp-content\/uploads\/2023\/08\/sargazo-1.jpeg","contentUrl":"https:\/\/l21.mx\/wp-content\/uploads\/2023\/08\/sargazo-1.jpeg","width":1600,"height":1200},{"@type":"BreadcrumbList","@id":"https:\/\/l21.mx\/?p=60342#breadcrumb","itemListElement":[{"@type":"ListItem","position":1,"name":"Portada","item":"https:\/\/l21.mx\/"},{"@type":"ListItem","position":2,"name":"Mantiene gobierno de Puerto Morelos coordinaci\u00f3n con la Marina y SEMA para hacer frente al sargazo"}]},{"@type":"WebSite","@id":"https:\/\/l21.mx\/#website","url":"https:\/\/l21.mx\/","name":"Revista Latitud 21","description":"Emprendedores  y negocios en el Caribe Mexicano","publisher":{"@id":"https:\/\/l21.mx\/#organization"},"potentialAction":[{"@type":"SearchAction","target":{"@type":"EntryPoint","urlTemplate":"https:\/\/l21.mx\/?s={search_term_string}"},"query-input":{"@type":"PropertyValueSpecification","valueRequired":true,"valueName":"search_term_string"}}],"inLanguage":"es"},{"@type":"Organization","@id":"https:\/\/l21.mx\/#organization","name":"Grupo Editorial Latitud 21 SA de CV","url":"https:\/\/l21.mx\/","logo":{"@type":"ImageObject","inLanguage":"es","@id":"https:\/\/l21.mx\/#\/schema\/logo\/image\/","url":"https:\/\/l21.mx\/wp-content\/uploads\/2020\/10\/logo-l21-baja.jpg","contentUrl":"https:\/\/l21.mx\/wp-content\/uploads\/2020\/10\/logo-l21-baja.jpg","width":250,"height":250,"caption":"Grupo Editorial Latitud 21 SA de CV"},"image":{"@id":"https:\/\/l21.mx\/#\/schema\/logo\/image\/"},"sameAs":["https:\/\/www.facebook.com\/RevistaLatitud21\/","https:\/\/x.com\/Latitud21mx"]},{"@type":"Person","@id":"https:\/\/l21.mx\/#\/schema\/person\/cca68595b80b2f6c4c55a8b254bfbb2a","name":"NellyG","url":"https:\/\/l21.mx\/?author=100"}]}},"amp_enabled":true,"_links":{"self":[{"href":"https:\/\/l21.mx\/index.php?rest_route=\/wp\/v2\/posts\/60342","targetHints":{"allow":["GET"]}}],"collection":[{"href":"https:\/\/l21.mx\/index.php?rest_route=\/wp\/v2\/posts"}],"about":[{"href":"https:\/\/l21.mx\/index.php?rest_route=\/wp\/v2\/types\/post"}],"author":[{"embeddable":true,"href":"https:\/\/l21.mx\/index.php?rest_route=\/wp\/v2\/users\/100"}],"replies":[{"embeddable":true,"href":"https:\/\/l21.mx\/index.php?rest_route=%2Fwp%2Fv2%2Fcomments&post=60342"}],"version-history":[{"count":2,"href":"https:\/\/l21.mx\/index.php?rest_route=\/wp\/v2\/posts\/60342\/revisions"}],"predecessor-version":[{"id":60352,"href":"https:\/\/l21.mx\/index.php?rest_route=\/wp\/v2\/posts\/60342\/revisions\/60352"}],"wp:featuredmedia":[{"embeddable":true,"href":"https:\/\/l21.mx\/index.php?rest_route=\/wp\/v2\/media\/60345"}],"wp:attachment":[{"href":"https:\/\/l21.mx\/index.php?rest_route=%2Fwp%2Fv2%2Fmedia&parent=60342"}],"wp:term":[{"taxonomy":"category","embeddable":true,"href":"https:\/\/l21.mx\/index.php?rest_route=%2Fwp%2Fv2%2Fcategories&post=60342"},{"taxonomy":"post_tag","embeddable":true,"href":"https:\/\/l21.mx\/index.php?rest_route=%2Fwp%2Fv2%2Ftags&post=60342"}],"curies":[{"name":"wp","href":"https:\/\/api.w.org\/{rel}","templated":true}]}}