{"id":60434,"date":"2023-08-15T21:03:04","date_gmt":"2023-08-16T02:03:04","guid":{"rendered":"https:\/\/l21.mx\/?p=60434"},"modified":"2023-08-15T21:03:04","modified_gmt":"2023-08-16T02:03:04","slug":"mara-lezama-entrega-el-nombramiento-de-pueblo-magico-a-la-isla-de-cozumel","status":"publish","type":"post","link":"https:\/\/l21.mx\/?p=60434","title":{"rendered":"Mara Lezama entrega el nombramiento de Pueblo M\u00e1gico a la isla de Cozumel"},"content":{"rendered":"<p>&nbsp;<\/p>\n<p>-El cuarto Pueblo M\u00e1gico de Quintana Roo y el 117 de todo el pa\u00eds, que reconoce el valor hist\u00f3rico, cultural y tradicional de su pueblo; herramienta para generar prosperidad compartida<\/p>\n<p><a href=\"https:\/\/l21.mx\/wp-content\/uploads\/2023\/08\/WhatsApp-Image-2023-08-15-at-16.08.32.jpeg\" data-rel=\"penci-gallery-image-content\" ><img fetchpriority=\"high\" decoding=\"async\" class=\"alignnone size-medium wp-image-60436\" src=\"https:\/\/l21.mx\/wp-content\/uploads\/2023\/08\/WhatsApp-Image-2023-08-15-at-16.08.32-300x200.jpeg\" alt=\"\" width=\"300\" height=\"200\" srcset=\"https:\/\/l21.mx\/wp-content\/uploads\/2023\/08\/WhatsApp-Image-2023-08-15-at-16.08.32-300x200.jpeg 300w, https:\/\/l21.mx\/wp-content\/uploads\/2023\/08\/WhatsApp-Image-2023-08-15-at-16.08.32-1024x682.jpeg 1024w, https:\/\/l21.mx\/wp-content\/uploads\/2023\/08\/WhatsApp-Image-2023-08-15-at-16.08.32-768x512.jpeg 768w, https:\/\/l21.mx\/wp-content\/uploads\/2023\/08\/WhatsApp-Image-2023-08-15-at-16.08.32-1536x1023.jpeg 1536w, https:\/\/l21.mx\/wp-content\/uploads\/2023\/08\/WhatsApp-Image-2023-08-15-at-16.08.32-1200x800.jpeg 1200w, https:\/\/l21.mx\/wp-content\/uploads\/2023\/08\/WhatsApp-Image-2023-08-15-at-16.08.32-1170x780.jpeg 1170w, https:\/\/l21.mx\/wp-content\/uploads\/2023\/08\/WhatsApp-Image-2023-08-15-at-16.08.32-585x390.jpeg 585w, https:\/\/l21.mx\/wp-content\/uploads\/2023\/08\/WhatsApp-Image-2023-08-15-at-16.08.32-263x175.jpeg 263w, https:\/\/l21.mx\/wp-content\/uploads\/2023\/08\/WhatsApp-Image-2023-08-15-at-16.08.32.jpeg 1600w\" sizes=\"(max-width: 300px) 100vw, 300px\" \/><\/a><\/p>\n<p>Cozumel.- La gobernadora Mara Lezama Espinosa entreg\u00f3 hoy a la presidenta municipal Juanita Alonso Marrufo, el nombramiento de Pueblo M\u00e1gico a la isla de Cozumel, que se suma a los 117 que hay en todo M\u00e9xico, y que reconoce los atributos \u00fanicos, simb\u00f3licos, historia y cultura que lo hace \u00fanico.<\/p>\n<p>Durante la ceremonia, la gobernadora de Quintana Roo dijo que su incorporaci\u00f3n al programa nacional Pueblos M\u00e1gicos le da la oportunidad a Cozumel de aprovechar el enorme potencial que tiene para generar mayor crecimiento y afrontar el reto de hacer que el \u00e9xito tur\u00edstico se refleje en la econom\u00eda de las y los quintanarroenses.<\/p>\n<p>Al entregar el nombramiento, la gobernadora Mara Lezama exhort\u00f3 a todas y todos a hacer de esta designaci\u00f3n una verdadera herramienta de desarrollo comunitario, de diversificaci\u00f3n econ\u00f3mica y de prosperidad compartida, tal como se establece en el Nuevo Acuerdo por el Bienestar y Desarrollo de Quintana Roo para la transformaci\u00f3n profunda de las y los quintanarroenses.<\/p>\n<p><a href=\"https:\/\/l21.mx\/wp-content\/uploads\/2023\/08\/WhatsApp-Image-2023-08-15-at-16.08.33.jpeg\" data-rel=\"penci-gallery-image-content\" ><img decoding=\"async\" class=\"alignnone size-medium wp-image-60435\" src=\"https:\/\/l21.mx\/wp-content\/uploads\/2023\/08\/WhatsApp-Image-2023-08-15-at-16.08.33-300x200.jpeg\" alt=\"\" width=\"300\" height=\"200\" srcset=\"https:\/\/l21.mx\/wp-content\/uploads\/2023\/08\/WhatsApp-Image-2023-08-15-at-16.08.33-300x200.jpeg 300w, https:\/\/l21.mx\/wp-content\/uploads\/2023\/08\/WhatsApp-Image-2023-08-15-at-16.08.33-1024x682.jpeg 1024w, https:\/\/l21.mx\/wp-content\/uploads\/2023\/08\/WhatsApp-Image-2023-08-15-at-16.08.33-768x512.jpeg 768w, https:\/\/l21.mx\/wp-content\/uploads\/2023\/08\/WhatsApp-Image-2023-08-15-at-16.08.33-1536x1023.jpeg 1536w, https:\/\/l21.mx\/wp-content\/uploads\/2023\/08\/WhatsApp-Image-2023-08-15-at-16.08.33-1200x800.jpeg 1200w, https:\/\/l21.mx\/wp-content\/uploads\/2023\/08\/WhatsApp-Image-2023-08-15-at-16.08.33-1170x780.jpeg 1170w, https:\/\/l21.mx\/wp-content\/uploads\/2023\/08\/WhatsApp-Image-2023-08-15-at-16.08.33-585x390.jpeg 585w, https:\/\/l21.mx\/wp-content\/uploads\/2023\/08\/WhatsApp-Image-2023-08-15-at-16.08.33-263x175.jpeg 263w, https:\/\/l21.mx\/wp-content\/uploads\/2023\/08\/WhatsApp-Image-2023-08-15-at-16.08.33.jpeg 1600w\" sizes=\"(max-width: 300px) 100vw, 300px\" \/><\/a><\/p>\n<p>\u201cConvoco a todas y todos a trabajar por Cozumel, para reafirmar su condici\u00f3n de primer puerto de cruceros del continente, y referente de un nuevo modelo tur\u00edstico que contempla la sustentabilidad y el desarrollo humano y comunitario\u201d, expres\u00f3 la titular del Ejecutivo.<\/p>\n<p>Al respecto, el secretario estatal de Turismo, Bernardo Cueto Riestra, la importancia de Cozumel, hoy Pueblo M\u00e1gico, se refleja en resultados del a\u00f1o pasado, en que se logr\u00f3 un mill\u00f3n de turistas, 3 millones de cruceristas; mejor\u00eda en la conectividad con 7 nuevas rutas anunciadas, 2 nacionales y 5 internacionales.<\/p>\n<p>Asimismo, al primer semestre del 2023 ha logrado 2.3 millones de cruceristas, 55% m\u00e1s que en 2022.<\/p>\n<p>Con Cozumel, Quintana Roo tiene cuatro Pueblos M\u00e1gicos y un Barrio M\u00e1gico -el Centro Hist\u00f3rico de Chetumal- que re\u00fanen atractivos naturales, culturales, hist\u00f3ricos, gastron\u00f3micos y recreativos. De acuerdo con SEDETUR, el estado de Quintana Roo cerr\u00f3 el a\u00f1o 2022 con una derrama econ\u00f3mica de 19.4 mil millones de d\u00f3lares, 19.6 millones de turistas, 4.9 millones de cruceristas y 31.3 millones de pasajeros en aeropuertos. Se tuvo una ocupaci\u00f3n hotelera del 74.1% encabezado por el turista extranjero con el 64.03% y el turista nacional con el 35.97%.<\/p>\n<p>Juanita Alonso Marrufo, presidenta municipal, afirm\u00f3 que este es un d\u00eda hist\u00f3rico para Cozumel, que llena de emoci\u00f3n y que representa un reconocimiento a la historia de la isla.<\/p>\n<p>Presenciaron esta entrega, entre otras personas, el cronista de la ciudad Velio Vivas Vivas; el presidente de la Fundaci\u00f3n de Parques y Museos de Cozumel, Jos\u00e9 Luis Chac\u00f3n M\u00e9ndez; la presidenta honoraria del Sistema DIF, Ver\u00f3nica Lezama Espinosa; la diputada federal Anah\u00ed Gonz\u00e1lez Hern\u00e1ndez; empresarios, hoteleros, presidentes municipales, dirigentes de c\u00e1maras y organizaciones empresariales.<\/p>\n","protected":false},"excerpt":{"rendered":"<p>&nbsp; -El cuarto Pueblo M\u00e1gico de Quintana Roo y el 117 de todo el pa\u00eds, que&hellip;<\/p>\n","protected":false},"author":100,"featured_media":60437,"comment_status":"closed","ping_status":"closed","sticky":false,"template":"","format":"standard","meta":{"_acf_changed":false,"_lmt_disableupdate":"","_lmt_disable":"","_mbp_gutenberg_autopost":false,"footnotes":""},"categories":[23,1656,8],"tags":[],"class_list":["post-60434","post","type-post","status-publish","format-standard","has-post-thumbnail","hentry","category-noticias","category-quintana-roo","category-turismo"],"acf":[],"_links":{"self":[{"href":"https:\/\/l21.mx\/index.php?rest_route=\/wp\/v2\/posts\/60434","targetHints":{"allow":["GET"]}}],"collection":[{"href":"https:\/\/l21.mx\/index.php?rest_route=\/wp\/v2\/posts"}],"about":[{"href":"https:\/\/l21.mx\/index.php?rest_route=\/wp\/v2\/types\/post"}],"author":[{"embeddable":true,"href":"https:\/\/l21.mx\/index.php?rest_route=\/wp\/v2\/users\/100"}],"replies":[{"embeddable":true,"href":"https:\/\/l21.mx\/index.php?rest_route=%2Fwp%2Fv2%2Fcomments&post=60434"}],"version-history":[{"count":0,"href":"https:\/\/l21.mx\/index.php?rest_route=\/wp\/v2\/posts\/60434\/revisions"}],"wp:featuredmedia":[{"embeddable":true,"href":"https:\/\/l21.mx\/index.php?rest_route=\/wp\/v2\/media\/60437"}],"wp:attachment":[{"href":"https:\/\/l21.mx\/index.php?rest_route=%2Fwp%2Fv2%2Fmedia&parent=60434"}],"wp:term":[{"taxonomy":"category","embeddable":true,"href":"https:\/\/l21.mx\/index.php?rest_route=%2Fwp%2Fv2%2Fcategories&post=60434"},{"taxonomy":"post_tag","embeddable":true,"href":"https:\/\/l21.mx\/index.php?rest_route=%2Fwp%2Fv2%2Ftags&post=60434"}],"curies":[{"name":"wp","href":"https:\/\/api.w.org\/{rel}","templated":true}]}}