{"id":60459,"date":"2023-08-16T20:48:31","date_gmt":"2023-08-17T01:48:31","guid":{"rendered":"https:\/\/l21.mx\/?p=60459"},"modified":"2023-08-16T20:48:31","modified_gmt":"2023-08-17T01:48:31","slug":"lili-campos-visito-a-vecinos-de-la-colonia-28-de-julio","status":"publish","type":"post","link":"https:\/\/l21.mx\/?p=60459","title":{"rendered":"Lili Campos visit\u00f3 a vecinos de la colonia 28 de Julio"},"content":{"rendered":"<p>&nbsp;<\/p>\n<p>\u2022 Escucha y resuelve las necesidades de los habitantes de la colonia<\/p>\n<p><a href=\"https:\/\/l21.mx\/wp-content\/uploads\/2023\/08\/WhatsApp-Image-2023-08-16-at-20.14.18.jpeg\" data-rel=\"penci-gallery-image-content\" ><img fetchpriority=\"high\" decoding=\"async\" class=\"alignnone size-medium wp-image-60462\" src=\"https:\/\/l21.mx\/wp-content\/uploads\/2023\/08\/WhatsApp-Image-2023-08-16-at-20.14.18-300x229.jpeg\" alt=\"\" width=\"300\" height=\"229\" srcset=\"https:\/\/l21.mx\/wp-content\/uploads\/2023\/08\/WhatsApp-Image-2023-08-16-at-20.14.18-300x229.jpeg 300w, https:\/\/l21.mx\/wp-content\/uploads\/2023\/08\/WhatsApp-Image-2023-08-16-at-20.14.18-1024x783.jpeg 1024w, https:\/\/l21.mx\/wp-content\/uploads\/2023\/08\/WhatsApp-Image-2023-08-16-at-20.14.18-768x587.jpeg 768w, https:\/\/l21.mx\/wp-content\/uploads\/2023\/08\/WhatsApp-Image-2023-08-16-at-20.14.18-1177x900.jpeg 1177w, https:\/\/l21.mx\/wp-content\/uploads\/2023\/08\/WhatsApp-Image-2023-08-16-at-20.14.18-1170x895.jpeg 1170w, https:\/\/l21.mx\/wp-content\/uploads\/2023\/08\/WhatsApp-Image-2023-08-16-at-20.14.18-585x447.jpeg 585w, https:\/\/l21.mx\/wp-content\/uploads\/2023\/08\/WhatsApp-Image-2023-08-16-at-20.14.18.jpeg 1280w\" sizes=\"(max-width: 300px) 100vw, 300px\" \/><\/a><\/p>\n<p>Playa del Carmen, Solidaridad, 16 de agosto.- Con la finalidad de conocer y resolver las necesidades m\u00e1s apremiantes de vecinos de la colonia 28 de Julio, en cuanto a servicios p\u00fablicos u otras necesidades, la presidenta Lili Campos visit\u00f3 a familias de la calle Kantunilkin y Tulum.<\/p>\n<p>Durante el programa \u201cCasa por casa\u201d, la edil de Solidaridad escuch\u00f3 de viva voz el sentir de los ciudadanos, solucionando sus problemas en cuanto a servicios p\u00fablicos o tr\u00e1mites. Las se\u00f1oras Aury, Silvestre Miranda, Ruth G\u00f3mez, Adriana chuc, Magdalena Cahuich, entre otros, coincidieron en que la seguridad ha mejorado, al igual que el servicio de recolecci\u00f3n de basura, alumbrado p\u00fablico y limpieza de calles, pues esos servicios eran tardados.<\/p>\n<p>En el recorrido casa por casa, las solicitudes realizadas por las se\u00f1ora Jenny Fern\u00e1ndez y Carmita Trejo fueron canalizadas hacia el sector salud para consulta en pediatr\u00eda y el departamento de vacunaci\u00f3n, en el centro de atenci\u00f3n primaria de la Colonia 28 de julio.<\/p>\n<p><a href=\"https:\/\/l21.mx\/wp-content\/uploads\/2023\/08\/WhatsApp-Image-2023-08-16-at-20.14.19.jpeg\" data-rel=\"penci-gallery-image-content\" ><img decoding=\"async\" class=\"alignnone size-medium wp-image-60461\" src=\"https:\/\/l21.mx\/wp-content\/uploads\/2023\/08\/WhatsApp-Image-2023-08-16-at-20.14.19-300x214.jpeg\" alt=\"\" width=\"300\" height=\"214\" srcset=\"https:\/\/l21.mx\/wp-content\/uploads\/2023\/08\/WhatsApp-Image-2023-08-16-at-20.14.19-300x214.jpeg 300w, https:\/\/l21.mx\/wp-content\/uploads\/2023\/08\/WhatsApp-Image-2023-08-16-at-20.14.19-1024x732.jpeg 1024w, https:\/\/l21.mx\/wp-content\/uploads\/2023\/08\/WhatsApp-Image-2023-08-16-at-20.14.19-768x549.jpeg 768w, https:\/\/l21.mx\/wp-content\/uploads\/2023\/08\/WhatsApp-Image-2023-08-16-at-20.14.19-1200x858.jpeg 1200w, https:\/\/l21.mx\/wp-content\/uploads\/2023\/08\/WhatsApp-Image-2023-08-16-at-20.14.19-1170x836.jpeg 1170w, https:\/\/l21.mx\/wp-content\/uploads\/2023\/08\/WhatsApp-Image-2023-08-16-at-20.14.19-585x418.jpeg 585w, https:\/\/l21.mx\/wp-content\/uploads\/2023\/08\/WhatsApp-Image-2023-08-16-at-20.14.19.jpeg 1280w\" sizes=\"(max-width: 300px) 100vw, 300px\" \/><\/a><\/p>\n<p>Lili Campos, durante estas visitas, invit\u00f3 a las personas de la tercera edad a asistir a la celebraci\u00f3n del adulto mayor a realizarse tentativamente la primera semana de septiembre, en instalaciones de la Secretar\u00eda de Seguridad P\u00fablica y Tr\u00e1nsito.<\/p>\n","protected":false},"excerpt":{"rendered":"<p>&nbsp; \u2022 Escucha y resuelve las necesidades de los habitantes de la colonia Playa del Carmen,&hellip;<\/p>\n","protected":false},"author":100,"featured_media":60460,"comment_status":"closed","ping_status":"closed","sticky":false,"template":"","format":"standard","meta":{"_acf_changed":false,"_lmt_disableupdate":"","_lmt_disable":"","_mbp_gutenberg_autopost":false,"footnotes":""},"categories":[1654],"tags":[],"class_list":["post-60459","post","type-post","status-publish","format-standard","has-post-thumbnail","hentry","category-solidaridad"],"acf":[],"_links":{"self":[{"href":"https:\/\/l21.mx\/index.php?rest_route=\/wp\/v2\/posts\/60459","targetHints":{"allow":["GET"]}}],"collection":[{"href":"https:\/\/l21.mx\/index.php?rest_route=\/wp\/v2\/posts"}],"about":[{"href":"https:\/\/l21.mx\/index.php?rest_route=\/wp\/v2\/types\/post"}],"author":[{"embeddable":true,"href":"https:\/\/l21.mx\/index.php?rest_route=\/wp\/v2\/users\/100"}],"replies":[{"embeddable":true,"href":"https:\/\/l21.mx\/index.php?rest_route=%2Fwp%2Fv2%2Fcomments&post=60459"}],"version-history":[{"count":0,"href":"https:\/\/l21.mx\/index.php?rest_route=\/wp\/v2\/posts\/60459\/revisions"}],"wp:featuredmedia":[{"embeddable":true,"href":"https:\/\/l21.mx\/index.php?rest_route=\/wp\/v2\/media\/60460"}],"wp:attachment":[{"href":"https:\/\/l21.mx\/index.php?rest_route=%2Fwp%2Fv2%2Fmedia&parent=60459"}],"wp:term":[{"taxonomy":"category","embeddable":true,"href":"https:\/\/l21.mx\/index.php?rest_route=%2Fwp%2Fv2%2Fcategories&post=60459"},{"taxonomy":"post_tag","embeddable":true,"href":"https:\/\/l21.mx\/index.php?rest_route=%2Fwp%2Fv2%2Ftags&post=60459"}],"curies":[{"name":"wp","href":"https:\/\/api.w.org\/{rel}","templated":true}]}}