{"id":60506,"date":"2023-08-17T17:05:34","date_gmt":"2023-08-17T22:05:34","guid":{"rendered":"https:\/\/l21.mx\/?p=60506"},"modified":"2023-08-17T17:05:34","modified_gmt":"2023-08-17T22:05:34","slug":"lleva-mara-lezama-servicios-de-salud-a-todos-los-rincones-de-quintana-roo","status":"publish","type":"post","link":"https:\/\/l21.mx\/?p=60506","title":{"rendered":"Lleva Mara Lezama servicios de salud a todos los rincones de Quintana Roo"},"content":{"rendered":"<p>&nbsp;<\/p>\n<p>-Del 12 de abril al 16 de agosto las unidades m\u00f3viles de servicios m\u00e9dicos se han instalado en 43 comunidades y colonias de los 11 municipios de Quintana Roo<\/p>\n<p><a href=\"https:\/\/l21.mx\/wp-content\/uploads\/2023\/08\/salud-mara-3.jpg\" data-rel=\"penci-gallery-image-content\" ><img fetchpriority=\"high\" decoding=\"async\" class=\"alignnone size-medium wp-image-60509\" src=\"https:\/\/l21.mx\/wp-content\/uploads\/2023\/08\/salud-mara-3-224x300.jpg\" alt=\"\" width=\"224\" height=\"300\" srcset=\"https:\/\/l21.mx\/wp-content\/uploads\/2023\/08\/salud-mara-3-224x300.jpg 224w, https:\/\/l21.mx\/wp-content\/uploads\/2023\/08\/salud-mara-3-766x1024.jpg 766w, https:\/\/l21.mx\/wp-content\/uploads\/2023\/08\/salud-mara-3-768x1027.jpg 768w, https:\/\/l21.mx\/wp-content\/uploads\/2023\/08\/salud-mara-3-1149x1536.jpg 1149w, https:\/\/l21.mx\/wp-content\/uploads\/2023\/08\/salud-mara-3-673x900.jpg 673w, https:\/\/l21.mx\/wp-content\/uploads\/2023\/08\/salud-mara-3-1170x1564.jpg 1170w, https:\/\/l21.mx\/wp-content\/uploads\/2023\/08\/salud-mara-3-585x782.jpg 585w, https:\/\/l21.mx\/wp-content\/uploads\/2023\/08\/salud-mara-3.jpg 1197w\" sizes=\"(max-width: 224px) 100vw, 224px\" \/><\/a><\/p>\n<p>Chetumal.- Con un gobierno cercano a la gente y atendiendo de manera prioritaria a quienes menos tienen a trav\u00e9s de las unidades itinerantes \u201cSalud para tod@s\u201d, la gobernadora Mara Lezama Espinosa lleva a todos los rincones de Quintana Roo servicios m\u00e9dicos que a la fecha suman m\u00e1s de 90 mil 527 atenciones en 43 comunidades y colonias de los 11 municipios.<\/p>\n<p>La gobernadora de Quintana Roo impulsa un Nuevo Acuerdo por el Bienestar y Desarrollo en el que las personas m\u00e1s vulnerables est\u00e1n en el centro de las acciones para transformar su calidad de vida, principalmente en el cuidado de su salud a trav\u00e9s de estas unidades m\u00f3viles.<\/p>\n<p>Mara Lezama personalmente y en territorio, ha supervisado la operatividad de las unidades m\u00f3viles que se llevan a los diversos municipios, para que las personas reciban atenci\u00f3n de calidad, como en las grandes ciudades.<\/p>\n<p>El secretario de Salud Flavio Carlos Rosado, record\u00f3 que entre las atenciones que se realizan a trav\u00e9s de \u201cSalud para Tod@s\u201d est\u00e1n la atenci\u00f3n m\u00e9dica integral, laboratorio cl\u00ednico, mastograf\u00edas, rayos X (t\u00f3rax), electrocardiograma, densitometr\u00eda, ultrasonido p\u00e9lvico-obst\u00e9trico, salud dental, nutrici\u00f3n, salud visual y del o\u00eddo, atenci\u00f3n psicol\u00f3gica, apoyo a v\u00edctimas de violencia, ambulancia de traslado, farmacia, promoci\u00f3n y educaci\u00f3n en salud.<\/p>\n<p><a href=\"https:\/\/l21.mx\/wp-content\/uploads\/2023\/08\/salud-mara.jpg\" data-rel=\"penci-gallery-image-content\" ><img decoding=\"async\" class=\"alignnone size-medium wp-image-60507\" src=\"https:\/\/l21.mx\/wp-content\/uploads\/2023\/08\/salud-mara-225x300.jpg\" alt=\"\" width=\"225\" height=\"300\" srcset=\"https:\/\/l21.mx\/wp-content\/uploads\/2023\/08\/salud-mara-225x300.jpg 225w, https:\/\/l21.mx\/wp-content\/uploads\/2023\/08\/salud-mara-768x1024.jpg 768w, https:\/\/l21.mx\/wp-content\/uploads\/2023\/08\/salud-mara-675x900.jpg 675w, https:\/\/l21.mx\/wp-content\/uploads\/2023\/08\/salud-mara-585x780.jpg 585w, https:\/\/l21.mx\/wp-content\/uploads\/2023\/08\/salud-mara.jpg 867w\" sizes=\"(max-width: 225px) 100vw, 225px\" \/><\/a><\/p>\n<p>Durante esta semana del 16 al 18 de agosto se atiende a los habitantes de la zona norte en el municipio de Puerto Morelos de las poblaciones de Zetina Gasca, Central Vallarta, Leona Vicario y Puerto Morelos. En la zona centro del municipio de Jos\u00e9 Mar\u00eda Morelos se beneficiar\u00e1 la comunidad de Dziuch\u00e9.<\/p>\n<p>En lo que respecta a la zona sur, en los municipios de Oth\u00f3n P. Blanco y Bacalar se ofrecer\u00e1n los servicios a las comunidades de Maya Balam, Kuchumat\u00e1n, Caan Lumil, Miguel Hidalgo, San Isidro La Laguna, Plan de la Noria, Gavilanes, Adolfo de la Huerta, San Isidro Poniente, Chunhuas, Nuevo Cunduac\u00e1n y Ramonal.<\/p>\n<p><a href=\"https:\/\/l21.mx\/wp-content\/uploads\/2023\/08\/salud-mara-4.jpg\" data-rel=\"penci-gallery-image-content\" ><img decoding=\"async\" class=\"alignnone size-medium wp-image-60510\" src=\"https:\/\/l21.mx\/wp-content\/uploads\/2023\/08\/salud-mara-4-300x179.jpg\" alt=\"\" width=\"300\" height=\"179\" srcset=\"https:\/\/l21.mx\/wp-content\/uploads\/2023\/08\/salud-mara-4-300x179.jpg 300w, https:\/\/l21.mx\/wp-content\/uploads\/2023\/08\/salud-mara-4-1024x611.jpg 1024w, https:\/\/l21.mx\/wp-content\/uploads\/2023\/08\/salud-mara-4-768x458.jpg 768w, https:\/\/l21.mx\/wp-content\/uploads\/2023\/08\/salud-mara-4-1536x916.jpg 1536w, https:\/\/l21.mx\/wp-content\/uploads\/2023\/08\/salud-mara-4-1200x716.jpg 1200w, https:\/\/l21.mx\/wp-content\/uploads\/2023\/08\/salud-mara-4-1170x698.jpg 1170w, https:\/\/l21.mx\/wp-content\/uploads\/2023\/08\/salud-mara-4-585x349.jpg 585w, https:\/\/l21.mx\/wp-content\/uploads\/2023\/08\/salud-mara-4.jpg 1600w\" sizes=\"(max-width: 300px) 100vw, 300px\" \/><\/a><\/p>\n<p>Para ser atendido en estas Unidades M\u00f3viles basta con llevar una copia del INE y de la CURP en un horario de 07:00 a 16:00 horas.<\/p>\n<p>En lo que respecta a la pr\u00f3xima semana del 21 al 25 de agosto se instalar\u00e1n en las localidades de Leona Vicario, Nuevo Valladolid.<\/p>\n<p>En la zona centro en el municipio de Felipe Carrillo Puerto, la pr\u00f3xima semana se atender\u00e1n las localidades de Naranjal Poniente, Santa Mar\u00eda Poniente, Chan Santa Cruz y Presidente Ju\u00e1rez.<\/p>\n<p>En lo que respecta de la zona sur lo que corresponde al municipio de Oth\u00f3n P. Blanco y Bacalar se beneficiar\u00e1n a los habitantes de Altos de Sevilla, Sinah\u00ed (L\u00e1zaro C\u00e1rdenas), Tierras Negras, Cedralito, David Gustavo Guti\u00e9rrez, R\u00edo Escondido, Huatusco, Isidro Favela, San Rom\u00e1n, La Libertad, San Pedro Peralta, Para\u00edso, Buena Esperanza y Los Lirios.<\/p>\n","protected":false},"excerpt":{"rendered":"<p>&nbsp; -Del 12 de abril al 16 de agosto las unidades m\u00f3viles de servicios m\u00e9dicos se&hellip;<\/p>\n","protected":false},"author":100,"featured_media":60508,"comment_status":"closed","ping_status":"closed","sticky":false,"template":"","format":"standard","meta":{"_acf_changed":false,"_lmt_disableupdate":"","_lmt_disable":"","_mbp_gutenberg_autopost":false,"footnotes":""},"categories":[23,1656],"tags":[],"class_list":["post-60506","post","type-post","status-publish","format-standard","has-post-thumbnail","hentry","category-noticias","category-quintana-roo"],"acf":[],"_links":{"self":[{"href":"https:\/\/l21.mx\/index.php?rest_route=\/wp\/v2\/posts\/60506","targetHints":{"allow":["GET"]}}],"collection":[{"href":"https:\/\/l21.mx\/index.php?rest_route=\/wp\/v2\/posts"}],"about":[{"href":"https:\/\/l21.mx\/index.php?rest_route=\/wp\/v2\/types\/post"}],"author":[{"embeddable":true,"href":"https:\/\/l21.mx\/index.php?rest_route=\/wp\/v2\/users\/100"}],"replies":[{"embeddable":true,"href":"https:\/\/l21.mx\/index.php?rest_route=%2Fwp%2Fv2%2Fcomments&post=60506"}],"version-history":[{"count":0,"href":"https:\/\/l21.mx\/index.php?rest_route=\/wp\/v2\/posts\/60506\/revisions"}],"wp:featuredmedia":[{"embeddable":true,"href":"https:\/\/l21.mx\/index.php?rest_route=\/wp\/v2\/media\/60508"}],"wp:attachment":[{"href":"https:\/\/l21.mx\/index.php?rest_route=%2Fwp%2Fv2%2Fmedia&parent=60506"}],"wp:term":[{"taxonomy":"category","embeddable":true,"href":"https:\/\/l21.mx\/index.php?rest_route=%2Fwp%2Fv2%2Fcategories&post=60506"},{"taxonomy":"post_tag","embeddable":true,"href":"https:\/\/l21.mx\/index.php?rest_route=%2Fwp%2Fv2%2Ftags&post=60506"}],"curies":[{"name":"wp","href":"https:\/\/api.w.org\/{rel}","templated":true}]}}