{"id":60529,"date":"2023-08-17T17:20:57","date_gmt":"2023-08-17T22:20:57","guid":{"rendered":"https:\/\/l21.mx\/?p=60529"},"modified":"2023-08-17T17:20:57","modified_gmt":"2023-08-17T22:20:57","slug":"celebran-con-exito-el-segundo-concurso-del-ceviche-y-coctel-isleno-2023","status":"publish","type":"post","link":"https:\/\/l21.mx\/?p=60529","title":{"rendered":"Celebran con \u00e9xito el Segundo Concurso del Ceviche y C\u00f3ctel Isle\u00f1o 2023"},"content":{"rendered":"<p>&nbsp;<\/p>\n<p>Isla Mujeres, Quintana Roo, 17 de agosto de 2023. -Como un homenaje a los trabajadores del sector tur\u00edstico, quienes con su esfuerzo diario contribuyen al \u00e9xito tur\u00edstico de Isla Mujeres, se llev\u00f3 a cabo la Segunda Edici\u00f3n del Festival del Ceviche en el marco del 173 Aniversario de Isla Mujeres.<\/p>\n<p>Durante el evento, que se realiz\u00f3 en la Explanada Municipal y fue encabezado por la alcaldesa Atenea G\u00f3mez Ricalde, se llevaron a cabo los concursos del Ceviche y C\u00f3ctel Isle\u00f1o 2023, organizado a trav\u00e9s de la Direcci\u00f3n General de Desarrollo Econ\u00f3mico y Turismo.<\/p>\n<p><a href=\"https:\/\/l21.mx\/wp-content\/uploads\/2023\/08\/gastronomia-chefs-3.jpeg\" data-rel=\"penci-gallery-image-content\" ><img fetchpriority=\"high\" decoding=\"async\" class=\"alignnone size-medium wp-image-60530\" src=\"https:\/\/l21.mx\/wp-content\/uploads\/2023\/08\/gastronomia-chefs-3-300x205.jpeg\" alt=\"\" width=\"300\" height=\"205\" srcset=\"https:\/\/l21.mx\/wp-content\/uploads\/2023\/08\/gastronomia-chefs-3-300x205.jpeg 300w, https:\/\/l21.mx\/wp-content\/uploads\/2023\/08\/gastronomia-chefs-3-1024x699.jpeg 1024w, https:\/\/l21.mx\/wp-content\/uploads\/2023\/08\/gastronomia-chefs-3-768x524.jpeg 768w, https:\/\/l21.mx\/wp-content\/uploads\/2023\/08\/gastronomia-chefs-3-1200x819.jpeg 1200w, https:\/\/l21.mx\/wp-content\/uploads\/2023\/08\/gastronomia-chefs-3-1170x799.jpeg 1170w, https:\/\/l21.mx\/wp-content\/uploads\/2023\/08\/gastronomia-chefs-3-585x399.jpeg 585w, https:\/\/l21.mx\/wp-content\/uploads\/2023\/08\/gastronomia-chefs-3.jpeg 1280w\" sizes=\"(max-width: 300px) 100vw, 300px\" \/><\/a><\/p>\n<p>En su mensaje, la Presidenta Municipal de Isla Mujeres, Atenea G\u00f3mez Ricalde, agradeci\u00f3 el apoyo y participaci\u00f3n del sector empresarial, hotelero y de la ciudadan\u00eda, en la organizaci\u00f3n de los concursos, ya que a trav\u00e9s de ellos se presenta al mundo la gran riqueza gastron\u00f3mica y cultural del municipio.<\/p>\n<p>De igual forma, se\u00f1al\u00f3 que a trav\u00e9s de la elaboraci\u00f3n de ceviches y c\u00f3cteles con productos t\u00edpicos de la regi\u00f3n, se da a conocer la historia y esencia de la isla y su gente.<\/p>\n<p>\u00abLo m\u00e1s importante es mostrar al mundo lo que tenemos, cuidando nuestros atractivos, sin perder su esencia, conservando el medio ambiente y la alegr\u00eda y hospitalidad que caracteriza a las isle\u00f1as e isle\u00f1os\u00bb, refiri\u00f3 la alcaldesa.<\/p>\n<p><a href=\"https:\/\/l21.mx\/wp-content\/uploads\/2023\/08\/gastronomia-chefs-2.jpeg\" data-rel=\"penci-gallery-image-content\" ><img decoding=\"async\" class=\"alignnone size-medium wp-image-60536\" src=\"https:\/\/l21.mx\/wp-content\/uploads\/2023\/08\/gastronomia-chefs-2-300x218.jpeg\" alt=\"\" width=\"300\" height=\"218\" srcset=\"https:\/\/l21.mx\/wp-content\/uploads\/2023\/08\/gastronomia-chefs-2-300x218.jpeg 300w, https:\/\/l21.mx\/wp-content\/uploads\/2023\/08\/gastronomia-chefs-2-1024x742.jpeg 1024w, https:\/\/l21.mx\/wp-content\/uploads\/2023\/08\/gastronomia-chefs-2-768x557.jpeg 768w, https:\/\/l21.mx\/wp-content\/uploads\/2023\/08\/gastronomia-chefs-2-1200x870.jpeg 1200w, https:\/\/l21.mx\/wp-content\/uploads\/2023\/08\/gastronomia-chefs-2-1170x848.jpeg 1170w, https:\/\/l21.mx\/wp-content\/uploads\/2023\/08\/gastronomia-chefs-2-585x424.jpeg 585w, https:\/\/l21.mx\/wp-content\/uploads\/2023\/08\/gastronomia-chefs-2.jpeg 1280w\" sizes=\"(max-width: 300px) 100vw, 300px\" \/><\/a><\/p>\n<p>El jurado calificador lo integraron los prestigiados Chefs Manuel Isa\u00edas Alamilla, investigador del Patrimonio Culinario de Quintana Roo, Federico L\u00f3pez, Obed Manuel Reyes May, Wilson Alonzo B\u00e1ez y el director de Desarrollo Econ\u00f3mico y Turismo de Isla Mujeres, Jos\u00e9 Jes\u00fas Castillo Maga\u00f1a. Para el Concurso del C\u00f3ctel lo conformaron el Chef Mercy Bezabel Pacheco, Gustavo Nava, Sergio Mu\u00f1iz y el Director General de Desarrollo Econ\u00f3mico y Turismo, Jos\u00e9 Jes\u00fas Castillo Maga\u00f1a.<\/p>\n<p>Los ganadores del Segundo Concurso del Ceviche fueron en primer lugar Diego Mart\u00edn, de Mama Rosa; en segundo lugar Patzy Marleny Navarrete, del Hotel Garza Blanca; y en tercero Jos\u00e9 Luis Miranda, de Mayan Beach. Del Concurso del C\u00f3ctel el primer lugar fue para V\u00edctor Hugo Gonz\u00e1lez, de Xantolo; el segundo para Karen Paz, del Proyecto Mayahuel; y el tercero para Julio Quiroz, de la Marina Bartolom\u00e9.<\/p>\n<p>Los ganadores recibieron reconocimientos y m\u00e1s de 50 mil pesos en premios tanto en efectivo como en especie.<\/p>\n<div data-sliderid=\"38240\" id=\"penci-post-gallery__38240\" class=\"penci-post-gallery-container justified column-3\" data-height=\"150\" data-margin=\"3\"><a class=\"penci-gallery-ite item-gallery-justified\" href=\"https:\/\/l21.mx\/wp-content\/uploads\/2023\/08\/gastronomia-chefs-1.jpeg\" data-rel=\"penci-gallery-image-content\" ><img decoding=\"async\" src=\"https:\/\/l21.mx\/wp-content\/uploads\/2023\/08\/gastronomia-chefs-1-585x465.jpeg\" alt=\"\" title=\"gastronom\u00eda chefs (1)\"><\/a><a class=\"penci-gallery-ite item-gallery-justified\" href=\"https:\/\/l21.mx\/wp-content\/uploads\/2023\/08\/gastronomia-chefs-6.jpeg\" data-rel=\"penci-gallery-image-content\" ><img decoding=\"async\" src=\"https:\/\/l21.mx\/wp-content\/uploads\/2023\/08\/gastronomia-chefs-6-585x390.jpeg\" alt=\"\" title=\"gastronom\u00eda chefs (6)\"><\/a><a class=\"penci-gallery-ite item-gallery-justified\" href=\"https:\/\/l21.mx\/wp-content\/uploads\/2023\/08\/gastronomia-chefs-5.jpeg\" data-rel=\"penci-gallery-image-content\" ><img decoding=\"async\" src=\"https:\/\/l21.mx\/wp-content\/uploads\/2023\/08\/gastronomia-chefs-5-585x390.jpeg\" alt=\"\" title=\"gastronom\u00eda chefs (5)\"><\/a><a class=\"penci-gallery-ite item-gallery-justified\" href=\"https:\/\/l21.mx\/wp-content\/uploads\/2023\/08\/gastronomia-chefs-4.jpeg\" data-rel=\"penci-gallery-image-content\" ><img decoding=\"async\" src=\"https:\/\/l21.mx\/wp-content\/uploads\/2023\/08\/gastronomia-chefs-4-585x489.jpeg\" alt=\"\" title=\"gastronom\u00eda chefs (4)\"><\/a><\/div>\n","protected":false},"excerpt":{"rendered":"<p>&nbsp; Isla Mujeres, Quintana Roo, 17 de agosto de 2023. -Como un homenaje a los trabajadores&hellip;<\/p>\n","protected":false},"author":100,"featured_media":60534,"comment_status":"closed","ping_status":"closed","sticky":false,"template":"","format":"standard","meta":{"_acf_changed":false,"_lmt_disableupdate":"","_lmt_disable":"","_mbp_gutenberg_autopost":false,"footnotes":""},"categories":[23,1656],"tags":[],"class_list":["post-60529","post","type-post","status-publish","format-standard","has-post-thumbnail","hentry","category-noticias","category-quintana-roo"],"acf":[],"_links":{"self":[{"href":"https:\/\/l21.mx\/index.php?rest_route=\/wp\/v2\/posts\/60529","targetHints":{"allow":["GET"]}}],"collection":[{"href":"https:\/\/l21.mx\/index.php?rest_route=\/wp\/v2\/posts"}],"about":[{"href":"https:\/\/l21.mx\/index.php?rest_route=\/wp\/v2\/types\/post"}],"author":[{"embeddable":true,"href":"https:\/\/l21.mx\/index.php?rest_route=\/wp\/v2\/users\/100"}],"replies":[{"embeddable":true,"href":"https:\/\/l21.mx\/index.php?rest_route=%2Fwp%2Fv2%2Fcomments&post=60529"}],"version-history":[{"count":0,"href":"https:\/\/l21.mx\/index.php?rest_route=\/wp\/v2\/posts\/60529\/revisions"}],"wp:featuredmedia":[{"embeddable":true,"href":"https:\/\/l21.mx\/index.php?rest_route=\/wp\/v2\/media\/60534"}],"wp:attachment":[{"href":"https:\/\/l21.mx\/index.php?rest_route=%2Fwp%2Fv2%2Fmedia&parent=60529"}],"wp:term":[{"taxonomy":"category","embeddable":true,"href":"https:\/\/l21.mx\/index.php?rest_route=%2Fwp%2Fv2%2Fcategories&post=60529"},{"taxonomy":"post_tag","embeddable":true,"href":"https:\/\/l21.mx\/index.php?rest_route=%2Fwp%2Fv2%2Ftags&post=60529"}],"curies":[{"name":"wp","href":"https:\/\/api.w.org\/{rel}","templated":true}]}}