{"id":60563,"date":"2023-08-18T20:41:22","date_gmt":"2023-08-19T01:41:22","guid":{"rendered":"https:\/\/l21.mx\/?p=60563"},"modified":"2023-08-18T20:41:22","modified_gmt":"2023-08-19T01:41:22","slug":"concluyo-con-mucho-exito-el-curso-de-verano-baxal-paal-dif-2023","status":"publish","type":"post","link":"https:\/\/l21.mx\/?p=60563","title":{"rendered":"Concluy\u00f3 con mucho \u00e9xito el curso de verano Baxal Paal DIF 2023"},"content":{"rendered":"<p>\u2022 Como parte de las actividades promovidas por el gobierno municipal encabezado por la presidenta Lili Campos por una ni\u00f1ez feliz<\/p>\n<p>Playa del Carmen, Quintana Roo, a 18 de agosto del 2023.- Con mucho \u00e9xito concluy\u00f3 el curso de verano \u201cBaxal Paal\u201d que el gobierno de Solidaridad que encabeza Lili Campos realiz\u00f3 a trav\u00e9s del Sistema DIF Municipal durante tres semanas, con juegos, excursiones, actividades recreativas y deportivas, en la que participaron 180 ni\u00f1as, ni\u00f1as y adolescentes de entre 6 a 14 a\u00f1os de edad.<\/p>\n<p>Durante la clausura en las instalaciones del DIF, las y los participantes presentaron coreograf\u00edas de ritmos latinos, folclore y un mensaje en lengua maya, como parte de las diversas clases y talleres en las que estuvieron participando a lo largo del curso.<\/p>\n<p><a href=\"https:\/\/l21.mx\/wp-content\/uploads\/2023\/08\/WhatsApp-Image-2023-08-18-at-15.18.41.jpeg\" data-rel=\"penci-gallery-image-content\" ><img fetchpriority=\"high\" decoding=\"async\" class=\"alignnone size-medium wp-image-60564\" src=\"https:\/\/l21.mx\/wp-content\/uploads\/2023\/08\/WhatsApp-Image-2023-08-18-at-15.18.41-300x168.jpeg\" alt=\"\" width=\"300\" height=\"168\" srcset=\"https:\/\/l21.mx\/wp-content\/uploads\/2023\/08\/WhatsApp-Image-2023-08-18-at-15.18.41-300x168.jpeg 300w, https:\/\/l21.mx\/wp-content\/uploads\/2023\/08\/WhatsApp-Image-2023-08-18-at-15.18.41-768x431.jpeg 768w, https:\/\/l21.mx\/wp-content\/uploads\/2023\/08\/WhatsApp-Image-2023-08-18-at-15.18.41-585x328.jpeg 585w, https:\/\/l21.mx\/wp-content\/uploads\/2023\/08\/WhatsApp-Image-2023-08-18-at-15.18.41.jpeg 1024w\" sizes=\"(max-width: 300px) 100vw, 300px\" \/><\/a><\/p>\n<p>El presidente honorario del Sistema DIF Solidaridad, Cuauht\u00e9moc Escobedo Campos destac\u00f3 que se incluyeron actividades como b\u00e1squetbol, volibol, ritmos latinos, manualidades y bisuter\u00eda, cocina fr\u00eda, braille, elaboraci\u00f3n de pi\u00f1atas, folklore, experimentos locos, descubriendo mis derechos, adem\u00e1s de actividades sorpresa.<\/p>\n<p>Asimismo, invit\u00f3 a los padres de familia a que se acerquen y conozcan todas las actividades a cargo del organismo descentralizado cuya principal raz\u00f3n de ser es el bienestar de las familias solidarenses.<\/p>\n<p>Por \u00faltimo, la directora general del DIF Adriana Cazales Dur\u00e1n agradeci\u00f3 a las madres y padres de familia por la confianza, as\u00ed como a maestros por su participaci\u00f3n y confianza en el programa de verano, uno de los m\u00e1s esperados del a\u00f1o, en el cual las y los participantes jugaron, se divirtieron y aprendieron nuevas habilidades con la gu\u00eda de personal altamente capacitado.<\/p>\n","protected":false},"excerpt":{"rendered":"<p>\u2022 Como parte de las actividades promovidas por el gobierno municipal encabezado por la presidenta Lili&hellip;<\/p>\n","protected":false},"author":100,"featured_media":60565,"comment_status":"closed","ping_status":"closed","sticky":false,"template":"","format":"standard","meta":{"_acf_changed":false,"_lmt_disableupdate":"","_lmt_disable":"","_mbp_gutenberg_autopost":false,"footnotes":""},"categories":[1654],"tags":[],"class_list":["post-60563","post","type-post","status-publish","format-standard","has-post-thumbnail","hentry","category-solidaridad"],"acf":[],"_links":{"self":[{"href":"https:\/\/l21.mx\/index.php?rest_route=\/wp\/v2\/posts\/60563","targetHints":{"allow":["GET"]}}],"collection":[{"href":"https:\/\/l21.mx\/index.php?rest_route=\/wp\/v2\/posts"}],"about":[{"href":"https:\/\/l21.mx\/index.php?rest_route=\/wp\/v2\/types\/post"}],"author":[{"embeddable":true,"href":"https:\/\/l21.mx\/index.php?rest_route=\/wp\/v2\/users\/100"}],"replies":[{"embeddable":true,"href":"https:\/\/l21.mx\/index.php?rest_route=%2Fwp%2Fv2%2Fcomments&post=60563"}],"version-history":[{"count":0,"href":"https:\/\/l21.mx\/index.php?rest_route=\/wp\/v2\/posts\/60563\/revisions"}],"wp:featuredmedia":[{"embeddable":true,"href":"https:\/\/l21.mx\/index.php?rest_route=\/wp\/v2\/media\/60565"}],"wp:attachment":[{"href":"https:\/\/l21.mx\/index.php?rest_route=%2Fwp%2Fv2%2Fmedia&parent=60563"}],"wp:term":[{"taxonomy":"category","embeddable":true,"href":"https:\/\/l21.mx\/index.php?rest_route=%2Fwp%2Fv2%2Fcategories&post=60563"},{"taxonomy":"post_tag","embeddable":true,"href":"https:\/\/l21.mx\/index.php?rest_route=%2Fwp%2Fv2%2Ftags&post=60563"}],"curies":[{"name":"wp","href":"https:\/\/api.w.org\/{rel}","templated":true}]}}