{"id":60586,"date":"2023-08-19T21:18:37","date_gmt":"2023-08-20T02:18:37","guid":{"rendered":"https:\/\/l21.mx\/?p=60586"},"modified":"2023-08-19T21:18:37","modified_gmt":"2023-08-20T02:18:37","slug":"avanza-renovacion-de-viviendas-en-solidaridad-con-programa-pinta-tu-fachada","status":"publish","type":"post","link":"https:\/\/l21.mx\/?p=60586","title":{"rendered":"Avanza renovaci\u00f3n de viviendas en Solidaridad con programa \u201cPinta tu fachada\u201d"},"content":{"rendered":"<p>&nbsp;<\/p>\n<p>\u2022 La presidenta Lili Campos recorri\u00f3 calles de La Guadalupana para constatar avances y ver a familias contentas con esta renovaci\u00f3n<\/p>\n<p><a href=\"https:\/\/l21.mx\/wp-content\/uploads\/2023\/08\/WhatsApp-Image-2023-08-19-at-16.37.32.jpeg\" data-rel=\"penci-gallery-image-content\" ><img fetchpriority=\"high\" decoding=\"async\" class=\"alignnone size-medium wp-image-60589\" src=\"https:\/\/l21.mx\/wp-content\/uploads\/2023\/08\/WhatsApp-Image-2023-08-19-at-16.37.32-300x200.jpeg\" alt=\"\" width=\"300\" height=\"200\" srcset=\"https:\/\/l21.mx\/wp-content\/uploads\/2023\/08\/WhatsApp-Image-2023-08-19-at-16.37.32-300x200.jpeg 300w, https:\/\/l21.mx\/wp-content\/uploads\/2023\/08\/WhatsApp-Image-2023-08-19-at-16.37.32-1024x682.jpeg 1024w, https:\/\/l21.mx\/wp-content\/uploads\/2023\/08\/WhatsApp-Image-2023-08-19-at-16.37.32-768x512.jpeg 768w, https:\/\/l21.mx\/wp-content\/uploads\/2023\/08\/WhatsApp-Image-2023-08-19-at-16.37.32-1200x800.jpeg 1200w, https:\/\/l21.mx\/wp-content\/uploads\/2023\/08\/WhatsApp-Image-2023-08-19-at-16.37.32-1170x780.jpeg 1170w, https:\/\/l21.mx\/wp-content\/uploads\/2023\/08\/WhatsApp-Image-2023-08-19-at-16.37.32-585x390.jpeg 585w, https:\/\/l21.mx\/wp-content\/uploads\/2023\/08\/WhatsApp-Image-2023-08-19-at-16.37.32-263x175.jpeg 263w, https:\/\/l21.mx\/wp-content\/uploads\/2023\/08\/WhatsApp-Image-2023-08-19-at-16.37.32.jpeg 1280w\" sizes=\"(max-width: 300px) 100vw, 300px\" \/><\/a><\/p>\n<p>Playa del Carmen, Solidaridad, 19 de agosto del 2023.- Con el programa \u201cPinta tu fachada\u201d se contin\u00faan renovando las viviendas de Solidaridad, es por ello que la presidenta Lili Campos recorri\u00f3 calles de la colonia La Guadalupana, en donde supervis\u00f3 los trabajos que su equipo est\u00e1 realizando, adem\u00e1s de platicar con la ciudadan\u00eda sobre el beneficio que han recibido con este programa.<\/p>\n<p>La presidenta Lili Campos dijo que el saludar a las familias y escuchar los buenos comentarios de la ciudadan\u00eda dice mucho de las acciones que se est\u00e1n realizando, puesto que con este programa no es solo la pintura, sino la acci\u00f3n que se hace. \u201cNosotros queremos ver a las familias de Solidaridad felices y contentas y si nuestro trabajo contribuye a que lo sean, hay que hacerlo de coraz\u00f3n, por eso en nombre de los solidarenses les doy las gracias a ustedes, mi equipo de trabajo, porque pese a las inclemencias del tiempo, no se rinden\u201d expres\u00f3.<\/p>\n<p><a href=\"https:\/\/l21.mx\/wp-content\/uploads\/2023\/08\/WhatsApp-Image-2023-08-19-at-16.37.31-1.jpeg\" data-rel=\"penci-gallery-image-content\" ><img decoding=\"async\" class=\"alignnone size-medium wp-image-60588\" src=\"https:\/\/l21.mx\/wp-content\/uploads\/2023\/08\/WhatsApp-Image-2023-08-19-at-16.37.31-1-300x200.jpeg\" alt=\"\" width=\"300\" height=\"200\" srcset=\"https:\/\/l21.mx\/wp-content\/uploads\/2023\/08\/WhatsApp-Image-2023-08-19-at-16.37.31-1-300x200.jpeg 300w, https:\/\/l21.mx\/wp-content\/uploads\/2023\/08\/WhatsApp-Image-2023-08-19-at-16.37.31-1-1024x682.jpeg 1024w, https:\/\/l21.mx\/wp-content\/uploads\/2023\/08\/WhatsApp-Image-2023-08-19-at-16.37.31-1-768x512.jpeg 768w, https:\/\/l21.mx\/wp-content\/uploads\/2023\/08\/WhatsApp-Image-2023-08-19-at-16.37.31-1-1200x800.jpeg 1200w, https:\/\/l21.mx\/wp-content\/uploads\/2023\/08\/WhatsApp-Image-2023-08-19-at-16.37.31-1-1170x780.jpeg 1170w, https:\/\/l21.mx\/wp-content\/uploads\/2023\/08\/WhatsApp-Image-2023-08-19-at-16.37.31-1-585x390.jpeg 585w, https:\/\/l21.mx\/wp-content\/uploads\/2023\/08\/WhatsApp-Image-2023-08-19-at-16.37.31-1-263x175.jpeg 263w, https:\/\/l21.mx\/wp-content\/uploads\/2023\/08\/WhatsApp-Image-2023-08-19-at-16.37.31-1.jpeg 1280w\" sizes=\"(max-width: 300px) 100vw, 300px\" \/><\/a><\/p>\n<p>Por su parte, el secretario de Justicia Social y Participaci\u00f3n Ciudadana, Santiago Ch\u00e1vez, manifest\u00f3 que \u201chasta el d\u00eda de hoy se lleva un aproximado de 500 viviendas pintadas; junto con los chicos de chalecos azules se realiza tambi\u00e9n un trabajo en conjunto con la Secretar\u00eda de Servicios P\u00fablicos Municipales con descacharrizaci\u00f3n, poda de \u00e1rboles, la limpieza de la calle, ya que se est\u00e1n pintando banquetas y guarniciones\u201d.<\/p>\n<p>El funcionario recalc\u00f3 que el escuchar que la gente les agradece este tipo de programas y jornadas habla de la sensibilidad de un gobierno que ha encabezado la presidenta Lili Campos del contacto directo con cada uno de los ciudadanos para buscar la participaci\u00f3n ciudadana. \u201cEstamos redoblando todos los esfuerzos para cumplir con el objetivo de las 20 mil viviendas, en un lapso aproximado de 10 d\u00edas estaremos entrando a las colonias de Colosio y Nicte-Ha donde tambi\u00e9n se aplicar\u00e1 este programa, por lo que le pedimos a los vecinos estar muy pendientes\u201d.<\/p>\n<p><a href=\"https:\/\/l21.mx\/wp-content\/uploads\/2023\/08\/WhatsApp-Image-2023-08-19-at-16.37.33.jpeg\" data-rel=\"penci-gallery-image-content\" ><img decoding=\"async\" class=\"alignnone size-medium wp-image-60590\" src=\"https:\/\/l21.mx\/wp-content\/uploads\/2023\/08\/WhatsApp-Image-2023-08-19-at-16.37.33-300x200.jpeg\" alt=\"\" width=\"300\" height=\"200\" srcset=\"https:\/\/l21.mx\/wp-content\/uploads\/2023\/08\/WhatsApp-Image-2023-08-19-at-16.37.33-300x200.jpeg 300w, https:\/\/l21.mx\/wp-content\/uploads\/2023\/08\/WhatsApp-Image-2023-08-19-at-16.37.33-1024x682.jpeg 1024w, https:\/\/l21.mx\/wp-content\/uploads\/2023\/08\/WhatsApp-Image-2023-08-19-at-16.37.33-768x512.jpeg 768w, https:\/\/l21.mx\/wp-content\/uploads\/2023\/08\/WhatsApp-Image-2023-08-19-at-16.37.33-1200x800.jpeg 1200w, https:\/\/l21.mx\/wp-content\/uploads\/2023\/08\/WhatsApp-Image-2023-08-19-at-16.37.33-1170x780.jpeg 1170w, https:\/\/l21.mx\/wp-content\/uploads\/2023\/08\/WhatsApp-Image-2023-08-19-at-16.37.33-585x390.jpeg 585w, https:\/\/l21.mx\/wp-content\/uploads\/2023\/08\/WhatsApp-Image-2023-08-19-at-16.37.33-263x175.jpeg 263w, https:\/\/l21.mx\/wp-content\/uploads\/2023\/08\/WhatsApp-Image-2023-08-19-at-16.37.33.jpeg 1280w\" sizes=\"(max-width: 300px) 100vw, 300px\" \/><\/a><\/p>\n","protected":false},"excerpt":{"rendered":"<p>&nbsp; \u2022 La presidenta Lili Campos recorri\u00f3 calles de La Guadalupana para constatar avances y ver&hellip;<\/p>\n","protected":false},"author":100,"featured_media":60587,"comment_status":"closed","ping_status":"closed","sticky":false,"template":"","format":"standard","meta":{"_acf_changed":false,"_lmt_disableupdate":"","_lmt_disable":"","_mbp_gutenberg_autopost":false,"footnotes":""},"categories":[1654],"tags":[],"class_list":["post-60586","post","type-post","status-publish","format-standard","has-post-thumbnail","hentry","category-solidaridad"],"acf":[],"_links":{"self":[{"href":"https:\/\/l21.mx\/index.php?rest_route=\/wp\/v2\/posts\/60586","targetHints":{"allow":["GET"]}}],"collection":[{"href":"https:\/\/l21.mx\/index.php?rest_route=\/wp\/v2\/posts"}],"about":[{"href":"https:\/\/l21.mx\/index.php?rest_route=\/wp\/v2\/types\/post"}],"author":[{"embeddable":true,"href":"https:\/\/l21.mx\/index.php?rest_route=\/wp\/v2\/users\/100"}],"replies":[{"embeddable":true,"href":"https:\/\/l21.mx\/index.php?rest_route=%2Fwp%2Fv2%2Fcomments&post=60586"}],"version-history":[{"count":0,"href":"https:\/\/l21.mx\/index.php?rest_route=\/wp\/v2\/posts\/60586\/revisions"}],"wp:featuredmedia":[{"embeddable":true,"href":"https:\/\/l21.mx\/index.php?rest_route=\/wp\/v2\/media\/60587"}],"wp:attachment":[{"href":"https:\/\/l21.mx\/index.php?rest_route=%2Fwp%2Fv2%2Fmedia&parent=60586"}],"wp:term":[{"taxonomy":"category","embeddable":true,"href":"https:\/\/l21.mx\/index.php?rest_route=%2Fwp%2Fv2%2Fcategories&post=60586"},{"taxonomy":"post_tag","embeddable":true,"href":"https:\/\/l21.mx\/index.php?rest_route=%2Fwp%2Fv2%2Ftags&post=60586"}],"curies":[{"name":"wp","href":"https:\/\/api.w.org\/{rel}","templated":true}]}}