{"id":60608,"date":"2023-08-21T08:26:21","date_gmt":"2023-08-21T13:26:21","guid":{"rendered":"https:\/\/l21.mx\/?p=60608"},"modified":"2023-08-21T08:26:21","modified_gmt":"2023-08-21T13:26:21","slug":"se-consolida-el-programa-emprendedor-joven-en-leona-vicario","status":"publish","type":"post","link":"https:\/\/l21.mx\/?p=60608","title":{"rendered":"Se consolida el programa Emprendedor Joven en Leona Vicario"},"content":{"rendered":"<p>*Sus logros: permite, por un lado, fortalecer la econom\u00eda de los participantes y, por otro, incrementa el consumo local, pero tambi\u00e9n contribuye al desarrollo de habilidades y conocimientos, se\u00f1ala el secretario general del Ayuntamiento, Jos\u00e9 de Jes\u00fas Espinosa Payan<\/p>\n<p><a href=\"https:\/\/l21.mx\/wp-content\/uploads\/2023\/08\/WhatsApp-Image-2023-08-20-at-11.21.20.jpeg\" data-rel=\"penci-gallery-image-content\" ><img fetchpriority=\"high\" decoding=\"async\" class=\"alignnone size-medium wp-image-60610\" src=\"https:\/\/l21.mx\/wp-content\/uploads\/2023\/08\/WhatsApp-Image-2023-08-20-at-11.21.20-300x200.jpeg\" alt=\"\" width=\"300\" height=\"200\" srcset=\"https:\/\/l21.mx\/wp-content\/uploads\/2023\/08\/WhatsApp-Image-2023-08-20-at-11.21.20-300x200.jpeg 300w, https:\/\/l21.mx\/wp-content\/uploads\/2023\/08\/WhatsApp-Image-2023-08-20-at-11.21.20-1024x682.jpeg 1024w, https:\/\/l21.mx\/wp-content\/uploads\/2023\/08\/WhatsApp-Image-2023-08-20-at-11.21.20-768x512.jpeg 768w, https:\/\/l21.mx\/wp-content\/uploads\/2023\/08\/WhatsApp-Image-2023-08-20-at-11.21.20-1200x800.jpeg 1200w, https:\/\/l21.mx\/wp-content\/uploads\/2023\/08\/WhatsApp-Image-2023-08-20-at-11.21.20-1170x780.jpeg 1170w, https:\/\/l21.mx\/wp-content\/uploads\/2023\/08\/WhatsApp-Image-2023-08-20-at-11.21.20-585x390.jpeg 585w, https:\/\/l21.mx\/wp-content\/uploads\/2023\/08\/WhatsApp-Image-2023-08-20-at-11.21.20-263x175.jpeg 263w, https:\/\/l21.mx\/wp-content\/uploads\/2023\/08\/WhatsApp-Image-2023-08-20-at-11.21.20.jpeg 1280w\" sizes=\"(max-width: 300px) 100vw, 300px\" \/><\/a><\/p>\n<p>Leona Vicario, Puerto Morelos, Quintana Roo, 20 de agosto de 2023.\u2014 El programa Emprendedor Joven Leona Vicario es un espacio para los j\u00f3venes con ideas innovadoras, quienes aqu\u00ed pueden concretarlas y contribuir al desarrollo de su comunidad, manifest\u00f3 el secretario general del Ayuntamiento, Jos\u00e9 de Jes\u00fas Espinosa Pay\u00e1n.<br \/>\nEn el marco de la vig\u00e9sima edici\u00f3n de ese programa, anoche en Leona Vicario, dijo que \u00e9ste se ha convertido en aparador de los j\u00f3venes para promover y vender sus productos. \u201cEso permitir\u00e1, por un lado, fortalecer su econom\u00eda y, por otro, incrementar el consumo local, pero tambi\u00e9n desarrollar sus habilidades y conocimientos\u201d, expres\u00f3.<br \/>\nEste tipo de eventos son motivo de orgullo por el impulso a la juventud y a la creatividad y demuestran que cuando sociedad y gobierno unen esfuerzos los resultados son mejores y de beneficio para todos.<\/p>\n<p>El funcionario destac\u00f3 que la presidenta municipal Blanca Merari Tziu Mu\u00f1oz ha sido clara en que la juventud inquieta, con ideas innovadoras y deseos de arriesgarse en busca del \u00e9xito debe sentir el respaldo de las autoridades municipales.<br \/>\nA su vez, Luis Gerardo Canul Maas, director de Proyectos Acad\u00e9micos de la Direcci\u00f3n de la Juventud, confirm\u00f3 que el programa, cuyo objetivo es crear un espacio en el que las y los j\u00f3venes de Puerto Morelos puedan desarrollar sus habilidades e impulsar el emprendimiento, \u201cha pegado con mucha fuerza en Leona Vicario\u201d.<br \/>\nComenzamos en el mes de marzo con 10 j\u00f3venes emprendedores leonenses y estamos llegando a la vig\u00e9sima edici\u00f3n con un padr\u00f3n de 35, incluidos los de Puerto Morelos, a\u00f1adi\u00f3. Estamos aqu\u00ed todos los s\u00e1bados, de 5 de la tarde a 10 de la noche.<br \/>\nAsimismo, explic\u00f3 que para entrar al programa se pide a los j\u00f3venes interesados ser residentes del municipio y tener entre 12 y 29 a\u00f1os de edad. \u201cNos estamos preparando para atender al turismo que pronto comenzar\u00e1 a llegar con el Tren Maya\u201d, afirm\u00f3.<br \/>\nEn esta ocasi\u00f3n se instalaron en el parque de Leona Vicario 30 j\u00f3venes emprendedores, quienes ofrecieron novedades, artesan\u00edas, cosm\u00e9ticos, alimentos, bebidas preparadas y pulseras elaboradas con materiales reciclables, entre otras cosas.<br \/>\nEn el evento tambi\u00e9n estuvieron Marco Antonio Betancourt Canul, secretario de Desarrollo Humano; Diana Alvarado Moo, directora del Instituto Quintanarroense de la Juventud; Aime\u00e9 Regina Rodr\u00edguez Vivas, directora de la Juventud; Alma Leonor Cruz Garc\u00eda, secretaria de Desarrollo Social y Marco Dur\u00e1n, representante de los j\u00f3venes emprendedores.<\/p>\n","protected":false},"excerpt":{"rendered":"<p>*Sus logros: permite, por un lado, fortalecer la econom\u00eda de los participantes y, por otro, incrementa&hellip;<\/p>\n","protected":false},"author":100,"featured_media":60609,"comment_status":"closed","ping_status":"closed","sticky":false,"template":"","format":"standard","meta":{"_acf_changed":false,"_lmt_disableupdate":"","_lmt_disable":"","_mbp_gutenberg_autopost":false,"footnotes":""},"categories":[23,1656],"tags":[],"class_list":["post-60608","post","type-post","status-publish","format-standard","has-post-thumbnail","hentry","category-noticias","category-quintana-roo"],"acf":[],"_links":{"self":[{"href":"https:\/\/l21.mx\/index.php?rest_route=\/wp\/v2\/posts\/60608","targetHints":{"allow":["GET"]}}],"collection":[{"href":"https:\/\/l21.mx\/index.php?rest_route=\/wp\/v2\/posts"}],"about":[{"href":"https:\/\/l21.mx\/index.php?rest_route=\/wp\/v2\/types\/post"}],"author":[{"embeddable":true,"href":"https:\/\/l21.mx\/index.php?rest_route=\/wp\/v2\/users\/100"}],"replies":[{"embeddable":true,"href":"https:\/\/l21.mx\/index.php?rest_route=%2Fwp%2Fv2%2Fcomments&post=60608"}],"version-history":[{"count":0,"href":"https:\/\/l21.mx\/index.php?rest_route=\/wp\/v2\/posts\/60608\/revisions"}],"wp:featuredmedia":[{"embeddable":true,"href":"https:\/\/l21.mx\/index.php?rest_route=\/wp\/v2\/media\/60609"}],"wp:attachment":[{"href":"https:\/\/l21.mx\/index.php?rest_route=%2Fwp%2Fv2%2Fmedia&parent=60608"}],"wp:term":[{"taxonomy":"category","embeddable":true,"href":"https:\/\/l21.mx\/index.php?rest_route=%2Fwp%2Fv2%2Fcategories&post=60608"},{"taxonomy":"post_tag","embeddable":true,"href":"https:\/\/l21.mx\/index.php?rest_route=%2Fwp%2Fv2%2Ftags&post=60608"}],"curies":[{"name":"wp","href":"https:\/\/api.w.org\/{rel}","templated":true}]}}