{"id":60614,"date":"2023-08-21T08:30:05","date_gmt":"2023-08-21T13:30:05","guid":{"rendered":"https:\/\/l21.mx\/?p=60614"},"modified":"2023-08-21T08:30:05","modified_gmt":"2023-08-21T13:30:05","slug":"realizan-el-foro-laboratorio-urbano-interconectando-ciudades-inteligentes-cancun","status":"publish","type":"post","link":"https:\/\/l21.mx\/?p=60614","title":{"rendered":"Realizan el Foro-Laboratorio Urbano Interconectando Ciudades Inteligentes Canc\u00fan"},"content":{"rendered":"<p>&nbsp;<\/p>\n<p>-Un espacio de encuentro de expertos, estudiantes, autoridades e iniciativa privada, para compartir experiencias y nuevas tecnolog\u00edas al funcionamiento de las ciudades<\/p>\n<p><a href=\"https:\/\/l21.mx\/wp-content\/uploads\/2023\/08\/WhatsApp-Image-2023-08-20-at-19.46.21.jpeg\" data-rel=\"penci-gallery-image-content\" ><img fetchpriority=\"high\" decoding=\"async\" class=\"alignnone size-medium wp-image-60615\" src=\"https:\/\/l21.mx\/wp-content\/uploads\/2023\/08\/WhatsApp-Image-2023-08-20-at-19.46.21-300x179.jpeg\" alt=\"\" width=\"300\" height=\"179\" srcset=\"https:\/\/l21.mx\/wp-content\/uploads\/2023\/08\/WhatsApp-Image-2023-08-20-at-19.46.21-300x179.jpeg 300w, https:\/\/l21.mx\/wp-content\/uploads\/2023\/08\/WhatsApp-Image-2023-08-20-at-19.46.21-768x459.jpeg 768w, https:\/\/l21.mx\/wp-content\/uploads\/2023\/08\/WhatsApp-Image-2023-08-20-at-19.46.21-585x350.jpeg 585w, https:\/\/l21.mx\/wp-content\/uploads\/2023\/08\/WhatsApp-Image-2023-08-20-at-19.46.21.jpeg 1024w\" sizes=\"(max-width: 300px) 100vw, 300px\" \/><\/a><\/p>\n<p>Canc\u00fan.- \u201cLas ciudades inteligentes requieren sociedades que eval\u00faan sus problem\u00e1ticas, proyectan sus escenarios y propongan soluciones eficientes\u201d reconoci\u00f3 el titular de la Secretar\u00eda de Desarrollo Territorial Urbano Sustentable (SEDETUS), Armando Lara De Nigris al participar en el Foro-Laboratorio Urbano \u201cInterconectando Ciudades Inteligentes (ICI) Canc\u00fan\u201d.<\/p>\n<p>\u201cComo parte del Nuevo Acuerdo por el Bienestar y Desarrollo de Quintana Roo, la gobernadora Mara Lezama, impulsa el trabajo conjunto con el gobierno federal y los municipios. Hoy con las dos grandes obras y proyectos nacionales, que significar\u00e1n mejoras sustanciales en materia de transporte y movilidad en el estado\u201d, dijo Armando Lara.<\/p>\n<p>El titular de la SEDETUS, en representaci\u00f3n de la gobernadora Mara Lezama Espinosa, dijo que en Canc\u00fan, se construyen cuatro proyectos estrat\u00e9gicos: la rehabilitaci\u00f3n del bulevar Luis Donaldo Colosio, el puente vehicular Nichupt\u00e9, el distribuidor Aeropuerto Canc\u00fan y la avenida Chac Mool; adem\u00e1s de la estaci\u00f3n Aeropuerto Canc\u00fan, que ser\u00e1 el punto neur\u00e1lgico y coraz\u00f3n de todo el proyecto Tren Maya, que comunicar\u00e1 los cinco estados del sureste de M\u00e9xico.<\/p>\n<p>Por su parte, el Coordinador Internacional de temas Urbanos, Hugo Isaak Zepeda, dijo que las \u201cCiudades Inteligentes\u201d tiene seis principios: La b\u00fasqueda de calidad de vida en t\u00e9rminos econ\u00f3micos, la salud, educaci\u00f3n, seguridad, movilidad y el cambio clim\u00e1tico.<\/p>\n<p>El Foro-Laboratorio Urbano se desarroll\u00f3 durante los d\u00edas 17 y 18 de agosto a trav\u00e9s de panel de discusi\u00f3n y talleres; participaron especialistas nacionales y extranjeros; as\u00ed como un espacio de encuentro de expertos, estudiantes, autoridades e iniciativa privada, quienes compartieron experiencias, saberes y nuevas tecnolog\u00edas relativas al funcionamiento de las ciudades.<\/p>\n<p>Interconectando Ciudades Inteligentes (ICI) Canc\u00fan, cont\u00f3 con la participaci\u00f3n del Coordinador Internacional de temas Urbanos, Hugo Isaak Zepeda; la Especialista en Planeaci\u00f3n Urbana y Vivienda de la ONU-Habitat M\u00e9xico, Maricela Camacho Vel\u00e1zquez; el coordinador general de Desarrollo Metropolitano y Movilidad de la SEDATU, \u00c1lvaro Lomel\u00ed Covarrubias; la presidenta municipal de Benito Ju\u00e1rez, Ana Patricia Peralta de la Pe\u00f1a; la rectora de la Universidad del Caribe, Marisol Vanegas P\u00e9rez y el representante de Vivaworld Group, Rafael\u00a0Lagunas\u00a0Butr\u00f3n.<\/p>\n","protected":false},"excerpt":{"rendered":"<p>&nbsp; -Un espacio de encuentro de expertos, estudiantes, autoridades e iniciativa privada, para compartir experiencias y&hellip;<\/p>\n","protected":false},"author":100,"featured_media":60616,"comment_status":"closed","ping_status":"closed","sticky":false,"template":"","format":"standard","meta":{"_acf_changed":false,"_lmt_disableupdate":"","_lmt_disable":"","_mbp_gutenberg_autopost":false,"footnotes":""},"categories":[23,1656],"tags":[],"class_list":["post-60614","post","type-post","status-publish","format-standard","has-post-thumbnail","hentry","category-noticias","category-quintana-roo"],"acf":[],"_links":{"self":[{"href":"https:\/\/l21.mx\/index.php?rest_route=\/wp\/v2\/posts\/60614","targetHints":{"allow":["GET"]}}],"collection":[{"href":"https:\/\/l21.mx\/index.php?rest_route=\/wp\/v2\/posts"}],"about":[{"href":"https:\/\/l21.mx\/index.php?rest_route=\/wp\/v2\/types\/post"}],"author":[{"embeddable":true,"href":"https:\/\/l21.mx\/index.php?rest_route=\/wp\/v2\/users\/100"}],"replies":[{"embeddable":true,"href":"https:\/\/l21.mx\/index.php?rest_route=%2Fwp%2Fv2%2Fcomments&post=60614"}],"version-history":[{"count":0,"href":"https:\/\/l21.mx\/index.php?rest_route=\/wp\/v2\/posts\/60614\/revisions"}],"wp:featuredmedia":[{"embeddable":true,"href":"https:\/\/l21.mx\/index.php?rest_route=\/wp\/v2\/media\/60616"}],"wp:attachment":[{"href":"https:\/\/l21.mx\/index.php?rest_route=%2Fwp%2Fv2%2Fmedia&parent=60614"}],"wp:term":[{"taxonomy":"category","embeddable":true,"href":"https:\/\/l21.mx\/index.php?rest_route=%2Fwp%2Fv2%2Fcategories&post=60614"},{"taxonomy":"post_tag","embeddable":true,"href":"https:\/\/l21.mx\/index.php?rest_route=%2Fwp%2Fv2%2Ftags&post=60614"}],"curies":[{"name":"wp","href":"https:\/\/api.w.org\/{rel}","templated":true}]}}