{"id":60666,"date":"2023-08-22T19:41:05","date_gmt":"2023-08-23T00:41:05","guid":{"rendered":"https:\/\/l21.mx\/?p=60666"},"modified":"2023-08-22T19:41:05","modified_gmt":"2023-08-23T00:41:05","slug":"mara-lezama-entrega-vehiculos-y-equipamiento-para-el-fortalecimiento-de-la-seguridad-en-cancun","status":"publish","type":"post","link":"https:\/\/l21.mx\/?p=60666","title":{"rendered":"Mara Lezama entrega veh\u00edculos y equipamiento para el fortalecimiento de la seguridad en Canc\u00fan"},"content":{"rendered":"<p>&nbsp;<\/p>\n<p>-66 unidades y 226 armas para la Secretar\u00eda de Seguridad P\u00fablica del municipio de Benito Ju\u00e1rez<\/p>\n<p>-25 unidades se suman al trabajo coordinado en los municipios y estar\u00e1n al servicio de la ciudadan\u00eda<\/p>\n<p><a href=\"https:\/\/l21.mx\/wp-content\/uploads\/2023\/08\/WhatsApp-Image-2023-08-22-at-16.23.59-1.jpeg\" data-rel=\"penci-gallery-image-content\" ><img fetchpriority=\"high\" decoding=\"async\" class=\"alignnone size-medium wp-image-60670\" src=\"https:\/\/l21.mx\/wp-content\/uploads\/2023\/08\/WhatsApp-Image-2023-08-22-at-16.23.59-1-300x200.jpeg\" alt=\"\" width=\"300\" height=\"200\" srcset=\"https:\/\/l21.mx\/wp-content\/uploads\/2023\/08\/WhatsApp-Image-2023-08-22-at-16.23.59-1-300x200.jpeg 300w, https:\/\/l21.mx\/wp-content\/uploads\/2023\/08\/WhatsApp-Image-2023-08-22-at-16.23.59-1-1024x682.jpeg 1024w, https:\/\/l21.mx\/wp-content\/uploads\/2023\/08\/WhatsApp-Image-2023-08-22-at-16.23.59-1-768x512.jpeg 768w, https:\/\/l21.mx\/wp-content\/uploads\/2023\/08\/WhatsApp-Image-2023-08-22-at-16.23.59-1-1536x1023.jpeg 1536w, https:\/\/l21.mx\/wp-content\/uploads\/2023\/08\/WhatsApp-Image-2023-08-22-at-16.23.59-1-1200x800.jpeg 1200w, https:\/\/l21.mx\/wp-content\/uploads\/2023\/08\/WhatsApp-Image-2023-08-22-at-16.23.59-1-1170x780.jpeg 1170w, https:\/\/l21.mx\/wp-content\/uploads\/2023\/08\/WhatsApp-Image-2023-08-22-at-16.23.59-1-585x390.jpeg 585w, https:\/\/l21.mx\/wp-content\/uploads\/2023\/08\/WhatsApp-Image-2023-08-22-at-16.23.59-1-263x175.jpeg 263w, https:\/\/l21.mx\/wp-content\/uploads\/2023\/08\/WhatsApp-Image-2023-08-22-at-16.23.59-1.jpeg 1600w\" sizes=\"(max-width: 300px) 100vw, 300px\" \/><\/a><\/p>\n<p>Canc\u00fan.- La gobernadora Mara Lezama Espinosa encabez\u00f3 la ceremonia de entrega de patrullas para Benito Ju\u00e1rez, armamento y municiones para el fortalecimiento de la Secretar\u00eda de Seguridad Ciudadana y de los municipios del estado, y constancias a las y los graduados del Grupo Especializado de Atenci\u00f3n a la Violencia Familiar y de G\u00e9nero (GEAVIG).<\/p>\n<p>En la explanada del Complejo de Seguridad C5, con la presencia del director general de la Mesa de Paz y Seguridad Zona Centro y Sur del pa\u00eds de la Secretar\u00eda de Seguridad y Protecci\u00f3n Ciudadana, Santiago Segu\u00ed Amortegui, Mara Lezama reiter\u00f3 la importancia del trabajo coordinado a trav\u00e9s del Nuevo Acuerdo por el Bienestar y Desarrollo y con base en la Estrategia de la Construcci\u00f3n de Paz y la Seguridad.<\/p>\n<p>Mara Lezama entreg\u00f3 las llaves de 66 veh\u00edculos tipo patrulla y 226 armas para uso de las y los elementos de la Secretar\u00eda de Seguridad P\u00fablica y Tr\u00e1nsito de Benito Ju\u00e1rez. El parque vehicular incluye 35 pickups, 20 motocicletas, 4 cuatrimotos, 6 sedanes y 1 ambulancia, adicionalmente el Ayuntamiento sum\u00f3 14 motocicletas para ampliar las \u00e1reas de vigilancia.<\/p>\n<p><a href=\"https:\/\/l21.mx\/wp-content\/uploads\/2023\/08\/WhatsApp-Image-2023-08-22-at-16.23.59.jpeg\" data-rel=\"penci-gallery-image-content\" ><img decoding=\"async\" class=\"alignnone size-medium wp-image-60667\" src=\"https:\/\/l21.mx\/wp-content\/uploads\/2023\/08\/WhatsApp-Image-2023-08-22-at-16.23.59-300x200.jpeg\" alt=\"\" width=\"300\" height=\"200\" srcset=\"https:\/\/l21.mx\/wp-content\/uploads\/2023\/08\/WhatsApp-Image-2023-08-22-at-16.23.59-300x200.jpeg 300w, https:\/\/l21.mx\/wp-content\/uploads\/2023\/08\/WhatsApp-Image-2023-08-22-at-16.23.59-1024x682.jpeg 1024w, https:\/\/l21.mx\/wp-content\/uploads\/2023\/08\/WhatsApp-Image-2023-08-22-at-16.23.59-768x512.jpeg 768w, https:\/\/l21.mx\/wp-content\/uploads\/2023\/08\/WhatsApp-Image-2023-08-22-at-16.23.59-1536x1023.jpeg 1536w, https:\/\/l21.mx\/wp-content\/uploads\/2023\/08\/WhatsApp-Image-2023-08-22-at-16.23.59-1200x800.jpeg 1200w, https:\/\/l21.mx\/wp-content\/uploads\/2023\/08\/WhatsApp-Image-2023-08-22-at-16.23.59-1170x780.jpeg 1170w, https:\/\/l21.mx\/wp-content\/uploads\/2023\/08\/WhatsApp-Image-2023-08-22-at-16.23.59-585x390.jpeg 585w, https:\/\/l21.mx\/wp-content\/uploads\/2023\/08\/WhatsApp-Image-2023-08-22-at-16.23.59-263x175.jpeg 263w, https:\/\/l21.mx\/wp-content\/uploads\/2023\/08\/WhatsApp-Image-2023-08-22-at-16.23.59.jpeg 1600w\" sizes=\"(max-width: 300px) 100vw, 300px\" \/><\/a><\/p>\n<p>La Gobernadora tambi\u00e9n entreg\u00f3 25 veh\u00edculos pickup en comodato a los municipios para su resguardo, funcionalidad y distribuci\u00f3n, que ser\u00e1n para uso de corporaciones que coadyuvar\u00e1n en tareas de seguridad.<\/p>\n<p>Durante el evento, que reuni\u00f3 a autoridades militares y navales, representantes de los poderes legislativo y judicial, diputados, presidentes municipales y funcionarios de gabinete, la titular del Ejecutivo inform\u00f3 que se entregan tambi\u00e9n 613 armas largas y cortas.<\/p>\n<p>Para este equipamiento integral se invirtieron 20 millones 369 mil pesos, de los cuales 14.5 provienen del Fondo de Aportaciones para la Seguridad P\u00fablica y 5.8 millones de recursos municipales.<\/p>\n<p><a href=\"https:\/\/l21.mx\/wp-content\/uploads\/2023\/08\/WhatsApp-Image-2023-08-22-at-16.23.58.jpeg\" data-rel=\"penci-gallery-image-content\" ><img decoding=\"async\" class=\"alignnone size-medium wp-image-60668\" src=\"https:\/\/l21.mx\/wp-content\/uploads\/2023\/08\/WhatsApp-Image-2023-08-22-at-16.23.58-300x200.jpeg\" alt=\"\" width=\"300\" height=\"200\" srcset=\"https:\/\/l21.mx\/wp-content\/uploads\/2023\/08\/WhatsApp-Image-2023-08-22-at-16.23.58-300x200.jpeg 300w, https:\/\/l21.mx\/wp-content\/uploads\/2023\/08\/WhatsApp-Image-2023-08-22-at-16.23.58-1024x682.jpeg 1024w, https:\/\/l21.mx\/wp-content\/uploads\/2023\/08\/WhatsApp-Image-2023-08-22-at-16.23.58-768x512.jpeg 768w, https:\/\/l21.mx\/wp-content\/uploads\/2023\/08\/WhatsApp-Image-2023-08-22-at-16.23.58-1536x1023.jpeg 1536w, https:\/\/l21.mx\/wp-content\/uploads\/2023\/08\/WhatsApp-Image-2023-08-22-at-16.23.58-1200x800.jpeg 1200w, https:\/\/l21.mx\/wp-content\/uploads\/2023\/08\/WhatsApp-Image-2023-08-22-at-16.23.58-1170x780.jpeg 1170w, https:\/\/l21.mx\/wp-content\/uploads\/2023\/08\/WhatsApp-Image-2023-08-22-at-16.23.58-585x390.jpeg 585w, https:\/\/l21.mx\/wp-content\/uploads\/2023\/08\/WhatsApp-Image-2023-08-22-at-16.23.58-263x175.jpeg 263w, https:\/\/l21.mx\/wp-content\/uploads\/2023\/08\/WhatsApp-Image-2023-08-22-at-16.23.58.jpeg 1600w\" sizes=\"(max-width: 300px) 100vw, 300px\" \/><\/a><\/p>\n<p>El Gobierno de Quintana Roo fortalece el estado de fuerza con la entrega de armamento para el desarrollo de la funci\u00f3n policial, que eleva la capacidad de respuesta en la protecci\u00f3n y seguridad de los ciudadanos.<\/p>\n<p>Despu\u00e9s de la bienvenida a cargo de la presidenta municipal Ana Paty Peralta de la Pe\u00f1a, y de la exposici\u00f3n de motivos por parte del secretario de Seguridad Ciudadana Capit\u00e1n de Nav\u00edo Julio C\u00e9sar G\u00f3mez Torres, la Gobernadora y el pres\u00eddium entregaron diplomas a los 18 graduados del GEAVIG.<\/p>\n","protected":false},"excerpt":{"rendered":"<p>&nbsp; -66 unidades y 226 armas para la Secretar\u00eda de Seguridad P\u00fablica del municipio de Benito&hellip;<\/p>\n","protected":false},"author":100,"featured_media":60669,"comment_status":"closed","ping_status":"closed","sticky":false,"template":"","format":"standard","meta":{"_acf_changed":false,"_lmt_disableupdate":"","_lmt_disable":"","_mbp_gutenberg_autopost":false,"footnotes":""},"categories":[23,1656],"tags":[],"class_list":["post-60666","post","type-post","status-publish","format-standard","has-post-thumbnail","hentry","category-noticias","category-quintana-roo"],"acf":[],"_links":{"self":[{"href":"https:\/\/l21.mx\/index.php?rest_route=\/wp\/v2\/posts\/60666","targetHints":{"allow":["GET"]}}],"collection":[{"href":"https:\/\/l21.mx\/index.php?rest_route=\/wp\/v2\/posts"}],"about":[{"href":"https:\/\/l21.mx\/index.php?rest_route=\/wp\/v2\/types\/post"}],"author":[{"embeddable":true,"href":"https:\/\/l21.mx\/index.php?rest_route=\/wp\/v2\/users\/100"}],"replies":[{"embeddable":true,"href":"https:\/\/l21.mx\/index.php?rest_route=%2Fwp%2Fv2%2Fcomments&post=60666"}],"version-history":[{"count":0,"href":"https:\/\/l21.mx\/index.php?rest_route=\/wp\/v2\/posts\/60666\/revisions"}],"wp:featuredmedia":[{"embeddable":true,"href":"https:\/\/l21.mx\/index.php?rest_route=\/wp\/v2\/media\/60669"}],"wp:attachment":[{"href":"https:\/\/l21.mx\/index.php?rest_route=%2Fwp%2Fv2%2Fmedia&parent=60666"}],"wp:term":[{"taxonomy":"category","embeddable":true,"href":"https:\/\/l21.mx\/index.php?rest_route=%2Fwp%2Fv2%2Fcategories&post=60666"},{"taxonomy":"post_tag","embeddable":true,"href":"https:\/\/l21.mx\/index.php?rest_route=%2Fwp%2Fv2%2Ftags&post=60666"}],"curies":[{"name":"wp","href":"https:\/\/api.w.org\/{rel}","templated":true}]}}