{"id":60688,"date":"2023-08-22T19:59:09","date_gmt":"2023-08-23T00:59:09","guid":{"rendered":"https:\/\/l21.mx\/?p=60688"},"modified":"2023-08-22T19:59:09","modified_gmt":"2023-08-23T00:59:09","slug":"recibe-blanca-merari-de-la-gobernadora-armamento-para-reforzar-seguridad-en-puerto-morelos","status":"publish","type":"post","link":"https:\/\/l21.mx\/?p=60688","title":{"rendered":"Recibe Blanca Merari de la gobernadora armamento para reforzar seguridad en Puerto Morelos"},"content":{"rendered":"<p>&nbsp;<\/p>\n<p>*La alcaldesa acudi\u00f3 al C-5 donde adem\u00e1s se hizo entrega de patrullas a la Secretaria de Seguridad Ciudadana para el fortalecimiento de la paz en Quintana Roo<\/p>\n<p><a href=\"https:\/\/l21.mx\/wp-content\/uploads\/2023\/08\/WhatsApp-Image-2023-08-22-at-17.52.06-2.jpeg\" data-rel=\"penci-gallery-image-content\" ><img fetchpriority=\"high\" decoding=\"async\" class=\"alignnone size-medium wp-image-60691\" src=\"https:\/\/l21.mx\/wp-content\/uploads\/2023\/08\/WhatsApp-Image-2023-08-22-at-17.52.06-2-300x190.jpeg\" alt=\"\" width=\"300\" height=\"190\" srcset=\"https:\/\/l21.mx\/wp-content\/uploads\/2023\/08\/WhatsApp-Image-2023-08-22-at-17.52.06-2-300x190.jpeg 300w, https:\/\/l21.mx\/wp-content\/uploads\/2023\/08\/WhatsApp-Image-2023-08-22-at-17.52.06-2-1024x648.jpeg 1024w, https:\/\/l21.mx\/wp-content\/uploads\/2023\/08\/WhatsApp-Image-2023-08-22-at-17.52.06-2-768x486.jpeg 768w, https:\/\/l21.mx\/wp-content\/uploads\/2023\/08\/WhatsApp-Image-2023-08-22-at-17.52.06-2-1200x759.jpeg 1200w, https:\/\/l21.mx\/wp-content\/uploads\/2023\/08\/WhatsApp-Image-2023-08-22-at-17.52.06-2-1170x740.jpeg 1170w, https:\/\/l21.mx\/wp-content\/uploads\/2023\/08\/WhatsApp-Image-2023-08-22-at-17.52.06-2-585x370.jpeg 585w, https:\/\/l21.mx\/wp-content\/uploads\/2023\/08\/WhatsApp-Image-2023-08-22-at-17.52.06-2.jpeg 1280w\" sizes=\"(max-width: 300px) 100vw, 300px\" \/><\/a><\/p>\n<p>Canc\u00fan, Quintana Roo a 22 de agosto de 2023.\u2014 La presidenta municipal de Puerto Morelos, Blanca Merari Tziu Mu\u00f1oz, acompa\u00f1\u00f3 hoy a la gobernadora del Estado, Mara Lezama, en la entrega de patrullas y armamento a la Secretaria de Seguridad Ciudadana para el reforzamiento de la paz y tranquilidad de Quintana Roo, acto que se llev\u00f3 a cabo en el Centro de Comando, Control, C\u00f3mputo, Comunicaciones y Contacto Ciudadano (C5), de esta ciudad.<br \/>\nEn ese marco, la Alcaldesa recibi\u00f3 de manera simb\u00f3lica de la gobernadora Mara Lezama el armamento que corresponde a Puerto Morelos \u2013613 armas largas y cortas con registro de la Secretar\u00eda de la Defensa Nacional (Sedena) y municiones\u2013, que permitir\u00e1 reforzar la capacidad de respuesta de las corporaciones de Seguridad P\u00fablica de los 11 municipios, cuya inversi\u00f3n asciende a m\u00e1s de 20 millones de pesos.<br \/>\n\u201cLa seguridad es nuestra prioridad en Puerto Morelos y en todo Quintana Roo, por eso, agradecemos a la gobernadora Mara Lezama el esfuerzo de su gobierno y el apoyo para alcanzar la tranquilidad. Estamos trabajando de la mano en este Nuevo Acuerdo por el Bienestar y el Desarrollo del Estado al que nos hemos sumado para salvaguardar la vida de los portomorelenses\u201d, destac\u00f3.<\/p>\n<p><a href=\"https:\/\/l21.mx\/wp-content\/uploads\/2023\/08\/WhatsApp-Image-2023-08-22-at-17.52.06.jpeg\" data-rel=\"penci-gallery-image-content\" ><img decoding=\"async\" class=\"alignnone size-medium wp-image-60690\" src=\"https:\/\/l21.mx\/wp-content\/uploads\/2023\/08\/WhatsApp-Image-2023-08-22-at-17.52.06-300x184.jpeg\" alt=\"\" width=\"300\" height=\"184\" srcset=\"https:\/\/l21.mx\/wp-content\/uploads\/2023\/08\/WhatsApp-Image-2023-08-22-at-17.52.06-300x184.jpeg 300w, https:\/\/l21.mx\/wp-content\/uploads\/2023\/08\/WhatsApp-Image-2023-08-22-at-17.52.06-1024x630.jpeg 1024w, https:\/\/l21.mx\/wp-content\/uploads\/2023\/08\/WhatsApp-Image-2023-08-22-at-17.52.06-768x472.jpeg 768w, https:\/\/l21.mx\/wp-content\/uploads\/2023\/08\/WhatsApp-Image-2023-08-22-at-17.52.06-1200x738.jpeg 1200w, https:\/\/l21.mx\/wp-content\/uploads\/2023\/08\/WhatsApp-Image-2023-08-22-at-17.52.06-1170x719.jpeg 1170w, https:\/\/l21.mx\/wp-content\/uploads\/2023\/08\/WhatsApp-Image-2023-08-22-at-17.52.06-585x360.jpeg 585w, https:\/\/l21.mx\/wp-content\/uploads\/2023\/08\/WhatsApp-Image-2023-08-22-at-17.52.06.jpeg 1280w\" sizes=\"(max-width: 300px) 100vw, 300px\" \/><\/a><br \/>\nEn su momento, la Gobernadora manifest\u00f3 que es fundamental trabajar con la ciudadan\u00eda para bajar los \u00edndices delictivos y de violencia que se registran en el Estado, como la trata, abuso sexual y violencia intrafamiliar. Por eso, dijo que es importante trabajar en su origen, \u201cporque en este gobierno no seremos rehenes de nada ni de nadie\u201d, puntualiz\u00f3.<br \/>\nDurante el acto se entreg\u00f3, adem\u00e1s, un parque vehicular para el municipio de Benito Ju\u00e1rez que consta de 35 pick-ups, 20 motocicletas, 4 cuatrimotos, 6 sedanes, una ambulancia para urgencias b\u00e1sicas y 276 armas, que forman parte de 628 unidades vehiculares adquiridas con 2mil 300 millones de inversi\u00f3n estatal y del Fondo de Aportaciones para la Seguridad P\u00fablica.<br \/>\nAdicionalmente se entregaron 14 motocicletas donadas por empresarios al municipio de Benito Ju\u00e1rez y se dar\u00e1n 25 veh\u00edculos tipo pick-up para uso de la Secretar\u00eda de Marina, que coadyuva en la seguridad de municipios como Puerto Morelos.<br \/>\nEstuvieron presentes Santiago Segu\u00ed Amortegui, director general de la Coordinaci\u00f3n de entidades y regiones, en representaci\u00f3n de la secretaria de Seguridad Ciudadana del gobierno de M\u00e9xico, Rosa Icela Rodr\u00edguez V\u00e1zquez; el secretario de Seguridad Ciudadana de Quintana Roo, Julio C\u00e9sar G\u00f3mez Torres; el presidente del Poder Judicial, Heyden Cebada Rivas; la diputada Mildred \u00c1vila Vera; el titular de la Jugocopo, diputado Ren\u00e1n S\u00e1nchez Tajonar, y la presidenta del Benito Ju\u00e1rez, Ana Patricia Peralta, entre otros funcionarios.<\/p>\n","protected":false},"excerpt":{"rendered":"<p>&nbsp; *La alcaldesa acudi\u00f3 al C-5 donde adem\u00e1s se hizo entrega de patrullas a la Secretaria&hellip;<\/p>\n","protected":false},"author":100,"featured_media":60689,"comment_status":"closed","ping_status":"closed","sticky":false,"template":"","format":"standard","meta":{"_acf_changed":false,"_lmt_disableupdate":"","_lmt_disable":"","_mbp_gutenberg_autopost":false,"footnotes":""},"categories":[23,1656],"tags":[],"class_list":["post-60688","post","type-post","status-publish","format-standard","has-post-thumbnail","hentry","category-noticias","category-quintana-roo"],"acf":[],"_links":{"self":[{"href":"https:\/\/l21.mx\/index.php?rest_route=\/wp\/v2\/posts\/60688","targetHints":{"allow":["GET"]}}],"collection":[{"href":"https:\/\/l21.mx\/index.php?rest_route=\/wp\/v2\/posts"}],"about":[{"href":"https:\/\/l21.mx\/index.php?rest_route=\/wp\/v2\/types\/post"}],"author":[{"embeddable":true,"href":"https:\/\/l21.mx\/index.php?rest_route=\/wp\/v2\/users\/100"}],"replies":[{"embeddable":true,"href":"https:\/\/l21.mx\/index.php?rest_route=%2Fwp%2Fv2%2Fcomments&post=60688"}],"version-history":[{"count":0,"href":"https:\/\/l21.mx\/index.php?rest_route=\/wp\/v2\/posts\/60688\/revisions"}],"wp:featuredmedia":[{"embeddable":true,"href":"https:\/\/l21.mx\/index.php?rest_route=\/wp\/v2\/media\/60689"}],"wp:attachment":[{"href":"https:\/\/l21.mx\/index.php?rest_route=%2Fwp%2Fv2%2Fmedia&parent=60688"}],"wp:term":[{"taxonomy":"category","embeddable":true,"href":"https:\/\/l21.mx\/index.php?rest_route=%2Fwp%2Fv2%2Fcategories&post=60688"},{"taxonomy":"post_tag","embeddable":true,"href":"https:\/\/l21.mx\/index.php?rest_route=%2Fwp%2Fv2%2Ftags&post=60688"}],"curies":[{"name":"wp","href":"https:\/\/api.w.org\/{rel}","templated":true}]}}