{"id":60737,"date":"2023-08-24T12:56:51","date_gmt":"2023-08-24T17:56:51","guid":{"rendered":"https:\/\/l21.mx\/?p=60737"},"modified":"2023-08-24T12:56:51","modified_gmt":"2023-08-24T17:56:51","slug":"disfrutan-cancunenses-mas-de-60-mil-tacos-en-festival-realizado-en-tajamar","status":"publish","type":"post","link":"https:\/\/l21.mx\/?p=60737","title":{"rendered":"Disfrutan cancunenses m\u00e1s de 60 mil tacos en Festival realizado en Tajamar"},"content":{"rendered":"<p>&nbsp;<\/p>\n<p>-Los organizadores consideran llevar este evento a otras regiones y municipios, para impulsar el emprendimiento juvenil<\/p>\n<p><a href=\"https:\/\/l21.mx\/wp-content\/uploads\/2023\/08\/WhatsApp-Image-2023-08-24-at-09.31.02-1.jpeg\" data-rel=\"penci-gallery-image-content\" ><img fetchpriority=\"high\" decoding=\"async\" class=\"alignnone size-medium wp-image-60739\" src=\"https:\/\/l21.mx\/wp-content\/uploads\/2023\/08\/WhatsApp-Image-2023-08-24-at-09.31.02-1-300x200.jpeg\" alt=\"\" width=\"300\" height=\"200\" srcset=\"https:\/\/l21.mx\/wp-content\/uploads\/2023\/08\/WhatsApp-Image-2023-08-24-at-09.31.02-1-300x200.jpeg 300w, https:\/\/l21.mx\/wp-content\/uploads\/2023\/08\/WhatsApp-Image-2023-08-24-at-09.31.02-1-1024x682.jpeg 1024w, https:\/\/l21.mx\/wp-content\/uploads\/2023\/08\/WhatsApp-Image-2023-08-24-at-09.31.02-1-768x512.jpeg 768w, https:\/\/l21.mx\/wp-content\/uploads\/2023\/08\/WhatsApp-Image-2023-08-24-at-09.31.02-1-1536x1023.jpeg 1536w, https:\/\/l21.mx\/wp-content\/uploads\/2023\/08\/WhatsApp-Image-2023-08-24-at-09.31.02-1-1200x800.jpeg 1200w, https:\/\/l21.mx\/wp-content\/uploads\/2023\/08\/WhatsApp-Image-2023-08-24-at-09.31.02-1-1170x780.jpeg 1170w, https:\/\/l21.mx\/wp-content\/uploads\/2023\/08\/WhatsApp-Image-2023-08-24-at-09.31.02-1-585x390.jpeg 585w, https:\/\/l21.mx\/wp-content\/uploads\/2023\/08\/WhatsApp-Image-2023-08-24-at-09.31.02-1-263x175.jpeg 263w, https:\/\/l21.mx\/wp-content\/uploads\/2023\/08\/WhatsApp-Image-2023-08-24-at-09.31.02-1.jpeg 1600w\" sizes=\"(max-width: 300px) 100vw, 300px\" \/><\/a><\/p>\n<p>Canc\u00fan.- La gobernadora Mara Lezama Espinosa estuvo presente en el Festival del Taco, un evento con el que promueve e impulsa el desarrollo gastron\u00f3mico, art\u00edstico, cultural y emprendimiento en las y los j\u00f3venes benitojuarenses.<\/p>\n<p>Las taquer\u00edas m\u00e1s emblem\u00e1ticas de Canc\u00fan participaron en una exhibici\u00f3n gratuita de los diferentes sabores del taco que ofrecen para las y los turistas y visitantes locales. El Festival es una iniciativa de empresarias y empresarios taqueros comprometidos en contribuir a la reconstrucci\u00f3n del tejido social de la ciudad.<\/p>\n<p>La gobernadora Mara Lezama destac\u00f3 esta iniciativa anual, con el apoyo del Instituto Quintanarroense de la Juventud (IQJ), que se da como muestra que el Nuevo Acuerdo por el Bienestar y Desarrollo de Quintana Roo une esfuerzos y talentos para generar prosperidad compartida.<\/p>\n<p>En este Festival, realizado en el Malec\u00f3n Tajamar, se fij\u00f3 como meta la distribuci\u00f3n gratuita de ir m\u00e1s de 64 mil tacos confeccionados con 2 mil kilos de carne y 1,500 kilos de tortillas. Los organizadores expusieron llevar el D\u00eda del Taco a las regiones o bien a otros municipios.<\/p>\n<p>Entre muchas personas, acompa\u00f1aron a la gobernadora Mara Lezama, la directora del IQJ, Alma Delfina Alvarado Moo; la presidenta honoraria del Sistema DIF, Ver\u00f3nica Lezama Espinosa; la presidenta municipal Ana Paty Peralta de la Pe\u00f1a, diputados y regidores.<\/p>\n","protected":false},"excerpt":{"rendered":"<p>&nbsp; -Los organizadores consideran llevar este evento a otras regiones y municipios, para impulsar el emprendimiento&hellip;<\/p>\n","protected":false},"author":100,"featured_media":60738,"comment_status":"closed","ping_status":"closed","sticky":false,"template":"","format":"standard","meta":{"_acf_changed":false,"_lmt_disableupdate":"","_lmt_disable":"","_mbp_gutenberg_autopost":false,"footnotes":""},"categories":[23,1656],"tags":[],"class_list":["post-60737","post","type-post","status-publish","format-standard","has-post-thumbnail","hentry","category-noticias","category-quintana-roo"],"acf":[],"_links":{"self":[{"href":"https:\/\/l21.mx\/index.php?rest_route=\/wp\/v2\/posts\/60737","targetHints":{"allow":["GET"]}}],"collection":[{"href":"https:\/\/l21.mx\/index.php?rest_route=\/wp\/v2\/posts"}],"about":[{"href":"https:\/\/l21.mx\/index.php?rest_route=\/wp\/v2\/types\/post"}],"author":[{"embeddable":true,"href":"https:\/\/l21.mx\/index.php?rest_route=\/wp\/v2\/users\/100"}],"replies":[{"embeddable":true,"href":"https:\/\/l21.mx\/index.php?rest_route=%2Fwp%2Fv2%2Fcomments&post=60737"}],"version-history":[{"count":0,"href":"https:\/\/l21.mx\/index.php?rest_route=\/wp\/v2\/posts\/60737\/revisions"}],"wp:featuredmedia":[{"embeddable":true,"href":"https:\/\/l21.mx\/index.php?rest_route=\/wp\/v2\/media\/60738"}],"wp:attachment":[{"href":"https:\/\/l21.mx\/index.php?rest_route=%2Fwp%2Fv2%2Fmedia&parent=60737"}],"wp:term":[{"taxonomy":"category","embeddable":true,"href":"https:\/\/l21.mx\/index.php?rest_route=%2Fwp%2Fv2%2Fcategories&post=60737"},{"taxonomy":"post_tag","embeddable":true,"href":"https:\/\/l21.mx\/index.php?rest_route=%2Fwp%2Fv2%2Ftags&post=60737"}],"curies":[{"name":"wp","href":"https:\/\/api.w.org\/{rel}","templated":true}]}}