{"id":60759,"date":"2023-08-24T23:10:47","date_gmt":"2023-08-25T04:10:47","guid":{"rendered":"https:\/\/l21.mx\/?p=60759"},"modified":"2023-08-24T23:10:47","modified_gmt":"2023-08-25T04:10:47","slug":"quintanarroense-conquista-medalla-en-el-campeonato-centroamericano-u11-y-u13-de-tenis-de-mesa","status":"publish","type":"post","link":"https:\/\/l21.mx\/?p=60759","title":{"rendered":"Quintanarroense conquista medalla en el Campeonato Centroamericano U11 y U13 de tenis de mesa"},"content":{"rendered":"<p>&nbsp;<\/p>\n<p>&#8211; \u00c1lvaro Maga\u00f1a logr\u00f3 una presea de plata para M\u00e9xico en la categor\u00eda Por Equipos varonil, haciendo mancuerna con el guerrerense Eder \u00c1lvarez<\/p>\n<p><a href=\"https:\/\/l21.mx\/wp-content\/uploads\/2023\/08\/WhatsApp-Image-2023-08-24-at-16.14.32-1.jpeg\" data-rel=\"penci-gallery-image-content\" ><img fetchpriority=\"high\" decoding=\"async\" class=\"alignnone size-medium wp-image-60760\" src=\"https:\/\/l21.mx\/wp-content\/uploads\/2023\/08\/WhatsApp-Image-2023-08-24-at-16.14.32-1-300x200.jpeg\" alt=\"\" width=\"300\" height=\"200\" srcset=\"https:\/\/l21.mx\/wp-content\/uploads\/2023\/08\/WhatsApp-Image-2023-08-24-at-16.14.32-1-300x200.jpeg 300w, https:\/\/l21.mx\/wp-content\/uploads\/2023\/08\/WhatsApp-Image-2023-08-24-at-16.14.32-1-1024x681.jpeg 1024w, https:\/\/l21.mx\/wp-content\/uploads\/2023\/08\/WhatsApp-Image-2023-08-24-at-16.14.32-1-768x511.jpeg 768w, https:\/\/l21.mx\/wp-content\/uploads\/2023\/08\/WhatsApp-Image-2023-08-24-at-16.14.32-1-1536x1021.jpeg 1536w, https:\/\/l21.mx\/wp-content\/uploads\/2023\/08\/WhatsApp-Image-2023-08-24-at-16.14.32-1-1200x798.jpeg 1200w, https:\/\/l21.mx\/wp-content\/uploads\/2023\/08\/WhatsApp-Image-2023-08-24-at-16.14.32-1-1170x778.jpeg 1170w, https:\/\/l21.mx\/wp-content\/uploads\/2023\/08\/WhatsApp-Image-2023-08-24-at-16.14.32-1-585x389.jpeg 585w, https:\/\/l21.mx\/wp-content\/uploads\/2023\/08\/WhatsApp-Image-2023-08-24-at-16.14.32-1-263x175.jpeg 263w, https:\/\/l21.mx\/wp-content\/uploads\/2023\/08\/WhatsApp-Image-2023-08-24-at-16.14.32-1.jpeg 1600w\" sizes=\"(max-width: 300px) 100vw, 300px\" \/><\/a><\/p>\n<p>El atleta quintanarroense \u00c1lvaro Manuel Maga\u00f1a Lemus y el guerrerense Eder \u00c1lvarez, se entendieron a la perfecci\u00f3n y juntos conquistaron una medalla de plata, durante su participaci\u00f3n en la prueba Por Equipos del Campeonato Centroamericano U11 y U13 de tenis de mesa, mismo que se disput\u00f3 en el Gimnasio No. 1 de la Villa Ol\u00edmpica en Tegucigalpa, Honduras.<\/p>\n<p>El joven atleta quintanarroense viaj\u00f3 a este compromiso internacional con el respaldo y apoyo del Gobierno de Quintana Roo, a trav\u00e9s de la Comisi\u00f3n para la Juventud y el Deporte (COJUDEQ), reafirmando el compromiso de impulsar a las y los deportistas de la entidad, tal como lo estipula el Nuevo Acuerdo por el Bienestar y Desarrollo, promovido por la gobernadora Mara Lezama Espinosa.<\/p>\n<p>La dupla mexicana, en donde entr\u00f3 en acci\u00f3n el quintanarroense, tuvo un torneo brillante al llegar en calidad de invicto a la final de la categor\u00eda U13 varonil Por Equipos y ya en el duelo por el oro, los mexicanos terminaron cayendo ante el conjunto de Guatemala A, con marcador de 3-2.<\/p>\n<p><a href=\"https:\/\/l21.mx\/wp-content\/uploads\/2023\/08\/WhatsApp-Image-2023-08-24-at-16.14.33.jpeg\" data-rel=\"penci-gallery-image-content\" ><img decoding=\"async\" class=\"alignnone size-medium wp-image-60763\" src=\"https:\/\/l21.mx\/wp-content\/uploads\/2023\/08\/WhatsApp-Image-2023-08-24-at-16.14.33-300x135.jpeg\" alt=\"\" width=\"300\" height=\"135\" srcset=\"https:\/\/l21.mx\/wp-content\/uploads\/2023\/08\/WhatsApp-Image-2023-08-24-at-16.14.33-300x135.jpeg 300w, https:\/\/l21.mx\/wp-content\/uploads\/2023\/08\/WhatsApp-Image-2023-08-24-at-16.14.33-1024x461.jpeg 1024w, https:\/\/l21.mx\/wp-content\/uploads\/2023\/08\/WhatsApp-Image-2023-08-24-at-16.14.33-768x346.jpeg 768w, https:\/\/l21.mx\/wp-content\/uploads\/2023\/08\/WhatsApp-Image-2023-08-24-at-16.14.33-1200x540.jpeg 1200w, https:\/\/l21.mx\/wp-content\/uploads\/2023\/08\/WhatsApp-Image-2023-08-24-at-16.14.33-1170x527.jpeg 1170w, https:\/\/l21.mx\/wp-content\/uploads\/2023\/08\/WhatsApp-Image-2023-08-24-at-16.14.33-585x263.jpeg 585w, https:\/\/l21.mx\/wp-content\/uploads\/2023\/08\/WhatsApp-Image-2023-08-24-at-16.14.33.jpeg 1280w\" sizes=\"(max-width: 300px) 100vw, 300px\" \/><\/a><\/p>\n<p>\u00abEstamos convecidos que Quinatana Roo tiene deportistas de calidad y por eso felicit\u00f3 a \u00c1lvaro (Maga\u00f1a), por esa entrega y dedicaci\u00f3n, que hoy se ve reflejado en una medalla de plata, para nosotros un un gran orgullo para todo el estado\u00bb, coment\u00f3 Eric Arcila Arjona, presidente de la COJUDEQ.<\/p>\n<p>Maga\u00f1a y \u00c1lvarez iniciaron su participaci\u00f3n primero venciendo 3-0 a Honduras B; posteriormente, superaron 3-0 a Guatemala B; y cerraron la clasificacion derrotando 3-2 a Panam\u00e1.<\/p>\n<p><a href=\"https:\/\/l21.mx\/wp-content\/uploads\/2023\/08\/WhatsApp-Image-2023-08-24-at-16.14.32.jpeg\" data-rel=\"penci-gallery-image-content\" ><img decoding=\"async\" class=\"alignnone size-medium wp-image-60761\" src=\"https:\/\/l21.mx\/wp-content\/uploads\/2023\/08\/WhatsApp-Image-2023-08-24-at-16.14.32-200x300.jpeg\" alt=\"\" width=\"200\" height=\"300\" srcset=\"https:\/\/l21.mx\/wp-content\/uploads\/2023\/08\/WhatsApp-Image-2023-08-24-at-16.14.32-200x300.jpeg 200w, https:\/\/l21.mx\/wp-content\/uploads\/2023\/08\/WhatsApp-Image-2023-08-24-at-16.14.32-683x1024.jpeg 683w, https:\/\/l21.mx\/wp-content\/uploads\/2023\/08\/WhatsApp-Image-2023-08-24-at-16.14.32-768x1152.jpeg 768w, https:\/\/l21.mx\/wp-content\/uploads\/2023\/08\/WhatsApp-Image-2023-08-24-at-16.14.32-1024x1536.jpeg 1024w, https:\/\/l21.mx\/wp-content\/uploads\/2023\/08\/WhatsApp-Image-2023-08-24-at-16.14.32-600x900.jpeg 600w, https:\/\/l21.mx\/wp-content\/uploads\/2023\/08\/WhatsApp-Image-2023-08-24-at-16.14.32-585x878.jpeg 585w, https:\/\/l21.mx\/wp-content\/uploads\/2023\/08\/WhatsApp-Image-2023-08-24-at-16.14.32.jpeg 1066w\" sizes=\"(max-width: 200px) 100vw, 200px\" \/><\/a><\/p>\n<p>Ya en la instancia de semifinales, no tuvieron complicaciones para vencer 3-0 a la dupla de Honduras A.<\/p>\n<p>Cabe mencionar que el quintanarroense \u00c1lvaro Maga\u00f1a continuar\u00e1 su participaci\u00f3n en el torneo cuando participe en las pruebas de Dobles, Dobles Mixtos e Individual donde buscar\u00e1 concretar m\u00e1s medallas para M\u00e9xico.<\/p>\n","protected":false},"excerpt":{"rendered":"<p>&nbsp; &#8211; \u00c1lvaro Maga\u00f1a logr\u00f3 una presea de plata para M\u00e9xico en la categor\u00eda Por Equipos&hellip;<\/p>\n","protected":false},"author":100,"featured_media":60762,"comment_status":"closed","ping_status":"closed","sticky":false,"template":"","format":"standard","meta":{"_acf_changed":false,"_lmt_disableupdate":"","_lmt_disable":"","_mbp_gutenberg_autopost":false,"footnotes":""},"categories":[1689],"tags":[],"class_list":["post-60759","post","type-post","status-publish","format-standard","has-post-thumbnail","hentry","category-deporte-y-salud"],"acf":[],"_links":{"self":[{"href":"https:\/\/l21.mx\/index.php?rest_route=\/wp\/v2\/posts\/60759","targetHints":{"allow":["GET"]}}],"collection":[{"href":"https:\/\/l21.mx\/index.php?rest_route=\/wp\/v2\/posts"}],"about":[{"href":"https:\/\/l21.mx\/index.php?rest_route=\/wp\/v2\/types\/post"}],"author":[{"embeddable":true,"href":"https:\/\/l21.mx\/index.php?rest_route=\/wp\/v2\/users\/100"}],"replies":[{"embeddable":true,"href":"https:\/\/l21.mx\/index.php?rest_route=%2Fwp%2Fv2%2Fcomments&post=60759"}],"version-history":[{"count":0,"href":"https:\/\/l21.mx\/index.php?rest_route=\/wp\/v2\/posts\/60759\/revisions"}],"wp:featuredmedia":[{"embeddable":true,"href":"https:\/\/l21.mx\/index.php?rest_route=\/wp\/v2\/media\/60762"}],"wp:attachment":[{"href":"https:\/\/l21.mx\/index.php?rest_route=%2Fwp%2Fv2%2Fmedia&parent=60759"}],"wp:term":[{"taxonomy":"category","embeddable":true,"href":"https:\/\/l21.mx\/index.php?rest_route=%2Fwp%2Fv2%2Fcategories&post=60759"},{"taxonomy":"post_tag","embeddable":true,"href":"https:\/\/l21.mx\/index.php?rest_route=%2Fwp%2Fv2%2Ftags&post=60759"}],"curies":[{"name":"wp","href":"https:\/\/api.w.org\/{rel}","templated":true}]}}