{"id":60850,"date":"2023-08-27T16:23:06","date_gmt":"2023-08-27T21:23:06","guid":{"rendered":"https:\/\/l21.mx\/?p=60850"},"modified":"2023-08-27T16:23:06","modified_gmt":"2023-08-27T21:23:06","slug":"construyen-parque-quintana-roo-en-chetumal-para-transformar-la-capital","status":"publish","type":"post","link":"https:\/\/l21.mx\/?p=60850","title":{"rendered":"Construyen Parque Quintana Roo en Chetumal para transformar la capital"},"content":{"rendered":"<p>&nbsp;<\/p>\n<p>&#8211; En coordinaci\u00f3n entre el gobierno del estado y el gobierno de M\u00e9xico se edifica la obra que tendr\u00e1 espacios deportivos, comerciales y recreativos como: skatepark, juegos infantiles, gimnasio exterior, multicanchas deportivas, jard\u00edn etnobot\u00e1nico, ciclov\u00eda, trotapista, etc.<\/p>\n<p><a href=\"https:\/\/l21.mx\/wp-content\/uploads\/2023\/08\/WhatsApp-Image-2023-08-27-at-09.46.27.jpeg\" data-rel=\"penci-gallery-image-content\" ><img fetchpriority=\"high\" decoding=\"async\" class=\"alignnone size-medium wp-image-60853\" src=\"https:\/\/l21.mx\/wp-content\/uploads\/2023\/08\/WhatsApp-Image-2023-08-27-at-09.46.27-300x225.jpeg\" alt=\"\" width=\"300\" height=\"225\" srcset=\"https:\/\/l21.mx\/wp-content\/uploads\/2023\/08\/WhatsApp-Image-2023-08-27-at-09.46.27-300x225.jpeg 300w, https:\/\/l21.mx\/wp-content\/uploads\/2023\/08\/WhatsApp-Image-2023-08-27-at-09.46.27-1024x768.jpeg 1024w, https:\/\/l21.mx\/wp-content\/uploads\/2023\/08\/WhatsApp-Image-2023-08-27-at-09.46.27-768x576.jpeg 768w, https:\/\/l21.mx\/wp-content\/uploads\/2023\/08\/WhatsApp-Image-2023-08-27-at-09.46.27-1536x1152.jpeg 1536w, https:\/\/l21.mx\/wp-content\/uploads\/2023\/08\/WhatsApp-Image-2023-08-27-at-09.46.27-1200x900.jpeg 1200w, https:\/\/l21.mx\/wp-content\/uploads\/2023\/08\/WhatsApp-Image-2023-08-27-at-09.46.27-1170x878.jpeg 1170w, https:\/\/l21.mx\/wp-content\/uploads\/2023\/08\/WhatsApp-Image-2023-08-27-at-09.46.27-585x439.jpeg 585w, https:\/\/l21.mx\/wp-content\/uploads\/2023\/08\/WhatsApp-Image-2023-08-27-at-09.46.27.jpeg 1600w\" sizes=\"(max-width: 300px) 100vw, 300px\" \/><\/a><\/p>\n<p>Chetumal.- En el Parque Quintana Roo, Chetumal tendr\u00e1 un escaparate a la altura de la capital de un destino mundial, para que las y los habitantes del centro y sur del estado den a conocer lo que se produce y cosecha en esta tierra llena de historia, de presente y futuro, explic\u00f3 la gobernadora Mara Lezama Espinosa.<\/p>\n<p>La titular del Ejecutivo recorri\u00f3 la obra, ubicada a tan solo 400 metros de la antigua ExpoFer y muy cerca del Aeropuerto Internacional de Chetumal y de la futura estaci\u00f3n del Tren Maya, un espacio de m\u00e1s de 30 hect\u00e1reas donde se edificar\u00e1 un proyecto hist\u00f3rico que transformar\u00e1 la vida de las y los quintanarroenses con inversi\u00f3n, en una primera etapa, de alrededor de 300 millones de pesos, con espacios para el goce y disfrute de grandes y chicos.<\/p>\n<p>Acompa\u00f1ada del secretario Armando Lara De Nigris, de Desarrollo Territorial Urbano Sustentable (SEDETUS), Mara Lezama anticip\u00f3 que es un proyecto visionario que servir\u00e1 de plataforma comercial y enriquecer\u00e1 la infraestructura urbana para las y los chetumale\u00f1os, para devolverle el brillo a la capital del estado.<\/p>\n<p>\u201cSer\u00e1 un punto de reuni\u00f3n para las familias chetumale\u00f1as, hermoso, relajante, y emblem\u00e1tico, que combinar\u00e1 la modernidad con las bellezas naturales, y materializar\u00e1 la etapa de crecimiento y prosperidad que estamos construyendo con el Nuevo Acuerdo por el Bienestar y Desarrollo de Quintana Roo\u201d, asegur\u00f3 Mara Lezama.<\/p>\n<p><a href=\"https:\/\/l21.mx\/wp-content\/uploads\/2023\/08\/WhatsApp-Image-2023-08-27-at-09.46.27-1.jpeg\" data-rel=\"penci-gallery-image-content\" ><img decoding=\"async\" class=\"alignnone size-medium wp-image-60851\" src=\"https:\/\/l21.mx\/wp-content\/uploads\/2023\/08\/WhatsApp-Image-2023-08-27-at-09.46.27-1-300x165.jpeg\" alt=\"\" width=\"300\" height=\"165\" srcset=\"https:\/\/l21.mx\/wp-content\/uploads\/2023\/08\/WhatsApp-Image-2023-08-27-at-09.46.27-1-300x165.jpeg 300w, https:\/\/l21.mx\/wp-content\/uploads\/2023\/08\/WhatsApp-Image-2023-08-27-at-09.46.27-1-1024x562.jpeg 1024w, https:\/\/l21.mx\/wp-content\/uploads\/2023\/08\/WhatsApp-Image-2023-08-27-at-09.46.27-1-768x421.jpeg 768w, https:\/\/l21.mx\/wp-content\/uploads\/2023\/08\/WhatsApp-Image-2023-08-27-at-09.46.27-1-1170x647.jpeg 1170w, https:\/\/l21.mx\/wp-content\/uploads\/2023\/08\/WhatsApp-Image-2023-08-27-at-09.46.27-1-585x321.jpeg 585w, https:\/\/l21.mx\/wp-content\/uploads\/2023\/08\/WhatsApp-Image-2023-08-27-at-09.46.27-1.jpeg 1179w\" sizes=\"(max-width: 300px) 100vw, 300px\" \/><\/a><\/p>\n<p>El proyecto incluye una variedad de espacios destinados a actividades deportivas, comerciales y recreativas: Para ello, el Parque Quintana Roo se podr\u00e1 utilizar los 365 d\u00edas del a\u00f1o y no solamente el mes que dura la ExpoFer, dado que tendr\u00e1 instalaciones y espacios dise\u00f1ados para el esparcimiento y la convivencia familiar, como una arena multiusos para encuentros culturales, espect\u00e1culos y eventos inolvidables.<\/p>\n<p>Otras instalaciones ser\u00e1n un moderno skatepark, juegos infantiles, gimnasio exterior, multicanchas deportivas, jard\u00edn etnobot\u00e1nico, ciclov\u00eda, trotapista, locales comerciales, ba\u00f1os, iluminaci\u00f3n, estacionamientos perimetral y para coches el\u00e9ctricos, as\u00ed como sistemas de seguridad.<\/p>\n<p>Para la ExpFer, actividad que es parte de la identidad, de las tradiciones y costumbres chetumale\u00f1a, la Gobernadora asegur\u00f3 que el nuevo Recinto tendr\u00e1 la Expo Ganadera, Zona de Palenque, Lienzo Charro, Pista de Carreras Parejeras y una Explanada Conmemorativa que ser\u00e1 el espacio donde se unir\u00e1n recuerdos y anhelos, \u201cen el que las generaciones venideras podr\u00e1n contemplar la historia y el camino de prosperidad compartida que hemos trazado\u201d.<\/p>\n<p>El Parque Quintana Roo integrar\u00e1 la arquitectura y el paisaje para generar un espacio innovador y atractivo para la comunidad, con un enfoque en la sostenibilidad y el desarrollo social y econ\u00f3mico. Este proyecto tiene el potencial de contribuir significativamente al crecimiento y desarrollo de la regi\u00f3n.<\/p>\n<p>El titular de Ageproo, Jos\u00e9 Alberto Alonso Ovando explic\u00f3 que esta obra se espera est\u00e9 lista en 2024, en el marco del aniversario 50 del Estado.<\/p>\n","protected":false},"excerpt":{"rendered":"<p>&nbsp; &#8211; En coordinaci\u00f3n entre el gobierno del estado y el gobierno de M\u00e9xico se edifica&hellip;<\/p>\n","protected":false},"author":100,"featured_media":60852,"comment_status":"closed","ping_status":"closed","sticky":false,"template":"","format":"standard","meta":{"_acf_changed":false,"_lmt_disableupdate":"","_lmt_disable":"","_mbp_gutenberg_autopost":false,"footnotes":""},"categories":[23,1656],"tags":[],"class_list":["post-60850","post","type-post","status-publish","format-standard","has-post-thumbnail","hentry","category-noticias","category-quintana-roo"],"acf":[],"_links":{"self":[{"href":"https:\/\/l21.mx\/index.php?rest_route=\/wp\/v2\/posts\/60850","targetHints":{"allow":["GET"]}}],"collection":[{"href":"https:\/\/l21.mx\/index.php?rest_route=\/wp\/v2\/posts"}],"about":[{"href":"https:\/\/l21.mx\/index.php?rest_route=\/wp\/v2\/types\/post"}],"author":[{"embeddable":true,"href":"https:\/\/l21.mx\/index.php?rest_route=\/wp\/v2\/users\/100"}],"replies":[{"embeddable":true,"href":"https:\/\/l21.mx\/index.php?rest_route=%2Fwp%2Fv2%2Fcomments&post=60850"}],"version-history":[{"count":0,"href":"https:\/\/l21.mx\/index.php?rest_route=\/wp\/v2\/posts\/60850\/revisions"}],"wp:featuredmedia":[{"embeddable":true,"href":"https:\/\/l21.mx\/index.php?rest_route=\/wp\/v2\/media\/60852"}],"wp:attachment":[{"href":"https:\/\/l21.mx\/index.php?rest_route=%2Fwp%2Fv2%2Fmedia&parent=60850"}],"wp:term":[{"taxonomy":"category","embeddable":true,"href":"https:\/\/l21.mx\/index.php?rest_route=%2Fwp%2Fv2%2Fcategories&post=60850"},{"taxonomy":"post_tag","embeddable":true,"href":"https:\/\/l21.mx\/index.php?rest_route=%2Fwp%2Fv2%2Ftags&post=60850"}],"curies":[{"name":"wp","href":"https:\/\/api.w.org\/{rel}","templated":true}]}}