{"id":60857,"date":"2023-08-28T09:01:40","date_gmt":"2023-08-28T14:01:40","guid":{"rendered":"https:\/\/l21.mx\/?p=60857"},"modified":"2023-08-28T09:01:40","modified_gmt":"2023-08-28T14:01:40","slug":"inicio-el-nuevo-ciclo-escolar-checa-los-14-puentes-largos-programados","status":"publish","type":"post","link":"https:\/\/l21.mx\/?p=60857","title":{"rendered":"Inici\u00f3 el nuevo ciclo escolar; checa los 14 puentes largos programados"},"content":{"rendered":"<p>&nbsp;<\/p>\n<p>M\u00e1s de 24 millones de estudiantes de educaci\u00f3n b\u00e1sica y otros 5 millones de educaci\u00f3n media superior regresaron a clases en todo M\u00e9xico, en medio de pol\u00e9mica por los nuevos libros de texto gratuito.<\/p>\n<p>La Secretar\u00eda de Educaci\u00f3n P\u00fablica (SEP)\u00a0dio a conocer anticipadamente el nuevo calendario de clases en el que especifica cu\u00e1ntos y cu\u00e1les ser\u00e1n los d\u00edas de descanso que habr\u00e1 en el pr\u00f3ximo curso.<\/p>\n<p>De acuerdo con la SEP, para este nuevo ciclo escolar habr\u00e1\u00a0<strong>190 d\u00edas de actividades\u00a0<\/strong>y un total de\u00a0<strong>14 puentes largos<\/strong>\u00a0para los estudiantes de preescolar, primaria y secundaria, entre d\u00edas festivos, Consejo T\u00e9cnico Escolar y d\u00edas de descarga administrativa.<\/p>\n<p>El\u00a0<strong>ciclo escolar 2023-2024 arranc\u00f3\u00a0hoy lunes 28 de agosto de 2023<\/strong>\u00a0y de acuerdo con el calendario de la SEP consta de 190 d\u00edas de actividades, por lo que\u00a0<strong>concluir\u00e1 el martes 16 de julio de 2024.<\/strong><\/p>\n<p>&nbsp;<\/p>\n<p>Adem\u00e1s, los estudiantes de educaci\u00f3n b\u00e1sica contar\u00e1n con otros d\u00edas de descanso entre semana, aunque no ser\u00e1n puentes.<\/p>\n<h2>\u00bfCu\u00e1les son los puentes en el calendario de la SEP 2023-2024?<\/h2>\n<p>Los\u00a0<strong>14\u00a0puentes para el ciclo escolar 2023-2024<\/strong>\u00a0para estudiantes de preescolar, primaria y secundaria ya est\u00e1n estipulados en el calendario de la SEP y\u00a0<strong>el primero arrancar\u00e1 en septiembre<\/strong>.<\/p>\n<ul>\n<li><strong>Viernes 29 de septiembre de 2023<\/strong>\u00a0&#8211; Consejo T\u00e9cnico Escolar<\/li>\n<li>Viernes 27 de octubre de 2023 &#8211; Consejo T\u00e9cnico Escolar<\/li>\n<li>Viernes 17 de noviembre de 2023 &#8211; Descarga administrativa<\/li>\n<li>Lunes 20 de noviembre de 2023 &#8211; Conmemoraci\u00f3n de la Revoluci\u00f3n Mexicana<\/li>\n<li>Viernes 24 de noviembre de 2023 &#8211; Consejo T\u00e9cnico Escolar<\/li>\n<li>Viernes 26 de enero de 2024 &#8211; Consejo T\u00e9cnico Escolar<\/li>\n<li>Lunes 5 de febrero de 2024 &#8211; D\u00eda de la Constituci\u00f3n<\/li>\n<li>Viernes 23 de febrero de 2024 &#8211; Consejo T\u00e9cnico Escolar<\/li>\n<li>Viernes 15 de marzo de 2024 &#8211; Descarga administrativa<\/li>\n<li>Lunes 18 de marzo de 2024 &#8211; Por natalicio de Benito Ju\u00e1rez<\/li>\n<li>Viernes 26 de abril de 2024 &#8211; Consejo T\u00e9cnico Escolar<\/li>\n<li>Viernes 31 de mayo de 2024 &#8211; Consejo T\u00e9cnico Escolar<\/li>\n<li>Viernes 28 de junio de 2024 &#8211; Consejo T\u00e9cnico Escolar<\/li>\n<li>Viernes 12 de julio de 2024 &#8211; Descarga administrativa<\/li>\n<\/ul>\n<h2>Otros d\u00edas de descanso en calendario de la SEP 2023-2024<\/h2>\n<p>Los\u00a0<strong>otros d\u00edas de descanso de los que gozar\u00e1n\u00a0<\/strong>los alumnos de educaci\u00f3n b\u00e1sica en el ciclo escolar 2023-2024 y que no son puentes son:<\/p>\n<ul>\n<li>Jueves 2 de noviembre de 2023 &#8211; D\u00eda de Muertos<\/li>\n<li>Mi\u00e9rcoles 1 de mayo de 2024 &#8211; D\u00eda del Trabajo<\/li>\n<li>Mi\u00e9rcoles 15 de mayo de 2024 &#8211; D\u00eda del Maestro<\/li>\n<\/ul>\n<h2><\/h2>\n<p>&nbsp;<\/p>\n","protected":false},"excerpt":{"rendered":"<p>&nbsp; M\u00e1s de 24 millones de estudiantes de educaci\u00f3n b\u00e1sica y otros 5 millones de educaci\u00f3n&hellip;<\/p>\n","protected":false},"author":100,"featured_media":60859,"comment_status":"closed","ping_status":"closed","sticky":false,"template":"","format":"standard","meta":{"_acf_changed":false,"_lmt_disableupdate":"","_lmt_disable":"","_mbp_gutenberg_autopost":false,"footnotes":""},"categories":[23],"tags":[],"class_list":["post-60857","post","type-post","status-publish","format-standard","has-post-thumbnail","hentry","category-noticias"],"acf":[],"_links":{"self":[{"href":"https:\/\/l21.mx\/index.php?rest_route=\/wp\/v2\/posts\/60857","targetHints":{"allow":["GET"]}}],"collection":[{"href":"https:\/\/l21.mx\/index.php?rest_route=\/wp\/v2\/posts"}],"about":[{"href":"https:\/\/l21.mx\/index.php?rest_route=\/wp\/v2\/types\/post"}],"author":[{"embeddable":true,"href":"https:\/\/l21.mx\/index.php?rest_route=\/wp\/v2\/users\/100"}],"replies":[{"embeddable":true,"href":"https:\/\/l21.mx\/index.php?rest_route=%2Fwp%2Fv2%2Fcomments&post=60857"}],"version-history":[{"count":0,"href":"https:\/\/l21.mx\/index.php?rest_route=\/wp\/v2\/posts\/60857\/revisions"}],"wp:featuredmedia":[{"embeddable":true,"href":"https:\/\/l21.mx\/index.php?rest_route=\/wp\/v2\/media\/60859"}],"wp:attachment":[{"href":"https:\/\/l21.mx\/index.php?rest_route=%2Fwp%2Fv2%2Fmedia&parent=60857"}],"wp:term":[{"taxonomy":"category","embeddable":true,"href":"https:\/\/l21.mx\/index.php?rest_route=%2Fwp%2Fv2%2Fcategories&post=60857"},{"taxonomy":"post_tag","embeddable":true,"href":"https:\/\/l21.mx\/index.php?rest_route=%2Fwp%2Fv2%2Ftags&post=60857"}],"curies":[{"name":"wp","href":"https:\/\/api.w.org\/{rel}","templated":true}]}}