{"id":60890,"date":"2023-08-28T19:16:02","date_gmt":"2023-08-29T00:16:02","guid":{"rendered":"https:\/\/l21.mx\/?p=60890"},"modified":"2023-08-28T19:16:02","modified_gmt":"2023-08-29T00:16:02","slug":"concluye-temporada-vacacional-de-verano-2023","status":"publish","type":"post","link":"https:\/\/l21.mx\/?p=60890","title":{"rendered":"Concluye temporada vacacional de verano 2023"},"content":{"rendered":"<p>&nbsp;<\/p>\n<p>\u2022 El operativo de seguridad conjunto entre los tres \u00f3rdenes de gobierno rindi\u00f3 buenos resultados para la protecci\u00f3n de habitantes, visitantes y turistas<\/p>\n<p><a href=\"https:\/\/l21.mx\/wp-content\/uploads\/2023\/08\/operativo-vacaciones-playas-2.jpeg\" data-rel=\"penci-gallery-image-content\" ><img fetchpriority=\"high\" decoding=\"async\" class=\"alignnone size-medium wp-image-60892\" src=\"https:\/\/l21.mx\/wp-content\/uploads\/2023\/08\/operativo-vacaciones-playas-2-300x225.jpeg\" alt=\"\" width=\"300\" height=\"225\" srcset=\"https:\/\/l21.mx\/wp-content\/uploads\/2023\/08\/operativo-vacaciones-playas-2-300x225.jpeg 300w, https:\/\/l21.mx\/wp-content\/uploads\/2023\/08\/operativo-vacaciones-playas-2-768x576.jpeg 768w, https:\/\/l21.mx\/wp-content\/uploads\/2023\/08\/operativo-vacaciones-playas-2-585x439.jpeg 585w, https:\/\/l21.mx\/wp-content\/uploads\/2023\/08\/operativo-vacaciones-playas-2.jpeg 1024w\" sizes=\"(max-width: 300px) 100vw, 300px\" \/><\/a><\/p>\n<p>Playa del Carmen, Solidaridad, 28 de agosto del 2023.- Lleg\u00f3 a su fin la temporada vacacional de verano en este destino, uno de los m\u00e1s visitados por nacionales y extranjeros, donde el gobierno que encabeza Lili Campos despleg\u00f3 un fuerte operativo de vigilancia y seguridad, tanto en la zona tur\u00edstica y como en las colonias, en coordinaci\u00f3n con los tres \u00f3rdenes de gobierno.<\/p>\n<p>Tras la ceremonia de regreso a clases de miles de estudiantes de los diversos niveles educativos, el secretario de Protecci\u00f3n Civil, Prevenci\u00f3n de Riesgos y Bombero, Jorge Oropeza, manifest\u00f3 que desde el 24 de julio a 27 de agosto dicha secretar\u00eda realiz\u00f3 158 atenciones a la ciudadan\u00eda, as\u00ed como a los miles de turistas que visitaron este destino. \u201cAdem\u00e1s, es importante mencionar que en la playa durante la temporada de verano se tuvo una afluencia de 384 mil 040 visitantes\u201d.<\/p>\n<p>El secretario de Protecci\u00f3n Civil dijo que en este operativo participaron 21 guardavidas, elementos de la Marina, y se instalaron tres puestos de atenci\u00f3n en Playa Fundadores, Playa Mamita\u2019s y la playa de Punta Esmeralda.<\/p>\n<p>Durante esta temporada vacacional, la Secretar\u00eda de Seguridad P\u00fablica y Tr\u00e1nsito Municipal reforz\u00f3 las labores de vigilancia y prevenci\u00f3n, la Polic\u00eda Tur\u00edstica mantuvo los operativos de proximidad en toda la Quinta y D\u00e9cima avenidas, as\u00ed como en la zona de playas donde se registraron detenidos por faltas administrativas y por delitos como portaci\u00f3n de narc\u00f3ticos.<\/p>\n<p>Para brindar seguridad tambi\u00e9n a los habitantes de este municipio, la Polic\u00eda Preventiva atendi\u00f3 todos los reportes de auxilio y reforz\u00f3 la vigilancia en colonias, fraccionamientos y los cuatro puntos de acceso a la ciudad para prevenir el ingreso y transporte de art\u00edculos y sustancias ilegales, as\u00ed como la detecci\u00f3n de veh\u00edculos con reporte de robo.<\/p>\n<p>Por su parte, el GEAVIG y la Direcci\u00f3n de Participaci\u00f3n Ciudadana y Cultura de Paz reforzaron los diversos sectores con presencia pedestre y en cuatrimotos en plazas, zonas comerciales y bancos, para evitar robos y extorsiones, as\u00ed como dar atenci\u00f3n pronta y oportuna a la poblaci\u00f3n, mientras que la Direcci\u00f3n de Tr\u00e1nsito Municipal despleg\u00f3 un operativo especial de control vial y concientizaci\u00f3n en diversos puntos de la ciudad, principalmente en la Avenida 10.<\/p>\n","protected":false},"excerpt":{"rendered":"<p>&nbsp; \u2022 El operativo de seguridad conjunto entre los tres \u00f3rdenes de gobierno rindi\u00f3 buenos resultados&hellip;<\/p>\n","protected":false},"author":100,"featured_media":60891,"comment_status":"closed","ping_status":"closed","sticky":false,"template":"","format":"standard","meta":{"_acf_changed":false,"_lmt_disableupdate":"","_lmt_disable":"","_mbp_gutenberg_autopost":false,"footnotes":""},"categories":[23,1654],"tags":[],"class_list":["post-60890","post","type-post","status-publish","format-standard","has-post-thumbnail","hentry","category-noticias","category-solidaridad"],"acf":[],"_links":{"self":[{"href":"https:\/\/l21.mx\/index.php?rest_route=\/wp\/v2\/posts\/60890","targetHints":{"allow":["GET"]}}],"collection":[{"href":"https:\/\/l21.mx\/index.php?rest_route=\/wp\/v2\/posts"}],"about":[{"href":"https:\/\/l21.mx\/index.php?rest_route=\/wp\/v2\/types\/post"}],"author":[{"embeddable":true,"href":"https:\/\/l21.mx\/index.php?rest_route=\/wp\/v2\/users\/100"}],"replies":[{"embeddable":true,"href":"https:\/\/l21.mx\/index.php?rest_route=%2Fwp%2Fv2%2Fcomments&post=60890"}],"version-history":[{"count":0,"href":"https:\/\/l21.mx\/index.php?rest_route=\/wp\/v2\/posts\/60890\/revisions"}],"wp:featuredmedia":[{"embeddable":true,"href":"https:\/\/l21.mx\/index.php?rest_route=\/wp\/v2\/media\/60891"}],"wp:attachment":[{"href":"https:\/\/l21.mx\/index.php?rest_route=%2Fwp%2Fv2%2Fmedia&parent=60890"}],"wp:term":[{"taxonomy":"category","embeddable":true,"href":"https:\/\/l21.mx\/index.php?rest_route=%2Fwp%2Fv2%2Fcategories&post=60890"},{"taxonomy":"post_tag","embeddable":true,"href":"https:\/\/l21.mx\/index.php?rest_route=%2Fwp%2Fv2%2Ftags&post=60890"}],"curies":[{"name":"wp","href":"https:\/\/api.w.org\/{rel}","templated":true}]}}