{"id":60942,"date":"2023-08-30T19:09:37","date_gmt":"2023-08-31T00:09:37","guid":{"rendered":"https:\/\/l21.mx\/?p=60942"},"modified":"2023-08-30T19:09:37","modified_gmt":"2023-08-31T00:09:37","slug":"con-caravanas-de-salud-llevan-atencion-gratuita-a-poblacion-vulnerable-de-isla-mujeres","status":"publish","type":"post","link":"https:\/\/l21.mx\/?p=60942","title":{"rendered":"Con Caravanas de Salud llevan atenci\u00f3n gratuita a poblaci\u00f3n vulnerable de Isla Mujeres"},"content":{"rendered":"<p>&nbsp;<\/p>\n<p>-Ciudadanos de comunidades apartadas y vulnerables que antes no tuvieron acceso a servicios de atenci\u00f3n m\u00e9dica, reciben atenci\u00f3n integral y medicamentos<\/p>\n<p><a href=\"https:\/\/l21.mx\/wp-content\/uploads\/2023\/08\/WhatsApp-Image-2023-08-30-at-17.52.04.jpeg\" data-rel=\"penci-gallery-image-content\" ><img fetchpriority=\"high\" decoding=\"async\" class=\"alignnone size-medium wp-image-60944\" src=\"https:\/\/l21.mx\/wp-content\/uploads\/2023\/08\/WhatsApp-Image-2023-08-30-at-17.52.04-300x200.jpeg\" alt=\"\" width=\"300\" height=\"200\" srcset=\"https:\/\/l21.mx\/wp-content\/uploads\/2023\/08\/WhatsApp-Image-2023-08-30-at-17.52.04-300x200.jpeg 300w, https:\/\/l21.mx\/wp-content\/uploads\/2023\/08\/WhatsApp-Image-2023-08-30-at-17.52.04-1024x682.jpeg 1024w, https:\/\/l21.mx\/wp-content\/uploads\/2023\/08\/WhatsApp-Image-2023-08-30-at-17.52.04-768x512.jpeg 768w, https:\/\/l21.mx\/wp-content\/uploads\/2023\/08\/WhatsApp-Image-2023-08-30-at-17.52.04-1536x1023.jpeg 1536w, https:\/\/l21.mx\/wp-content\/uploads\/2023\/08\/WhatsApp-Image-2023-08-30-at-17.52.04-1200x800.jpeg 1200w, https:\/\/l21.mx\/wp-content\/uploads\/2023\/08\/WhatsApp-Image-2023-08-30-at-17.52.04-1170x780.jpeg 1170w, https:\/\/l21.mx\/wp-content\/uploads\/2023\/08\/WhatsApp-Image-2023-08-30-at-17.52.04-585x390.jpeg 585w, https:\/\/l21.mx\/wp-content\/uploads\/2023\/08\/WhatsApp-Image-2023-08-30-at-17.52.04-263x175.jpeg 263w, https:\/\/l21.mx\/wp-content\/uploads\/2023\/08\/WhatsApp-Image-2023-08-30-at-17.52.04.jpeg 1600w\" sizes=\"(max-width: 300px) 100vw, 300px\" \/><\/a><\/p>\n<p>Isla Mujeres.- La gobernadora Mara Lezama Espinosa recorri\u00f3 la Caravana de Salud que se instal\u00f3 en este municipio, escuch\u00f3 y atendi\u00f3 a quienes acudieron a recibir atenci\u00f3n m\u00e9dica, a realizarse ex\u00e1menes o bien a utilizar alguno de los servicios que son completamente gratuitos.<\/p>\n<p>En territorio, en la zona continental de Isla Mujeres, la gobernadora de Quintana Roo, destac\u00f3 que, adem\u00e1s de llevar atenciones en materia de salud, la Caravana lleva justicia social a quienes menos tienen, proporcion\u00e1ndoles un servicio que les fue negado en a\u00f1os anteriores al no tener acceso a ning\u00fan sistema de salud.<\/p>\n<p>\u201cEsto refleja el sentido del Nuevo Acuerdo por el Bienestar y Desarrollo de Quintana Roo, de sumarnos todas y todos para generar prosperidad compartida, sin que nadie se quede fuera y sin que nadie se quede atr\u00e1s\u201d expres\u00f3 Mara Lezama al conversar con la gente en territorio.<\/p>\n<p>En las Caravanas de Salud las personas reciben consultas m\u00e9dicas integrales, acceden a laboratorio para pruebas cl\u00ednicas de qu\u00edmica sangu\u00ednea; mastograf\u00eda y ultrasonidos p\u00e9lvicos-obst\u00e9tricos; rayos x, electrocardiogramas, atenci\u00f3n dental, salud visual y del o\u00eddo, entre otros.<\/p>\n<p><a href=\"https:\/\/l21.mx\/wp-content\/uploads\/2023\/08\/WhatsApp-Image-2023-08-30-at-17.52.05.jpeg\" data-rel=\"penci-gallery-image-content\" ><img decoding=\"async\" class=\"alignnone size-medium wp-image-60943\" src=\"https:\/\/l21.mx\/wp-content\/uploads\/2023\/08\/WhatsApp-Image-2023-08-30-at-17.52.05-300x200.jpeg\" alt=\"\" width=\"300\" height=\"200\" srcset=\"https:\/\/l21.mx\/wp-content\/uploads\/2023\/08\/WhatsApp-Image-2023-08-30-at-17.52.05-300x200.jpeg 300w, https:\/\/l21.mx\/wp-content\/uploads\/2023\/08\/WhatsApp-Image-2023-08-30-at-17.52.05-1024x682.jpeg 1024w, https:\/\/l21.mx\/wp-content\/uploads\/2023\/08\/WhatsApp-Image-2023-08-30-at-17.52.05-768x512.jpeg 768w, https:\/\/l21.mx\/wp-content\/uploads\/2023\/08\/WhatsApp-Image-2023-08-30-at-17.52.05-1536x1023.jpeg 1536w, https:\/\/l21.mx\/wp-content\/uploads\/2023\/08\/WhatsApp-Image-2023-08-30-at-17.52.05-1200x800.jpeg 1200w, https:\/\/l21.mx\/wp-content\/uploads\/2023\/08\/WhatsApp-Image-2023-08-30-at-17.52.05-1170x780.jpeg 1170w, https:\/\/l21.mx\/wp-content\/uploads\/2023\/08\/WhatsApp-Image-2023-08-30-at-17.52.05-585x390.jpeg 585w, https:\/\/l21.mx\/wp-content\/uploads\/2023\/08\/WhatsApp-Image-2023-08-30-at-17.52.05-263x175.jpeg 263w, https:\/\/l21.mx\/wp-content\/uploads\/2023\/08\/WhatsApp-Image-2023-08-30-at-17.52.05.jpeg 1600w\" sizes=\"(max-width: 300px) 100vw, 300px\" \/><\/a><\/p>\n<p>Adem\u00e1s, se les lleva farmacia para dotar a quienes lo requieran de una variedad de medicamentos de un cat\u00e1logo de 210 que cubren 95 enfermedades.<\/p>\n<p>Para dar atenci\u00f3n integral, se ofrece orientaci\u00f3n y asesor\u00eda nutricional, atenci\u00f3n psicol\u00f3gica, apoyo a personas v\u00edctimas de violencia, particularmente mujeres, ni\u00f1as, ni\u00f1os y adolescentes; hasta traslado en ambulancia.<\/p>\n<p>La gobernadora Mara Lezama estuvo acompa\u00f1ada de la presidenta municipal Atenea G\u00f3mez Ricalde y del secretario de Salud, Carlos Flavio Rosado.<\/p>\n","protected":false},"excerpt":{"rendered":"<p>&nbsp; -Ciudadanos de comunidades apartadas y vulnerables que antes no tuvieron acceso a servicios de atenci\u00f3n&hellip;<\/p>\n","protected":false},"author":100,"featured_media":60945,"comment_status":"closed","ping_status":"closed","sticky":false,"template":"","format":"standard","meta":{"_acf_changed":false,"_lmt_disableupdate":"","_lmt_disable":"","_mbp_gutenberg_autopost":false,"footnotes":""},"categories":[23,1656],"tags":[],"class_list":["post-60942","post","type-post","status-publish","format-standard","has-post-thumbnail","hentry","category-noticias","category-quintana-roo"],"acf":[],"_links":{"self":[{"href":"https:\/\/l21.mx\/index.php?rest_route=\/wp\/v2\/posts\/60942","targetHints":{"allow":["GET"]}}],"collection":[{"href":"https:\/\/l21.mx\/index.php?rest_route=\/wp\/v2\/posts"}],"about":[{"href":"https:\/\/l21.mx\/index.php?rest_route=\/wp\/v2\/types\/post"}],"author":[{"embeddable":true,"href":"https:\/\/l21.mx\/index.php?rest_route=\/wp\/v2\/users\/100"}],"replies":[{"embeddable":true,"href":"https:\/\/l21.mx\/index.php?rest_route=%2Fwp%2Fv2%2Fcomments&post=60942"}],"version-history":[{"count":0,"href":"https:\/\/l21.mx\/index.php?rest_route=\/wp\/v2\/posts\/60942\/revisions"}],"wp:featuredmedia":[{"embeddable":true,"href":"https:\/\/l21.mx\/index.php?rest_route=\/wp\/v2\/media\/60945"}],"wp:attachment":[{"href":"https:\/\/l21.mx\/index.php?rest_route=%2Fwp%2Fv2%2Fmedia&parent=60942"}],"wp:term":[{"taxonomy":"category","embeddable":true,"href":"https:\/\/l21.mx\/index.php?rest_route=%2Fwp%2Fv2%2Fcategories&post=60942"},{"taxonomy":"post_tag","embeddable":true,"href":"https:\/\/l21.mx\/index.php?rest_route=%2Fwp%2Fv2%2Ftags&post=60942"}],"curies":[{"name":"wp","href":"https:\/\/api.w.org\/{rel}","templated":true}]}}