{"id":60949,"date":"2023-08-30T19:12:37","date_gmt":"2023-08-31T00:12:37","guid":{"rendered":"https:\/\/l21.mx\/?p=60949"},"modified":"2023-08-30T19:12:37","modified_gmt":"2023-08-31T00:12:37","slug":"anuncia-cojudeq-la-implementacion-de-cuatro-escuelas-tecnico-deportivas-en-cancun","status":"publish","type":"post","link":"https:\/\/l21.mx\/?p=60949","title":{"rendered":"Anuncia COJUDEQ la implementaci\u00f3n de cuatro Escuelas T\u00e9cnico-Deportivas en Canc\u00fan"},"content":{"rendered":"<p>&nbsp;<\/p>\n<p>&#8211; Se trabaja en conjunto con el Ayuntamiento a trav\u00e9s del Instituto del Deporte<\/p>\n<p><a href=\"https:\/\/l21.mx\/wp-content\/uploads\/2023\/08\/WhatsApp-Image-2023-08-30-at-18.41.53.jpeg\" data-rel=\"penci-gallery-image-content\" ><img fetchpriority=\"high\" decoding=\"async\" class=\"alignnone size-medium wp-image-60952\" src=\"https:\/\/l21.mx\/wp-content\/uploads\/2023\/08\/WhatsApp-Image-2023-08-30-at-18.41.53-300x200.jpeg\" alt=\"\" width=\"300\" height=\"200\" srcset=\"https:\/\/l21.mx\/wp-content\/uploads\/2023\/08\/WhatsApp-Image-2023-08-30-at-18.41.53-300x200.jpeg 300w, https:\/\/l21.mx\/wp-content\/uploads\/2023\/08\/WhatsApp-Image-2023-08-30-at-18.41.53-1024x683.jpeg 1024w, https:\/\/l21.mx\/wp-content\/uploads\/2023\/08\/WhatsApp-Image-2023-08-30-at-18.41.53-768x512.jpeg 768w, https:\/\/l21.mx\/wp-content\/uploads\/2023\/08\/WhatsApp-Image-2023-08-30-at-18.41.53-1200x801.jpeg 1200w, https:\/\/l21.mx\/wp-content\/uploads\/2023\/08\/WhatsApp-Image-2023-08-30-at-18.41.53-1170x781.jpeg 1170w, https:\/\/l21.mx\/wp-content\/uploads\/2023\/08\/WhatsApp-Image-2023-08-30-at-18.41.53-585x390.jpeg 585w, https:\/\/l21.mx\/wp-content\/uploads\/2023\/08\/WhatsApp-Image-2023-08-30-at-18.41.53-263x175.jpeg 263w, https:\/\/l21.mx\/wp-content\/uploads\/2023\/08\/WhatsApp-Image-2023-08-30-at-18.41.53.jpeg 1280w\" sizes=\"(max-width: 300px) 100vw, 300px\" \/><\/a><\/p>\n<p>La Comisi\u00f3n para la Juventud y el Deporte de Quintana Roo (COJUDEQ) firm\u00f3 un convenio de colaboraci\u00f3n con el Ayuntamiento de Benito Ju\u00e1rez y el Instituto del Deporte de dicho municipio, para la implementaci\u00f3n de cuatro Escuelas T\u00e9cnico-Deportivas en la ciudad de Canc\u00fan.<\/p>\n<p>\u201cEstamos trabajando #ANivelDeCancha con todos los municipios y en Benito Ju\u00e1rez era necesario tener escuelas o academias destinadas para el desarrollo de nuestras y nuestros atletas, esto viene de la mano del Nuevo Acuerdo por el Bienestar y Desarrollo, que promueve nuestra gobernadora Mara Lezama y se basa en hacer equipo para el bien del deporte\u201d, coment\u00f3 Eric Arcila Arjona, presidente de la COJUDEQ.<\/p>\n<p>En esta firma de convenio tuvo como testigo a Ana Patricia Peralta de la Pe\u00f1a, presidenta municipal del Ayuntamiento de Benito Ju\u00e1rez y tambi\u00e9n firm\u00f3 Alejandro Luna L\u00f3pez, director general del Instituto del Deporte de Benito Ju\u00e1rez y con esto se pretender atender alrededor de 250 atletas en cuatro disciplinas.<\/p>\n<p><a href=\"https:\/\/l21.mx\/wp-content\/uploads\/2023\/08\/WhatsApp-Image-2023-08-30-at-18.41.52.jpeg\" data-rel=\"penci-gallery-image-content\" ><img decoding=\"async\" class=\"alignnone size-medium wp-image-60950\" src=\"https:\/\/l21.mx\/wp-content\/uploads\/2023\/08\/WhatsApp-Image-2023-08-30-at-18.41.52-300x216.jpeg\" alt=\"\" width=\"300\" height=\"216\" srcset=\"https:\/\/l21.mx\/wp-content\/uploads\/2023\/08\/WhatsApp-Image-2023-08-30-at-18.41.52-300x216.jpeg 300w, https:\/\/l21.mx\/wp-content\/uploads\/2023\/08\/WhatsApp-Image-2023-08-30-at-18.41.52-1024x736.jpeg 1024w, https:\/\/l21.mx\/wp-content\/uploads\/2023\/08\/WhatsApp-Image-2023-08-30-at-18.41.52-768x552.jpeg 768w, https:\/\/l21.mx\/wp-content\/uploads\/2023\/08\/WhatsApp-Image-2023-08-30-at-18.41.52-1200x863.jpeg 1200w, https:\/\/l21.mx\/wp-content\/uploads\/2023\/08\/WhatsApp-Image-2023-08-30-at-18.41.52-1170x841.jpeg 1170w, https:\/\/l21.mx\/wp-content\/uploads\/2023\/08\/WhatsApp-Image-2023-08-30-at-18.41.52-585x420.jpeg 585w, https:\/\/l21.mx\/wp-content\/uploads\/2023\/08\/WhatsApp-Image-2023-08-30-at-18.41.52.jpeg 1280w\" sizes=\"(max-width: 300px) 100vw, 300px\" \/><\/a><\/p>\n<p>\u201cCon esto buscamos tener m\u00e1s preseas, de hecho, Benito Ju\u00e1rez es el municipio que m\u00e1s medallistas aporta en los Nacionales, y sabemos que con esta estrategia aumentar\u00e1 ese n\u00famero, adem\u00e1s, nos gusta ver m\u00e1s all\u00e1, porque sabemos que el deporte es la mejor herramienta para combatir cualquier tipo de rezago social\u201d, a\u00f1adi\u00f3 Eric Arcila.<\/p>\n<p>Por su parte, Ana Patricia Peralta coment\u00f3: Tenemos que hacer equipo y trabajar por objetivos comunes y estoy muy contenta que hoy anunciamos que se concreta esta gran alianza; ser\u00e1n cuatro escuelas que estar\u00e1n en el Gimnasio \u201cKuchil Baxal\u201d, en la Unidad Deportiva de la SM 259 y en la Unidad de la SM 96, donde se trabajar\u00e1 con las disciplinas de luchas asociadas, levantamiento de pesas, tenis de mesa y esgrima.<\/p>\n","protected":false},"excerpt":{"rendered":"<p>&nbsp; &#8211; Se trabaja en conjunto con el Ayuntamiento a trav\u00e9s del Instituto del Deporte La&hellip;<\/p>\n","protected":false},"author":100,"featured_media":60951,"comment_status":"closed","ping_status":"closed","sticky":false,"template":"","format":"standard","meta":{"_acf_changed":false,"_lmt_disableupdate":"","_lmt_disable":"","_mbp_gutenberg_autopost":false,"footnotes":""},"categories":[1689],"tags":[],"class_list":["post-60949","post","type-post","status-publish","format-standard","has-post-thumbnail","hentry","category-deporte-y-salud"],"acf":[],"_links":{"self":[{"href":"https:\/\/l21.mx\/index.php?rest_route=\/wp\/v2\/posts\/60949","targetHints":{"allow":["GET"]}}],"collection":[{"href":"https:\/\/l21.mx\/index.php?rest_route=\/wp\/v2\/posts"}],"about":[{"href":"https:\/\/l21.mx\/index.php?rest_route=\/wp\/v2\/types\/post"}],"author":[{"embeddable":true,"href":"https:\/\/l21.mx\/index.php?rest_route=\/wp\/v2\/users\/100"}],"replies":[{"embeddable":true,"href":"https:\/\/l21.mx\/index.php?rest_route=%2Fwp%2Fv2%2Fcomments&post=60949"}],"version-history":[{"count":0,"href":"https:\/\/l21.mx\/index.php?rest_route=\/wp\/v2\/posts\/60949\/revisions"}],"wp:featuredmedia":[{"embeddable":true,"href":"https:\/\/l21.mx\/index.php?rest_route=\/wp\/v2\/media\/60951"}],"wp:attachment":[{"href":"https:\/\/l21.mx\/index.php?rest_route=%2Fwp%2Fv2%2Fmedia&parent=60949"}],"wp:term":[{"taxonomy":"category","embeddable":true,"href":"https:\/\/l21.mx\/index.php?rest_route=%2Fwp%2Fv2%2Fcategories&post=60949"},{"taxonomy":"post_tag","embeddable":true,"href":"https:\/\/l21.mx\/index.php?rest_route=%2Fwp%2Fv2%2Ftags&post=60949"}],"curies":[{"name":"wp","href":"https:\/\/api.w.org\/{rel}","templated":true}]}}